{"id":4829,"date":"2023-04-13T16:13:27","date_gmt":"2023-04-13T19:13:27","guid":{"rendered":"http:\/\/blogdoarmindomaia.com.br\/?p=4829"},"modified":"2023-04-13T16:13:29","modified_gmt":"2023-04-13T19:13:29","slug":"cbmm-apresenta-20a-edicao-da-copa-internacional-de-mtb-em-araxa","status":"publish","type":"post","link":"http:\/\/blogdoarmindomaia.com.br\/?p=4829","title":{"rendered":"CBMM apresenta 20\u00aa edi\u00e7\u00e3o da Copa Internacional de MTB, em Arax\u00e1"},"content":{"rendered":"\n<figure class=\"wp-block-image size-large is-style-default\"><img loading=\"lazy\" decoding=\"async\" width=\"1024\" height=\"685\" src=\"http:\/\/blogdoarmindomaia.com.br\/wp-content\/uploads\/2023\/04\/CBMM-apresenta-20a-edicao-da-Copa-Internacional-de-MTB-em-Araxa-pag-06-1024x685.jpg\" alt=\"\" class=\"wp-image-4830\" srcset=\"http:\/\/blogdoarmindomaia.com.br\/wp-content\/uploads\/2023\/04\/CBMM-apresenta-20a-edicao-da-Copa-Internacional-de-MTB-em-Araxa-pag-06-1024x685.jpg 1024w, http:\/\/blogdoarmindomaia.com.br\/wp-content\/uploads\/2023\/04\/CBMM-apresenta-20a-edicao-da-Copa-Internacional-de-MTB-em-Araxa-pag-06-300x201.jpg 300w, http:\/\/blogdoarmindomaia.com.br\/wp-content\/uploads\/2023\/04\/CBMM-apresenta-20a-edicao-da-Copa-Internacional-de-MTB-em-Araxa-pag-06-768x514.jpg 768w, http:\/\/blogdoarmindomaia.com.br\/wp-content\/uploads\/2023\/04\/CBMM-apresenta-20a-edicao-da-Copa-Internacional-de-MTB-em-Araxa-pag-06-1536x1028.jpg 1536w, http:\/\/blogdoarmindomaia.com.br\/wp-content\/uploads\/2023\/04\/CBMM-apresenta-20a-edicao-da-Copa-Internacional-de-MTB-em-Araxa-pag-06.jpg 2048w\" sizes=\"auto, (max-width: 1024px) 100vw, 1024px\" \/><\/figure>\n\n\n\n<p>A CBMM est\u00e1 com tudo pronto para receber o maior evento de mountain bike da Am\u00e9rica Latina &#8211; Copa Internacional de Mountain Bike (CIMTB), que acontece neste fim de semana (14 a 16 de abril), no Grande Hotel Termas de Arax\u00e1. E para comemorar a data especial, a Companhia preparou um grande evento para os araxaenses, que poder\u00e3o ver de perto os preparativos das equipes e estrelas do cen\u00e1rio internacional e nacional da modalidade.<\/p>\n\n\n\n<p>Os melhores ciclistas do Brasil e do mundo estar\u00e3o distribu\u00eddos em mais de 50 disputas em tr\u00eas modalidades \u2013 Cross Country Ol\u00edmpico (XCO), Short Track (XCC) e Maratona (XCM). As competi\u00e7\u00f5es acirradas e detalhes de saltos e manobras ser\u00e3o transmitidos ao vivo e em alta qualidade no tel\u00e3o de 5&#215;2,5 metros instalado no Lounge CBMM | Niobium.<\/p>\n\n\n\n<p>De acordo com o analista de Relacionamento com a Comunidade da CBMM, \u00c1lvaro Rezende, a Companhia pensou em todos os detalhes para acolher atletas e a comunidade no maior evento esportivo da regi\u00e3o. \u201cA 20\u00aa edi\u00e7\u00e3o da Copa Internacional de Mountain Bike em Arax\u00e1 \u00e9 especial para n\u00f3s, uma vez que une pilares importantes, como o incentivo ao esporte e \u00e0 cultura, em um mesmo evento. Neste cen\u00e1rio, podemos destacar tamb\u00e9m o desenvolvimento local, j\u00e1 que a Copa atrai turistas de todo o mundo&#8221;.<\/p>\n\n\n\n<p>Para o idealizador e organizador do CIMTB, Rog\u00e9rio Bernardes, \u00e9 honroso ter a CBMM como uma das principais parceiras do projeto, j\u00e1 que compartilham valores como preocupa\u00e7\u00e3o com o meio ambiente e com a comunidade local. \u201cTer a CBMM ao nosso lado nos faz projetar voos mais altos de um sonho que pode fazer muito mais por Arax\u00e1 e \u00e0s pessoas\u201d, garante Rog\u00e9rio, destacando novidades fora das pistas, que engrandecem ainda mais o evento.<\/p>\n\n\n\n<p>Uma dessas atra\u00e7\u00f5es \u00e9 o ciclista franc\u00eas Julien Absalon, que tem no curr\u00edculo dois t\u00edtulos de campe\u00e3o ol\u00edmpico; cinco mundiais, seis europeus, al\u00e9m de 33 vit\u00f3rias em Copas do Mundo. Desta vez, o renomado atleta estar\u00e1 como expectador e participar\u00e1 de sess\u00f5es de fotos e aut\u00f3grafos no stand da CBMM.<\/p>\n\n\n\n<p>Sucesso no ano passado, o stand CBMM dobrou de tamanho nesta edi\u00e7\u00e3o para melhor integra\u00e7\u00e3o e conforto dos visitantes. No centro do espa\u00e7o, uma r\u00e9plica gigante de uma r\u00e1dio estilo dial se destaca como \u00edcone visual e ponto de refer\u00eancia do local. Trata-se da R\u00e1dio CBMM, j\u00e1 conhecida pelos araxaenses e que dessa vez ser\u00e1 respons\u00e1vel por embalar a Copa Internacional com programa\u00e7\u00e3o variada de estilos musicais. Shows de bandas locais e Festival de Jazz e Blues tamb\u00e9m comp\u00f5em a trilha sonora da mais charmosa prova de mountain bike.<\/p>\n\n\n\n<p>Outra novidade \u00e9 a participa\u00e7\u00e3o in\u00e9dita do coordenador do UCI Centro Mundial de Ciclismo (WCC), Charlie Evans. Al\u00e9m de compartilhar o trabalho desenvolvido pelo programa su\u00ed\u00e7o, em palestra na quinta-feira (13\/04), Evans busca conex\u00f5es com equipes regionais para apoiar jovens talentos.<\/p>\n\n\n\n<p><strong>Programa\u00e7\u00e3o dentro e fora das pistas<\/strong><\/p>\n\n\n\n<p>Para atender as mais de 20 mil pessoas que devem assistir de perto os tr\u00eas dias de evento em Arax\u00e1, a programa\u00e7\u00e3o conta com atra\u00e7\u00f5es para todas as idades, incluindo \u00e1reas para crian\u00e7as, concurso de reda\u00e7\u00e3o e desenho e apresenta\u00e7\u00f5es da turma Kika no Cerrado. Neste ano, o evento tamb\u00e9m conta com a participa\u00e7\u00e3o do Karcocha, um artista de rua mundialmente conhecido que usa a improvisa\u00e7\u00e3o para encantar seu p\u00fablico.<\/p>\n\n\n\n<p><strong>&nbsp;<\/strong>Nas pistas, os araxaenses ter\u00e3o um motivo mais que especial para acompanhar todos os detalhes da Copa Internacional. Al\u00e9m de apoiar o esporte na cidade, a CBMM incentiva a modalidade dentro da empresa, que formou o Time Niobium com mais de 100 atletas, composto por colaboradores e seus familiares que ir\u00e3o competir em diversas categorias.<\/p>\n\n\n\n<p>Confira esses e outros detalhes na programa\u00e7\u00e3o completa:<\/p>\n\n\n\n<p><br>Quinta-feira \u2013 13\/04\/2023:<\/p>\n\n\n\n<p>17h: Congresso T\u00e9cnico presencial \u2013 XCO + XCC<\/p>\n\n\n\n<p>17h30: Palestra com Charles Evans \u2013 UCI World Cycling Center \u2013 Desenvolvimento do MTB Pan-Americano (P\u00f3dio CIMTB)<\/p>\n\n\n\n<p>18h: Congresso T\u00e9cnico para demais categorias XCO, XCC e maratona (virtual)<\/p>\n\n\n\n<p>18h30: Palestra com Ilson Jr \u2013 \u201cA hist\u00f3ria da reinven\u00e7\u00e3o da vida\u201d (P\u00f3dio CIMTB)<\/p>\n\n\n\n<p>20h: Palestra com Beto Ambrosio \u2013 \u201cF\u00e9 Latina, uma volta de bicicleta pela Am\u00e9rica Latina\u201d (P\u00f3dio CIMTB)<\/p>\n\n\n\n<p>Sexta-feira \u2013 14\/04\/2023:<\/p>\n\n\n\n<p>10h \u00e0s 16h: Treino Oficial Maratona<\/p>\n\n\n\n<p>10h \u00e0s 17h: Treino Oficial XCO<\/p>\n\n\n\n<p>13h \u00e0s 13h30: Sess\u00e3o de fotos\/aut\u00f3grafo com Julien Absalon (Stand CBMM)<\/p>\n\n\n\n<p>14h: 1\u00aa Largada XCC \u2013 Master masc. (acima de 34 anos), Cadete masc. (de 23 a 34 anos), Geral fem. (acima de 15 anos), Teen masc. (de 12 a 18 anos) e El\u00e9trica masc. (acima de 15 anos)<\/p>\n\n\n\n<p>14h \u00e0s 15h15: Apresenta\u00e7\u00e3o do artista Karcocha (Itinerante)<\/p>\n\n\n\n<p>15h30: 2\u00aa Largada XCC \u2013 Super Elite Feminina<\/p>\n\n\n\n<p>16h30: 3\u00aa Largada XCC \u2013 Super Elite Masculina<\/p>\n\n\n\n<p>17h \u00e0s 17h30: Lan\u00e7amento SRAM AXS \u2013 A Transmiss\u00e3o dos Sonhos (P\u00f3dio CIMTB)<\/p>\n\n\n\n<p>17h30: Premia\u00e7\u00e3o todas baterias XCC<\/p>\n\n\n\n<p>18h15 \u00e0s 20h30: Show com a Banda Vinith (Espa\u00e7o CBMM)<\/p>\n\n\n\n<p>S\u00e1bado \u2013 15\/04\/2023:<\/p>\n\n\n\n<p>8h \u00e0s 10h: Experi\u00eancia Balonismo, no Setor C<\/p>\n\n\n\n<p>08h20: 1\u00aa Largada XCO \u2013 E-MTB (el\u00e9tricas) \u2013 Masculina PRO, Feminina PRO e Masculina M\u00e1ster<\/p>\n\n\n\n<p>10h20: 2\u00aa Largada XCO \u2013 XCO Classe 1 \u2013 Super Elite masculina e feminina<\/p>\n\n\n\n<p>12h \u00e0s 13h15: Arte de Rua Karcocha (Itinerante)<\/p>\n\n\n\n<p>12h15: Premia\u00e7\u00e3o 1\u00aa e 2\u00aa largadas<\/p>\n\n\n\n<p>12h30 \u00e0s 17h: Treino livre XCO<\/p>\n\n\n\n<p>13h \u00e0s 14h: Show Vitor Fagundes (Espa\u00e7o CBMM)<\/p>\n\n\n\n<p>14h: 3\u00aa Largada Maratona \u2013 E-MTB Masculina, E-MTB Feminina, ULTRA, Expert, Cadete, Master, Seguran\u00e7a P\u00fablica, Veterano, Peso Pesado, PCD, Duplas, Gravel, Open Feminina, Turismo, Hand Bike<\/p>\n\n\n\n<p>14h \u00e0s 15h15: Arte de Rua Karcocha (Itinerante)<\/p>\n\n\n\n<p>14h \u00e0s 16h: Show Johnny Go! (Espa\u00e7o CBMM)<\/p>\n\n\n\n<p>16h \u00e0s 16h30: Sess\u00e3o de aut\u00f3grafos\/fotos com Julien Absalon (Espa\u00e7o CBMM)<\/p>\n\n\n\n<p>16h30 \u00e0s 17h30: Show Manga Rosa Quarteto (Palco Festival)<\/p>\n\n\n\n<p>17h30: Premia\u00e7\u00e3o 3\u00aa Largada<\/p>\n\n\n\n<p>18h \u00e0s 19h: Show Black Jack 21 (Palco Festival)<\/p>\n\n\n\n<p>19h30 \u00e0s 20h30: Show Miltons (Palco Festival)<\/p>\n\n\n\n<p>21h \u00e0s 22h: Show Jefferson Gon\u00e7alves e Bitencourt Duo convida Nanda Moura (Palco Festival)<\/p>\n\n\n\n<p>Domingo \u2013 16\/04\/2023:<\/p>\n\n\n\n<p>8h \u00e0s 10h: Experi\u00eancia Balonismo no Setor C<\/p>\n\n\n\n<p>08h: 1\u00aa Largada XCO Masculina \u2013 (Sub17, Sub15, Ultra, Sub55, Sub60, Sub65, Over65, Sub12)<\/p>\n\n\n\n<p>10h: 2\u00aa Largada XCO Masculina \u2013 (Sub30, Sub35, Sub40, Sub45 e Sub50)<\/p>\n\n\n\n<p>10h \u00e0s 10h30: Sess\u00e3o de aut\u00f3grafos\/fotos com Julien Absalon (Espa\u00e7o CBMM)<\/p>\n\n\n\n<p>10h \u00e0s 11h: Apresenta\u00e7\u00e3o Kika no Cerrado (Itinerante)<\/p>\n\n\n\n<p>10h30: Premia\u00e7\u00e3o 1\u00aa Largada<\/p>\n\n\n\n<p>11h \u00e0s 12h30: Show B\u00eaJazz convida: Uberland Street Band (Itinerante)<\/p>\n\n\n\n<p>11h30: Categoria Mirim e premia\u00e7\u00e3o ap\u00f3s a prova<\/p>\n\n\n\n<p>12h00: 3\u00aa Largada XCO Feminina \u2013 (Super Elite, J\u00fanior, Sub17, Sub15, Sub40, Sub50, Over50, Sub12)<\/p>\n\n\n\n<p>12h30 \u00e0s 14h: Show Vitor Fagundes (Espa\u00e7o CBMM)<\/p>\n\n\n\n<p>13h: Premia\u00e7\u00e3o 2\u00aa Largada + Concurso de Reda\u00e7\u00e3o e Desenho<\/p>\n\n\n\n<p>14h \u00e0s 15h30: Show B\u00eaJazz convida: Mississippi Devils (Itinerante)<\/p>\n\n\n\n<p>14h: 4\u00aa Largada XCO Masculina \u2013 Super Elite e J\u00fanior<\/p>\n\n\n\n<p>14h30 \u00e0s 17h: Show Piano Rock (Espa\u00e7o CBMM)<\/p>\n\n\n\n<p>14h30: Premia\u00e7\u00e3o 3\u00aa Largada<\/p>\n\n\n\n<p>16h15: Premia\u00e7\u00e3o 4\u00aa Largada<\/p>\n\n\n\n<p><strong>Hist\u00f3ria da CIMTB<\/strong><\/p>\n\n\n\n<p>A organiza\u00e7\u00e3o da CIMTB realizou sua primeira prova em 1996. Desde ent\u00e3o, vem inovando e contribuindo ativamente para o crescimento e fortalecimento do mountain bike e o mercado de bicicletas no Brasil. Contando pontos para o ranking mundial da Uni\u00e3o Cicl\u00edstica Internacional (UCI) desde 2004, a CIMTB tem sido seletiva para os Jogos Ol\u00edmpicos nos ciclos de Pequim 2008, Londres 2012, Rio 2016, T\u00f3quio 2020 e Paris 2024. Em 2022, a CIMTB aumentou ainda mais sua relev\u00e2ncia internacional, com a realiza\u00e7\u00e3o da etapa de abertura da Copa do Mundo Mercedes-Benz de Mountain Bike 2022, em Petr\u00f3polis. Al\u00e9m disso, foi respons\u00e1vel pela constru\u00e7\u00e3o da pista de mountain bike dos Jogos Ol\u00edmpicos Rio 2016, considerada uma das melhores da hist\u00f3ria dos Jogos desde 1996, primeiro ano do MTB em Olimp\u00edadas.<\/p>\n\n\n\n<p><strong>Sobre a CBMM<\/strong><\/p>\n\n\n\n<p>L\u00edder mundial na produ\u00e7\u00e3o e comercializa\u00e7\u00e3o de produtos de Ni\u00f3bio, a CBMM possui mais de 400 clientes, em 50 pa\u00edses. Sediada no Brasil, com escrit\u00f3rios regionais na China, Pa\u00edses Baixos, Singapura, Su\u00ed\u00e7a e Estados Unidos, a companhia fornece produtos e tecnologia de ponta aos setores de infraestrutura, mobilidade, aeroespacial, sa\u00fade e energia. Para suportar seus planos de crescimento por meio da diversifica\u00e7\u00e3o, a empresa conta com uma frente de Novos Neg\u00f3cios com atua\u00e7\u00e3o focada na acelera\u00e7\u00e3o da entrada, no mercado global, da tecnologia do Ni\u00f3bio. Nos \u00faltimos 4 anos, a CBMM realizou investimentos estrat\u00e9gicos em empresas como a Echion e Battery Streak visando novos desenvolvimentos em materiais com Ni\u00f3bio para baterias de \u00edons de l\u00edtio. Desde a sua funda\u00e7\u00e3o, a CBMM desenvolve projetos no Brasil e em diversos pa\u00edses do mundo para fomentar a ado\u00e7\u00e3o da tecnologia do Ni\u00f3bio por diversas ind\u00fastrias. Para mais informa\u00e7\u00f5es, visite o&nbsp;<a href=\"https:\/\/cbmm.com\/pt\/Media-Center\" target=\"_blank\" rel=\"noreferrer noopener\">media center<\/a>.<\/p>\n\n\n\n<p>&nbsp;( foto Cesar Delong)<\/p>\n","protected":false},"excerpt":{"rendered":"<p>A CBMM est\u00e1 com tudo pronto para receber o maior evento de mountain bike da Am\u00e9rica Latina &#8211; Copa Internacional<\/p>\n","protected":false},"author":2,"featured_media":4830,"comment_status":"open","ping_status":"open","sticky":false,"template":"","format":"standard","meta":{"footnotes":""},"categories":[9,11],"tags":[],"class_list":["post-4829","post","type-post","status-publish","format-standard","has-post-thumbnail","hentry","category-araxa","category-destaques"],"_links":{"self":[{"href":"http:\/\/blogdoarmindomaia.com.br\/index.php?rest_route=\/wp\/v2\/posts\/4829","targetHints":{"allow":["GET"]}}],"collection":[{"href":"http:\/\/blogdoarmindomaia.com.br\/index.php?rest_route=\/wp\/v2\/posts"}],"about":[{"href":"http:\/\/blogdoarmindomaia.com.br\/index.php?rest_route=\/wp\/v2\/types\/post"}],"author":[{"embeddable":true,"href":"http:\/\/blogdoarmindomaia.com.br\/index.php?rest_route=\/wp\/v2\/users\/2"}],"replies":[{"embeddable":true,"href":"http:\/\/blogdoarmindomaia.com.br\/index.php?rest_route=%2Fwp%2Fv2%2Fcomments&post=4829"}],"version-history":[{"count":1,"href":"http:\/\/blogdoarmindomaia.com.br\/index.php?rest_route=\/wp\/v2\/posts\/4829\/revisions"}],"predecessor-version":[{"id":4831,"href":"http:\/\/blogdoarmindomaia.com.br\/index.php?rest_route=\/wp\/v2\/posts\/4829\/revisions\/4831"}],"wp:featuredmedia":[{"embeddable":true,"href":"http:\/\/blogdoarmindomaia.com.br\/index.php?rest_route=\/wp\/v2\/media\/4830"}],"wp:attachment":[{"href":"http:\/\/blogdoarmindomaia.com.br\/index.php?rest_route=%2Fwp%2Fv2%2Fmedia&parent=4829"}],"wp:term":[{"taxonomy":"category","embeddable":true,"href":"http:\/\/blogdoarmindomaia.com.br\/index.php?rest_route=%2Fwp%2Fv2%2Fcategories&post=4829"},{"taxonomy":"post_tag","embeddable":true,"href":"http:\/\/blogdoarmindomaia.com.br\/index.php?rest_route=%2Fwp%2Fv2%2Ftags&post=4829"}],"curies":[{"name":"wp","href":"https:\/\/api.w.org\/{rel}","templated":true}]}}