{"id":483,"date":"2022-04-23T02:15:34","date_gmt":"2022-04-23T05:15:34","guid":{"rendered":"http:\/\/blogdoarmindomaia.com.br\/?p=483"},"modified":"2022-04-23T02:15:37","modified_gmt":"2022-04-23T05:15:37","slug":"pre-fliaraxa-realiza-debate-com-rafael-nolli-e-tom-farias","status":"publish","type":"post","link":"http:\/\/blogdoarmindomaia.com.br\/?p=483","title":{"rendered":"Pr\u00e9-Fliarax\u00e1&nbsp;realiza debate com Rafael Nolli e Tom Farias"},"content":{"rendered":"\n<figure class=\"wp-block-image size-full is-style-default\"><img loading=\"lazy\" decoding=\"async\" width=\"533\" height=\"533\" src=\"http:\/\/blogdoarmindomaia.com.br\/wp-content\/uploads\/2022\/04\/Tom-Farias-curador-do-Fliaraxa-foto-Marta-Azevedo.jpeg\" alt=\"\" class=\"wp-image-484\" srcset=\"http:\/\/blogdoarmindomaia.com.br\/wp-content\/uploads\/2022\/04\/Tom-Farias-curador-do-Fliaraxa-foto-Marta-Azevedo.jpeg 533w, http:\/\/blogdoarmindomaia.com.br\/wp-content\/uploads\/2022\/04\/Tom-Farias-curador-do-Fliaraxa-foto-Marta-Azevedo-300x300.jpeg 300w, http:\/\/blogdoarmindomaia.com.br\/wp-content\/uploads\/2022\/04\/Tom-Farias-curador-do-Fliaraxa-foto-Marta-Azevedo-150x150.jpeg 150w\" sizes=\"auto, (max-width: 533px) 100vw, 533px\" \/><\/figure>\n\n\n\n<p>Dentro das atividades do pr\u00e9-Fliarax\u00e1, ser\u00e1\u00a0realizado um encontro entre o professor, escritor araxaense e curador da programa\u00e7\u00e3o local do Fliarax\u00e1, Rafael Nolli, para falar sobre seu novo livro de poesia\u00a0<em>Isca<\/em>,\u00a0e o escritor, jornalista e curador da 10a. edi\u00e7\u00e3o do Fliarax\u00e1\u00a0&#8211; Festival Liter\u00e1rio de Arax\u00e1\u00a0-, Tom Farias, que falar\u00e1\u00a0sobre a programa\u00e7\u00e3o do Festival e tamb\u00e9m sobre seu livro mais recente,\u00a0<em>Carolina: uma biografia<\/em>, que narra a vida de Maria Carolina de Jesus. A conversa ser\u00e1\u00a0mediada pelo escritor e presidente da Academia Araxaense de Letras, Luiz Humberto Fran\u00e7a. O evento acontece no dia 26 de abril, pr\u00f3xima ter\u00e7a-feira, \u00e0s 19h, no Teatro Municipal de Arax\u00e1 Maximiliano Rocha (Av. Ant\u00f4nio Carlos, s\/n &#8211; Centro, Arax\u00e1), em formato presencial, aberto ao p\u00fablico e com entrada gratuita.<\/p>\n","protected":false},"excerpt":{"rendered":"<p>Dentro das atividades do pr\u00e9-Fliarax\u00e1, ser\u00e1\u00a0realizado um encontro entre o professor, escritor araxaense e curador da programa\u00e7\u00e3o local do Fliarax\u00e1,<\/p>\n","protected":false},"author":2,"featured_media":484,"comment_status":"open","ping_status":"open","sticky":false,"template":"","format":"standard","meta":{"footnotes":""},"categories":[9,5],"tags":[],"class_list":["post-483","post","type-post","status-publish","format-standard","has-post-thumbnail","hentry","category-araxa","category-arte-e-cultura"],"_links":{"self":[{"href":"http:\/\/blogdoarmindomaia.com.br\/index.php?rest_route=\/wp\/v2\/posts\/483","targetHints":{"allow":["GET"]}}],"collection":[{"href":"http:\/\/blogdoarmindomaia.com.br\/index.php?rest_route=\/wp\/v2\/posts"}],"about":[{"href":"http:\/\/blogdoarmindomaia.com.br\/index.php?rest_route=\/wp\/v2\/types\/post"}],"author":[{"embeddable":true,"href":"http:\/\/blogdoarmindomaia.com.br\/index.php?rest_route=\/wp\/v2\/users\/2"}],"replies":[{"embeddable":true,"href":"http:\/\/blogdoarmindomaia.com.br\/index.php?rest_route=%2Fwp%2Fv2%2Fcomments&post=483"}],"version-history":[{"count":1,"href":"http:\/\/blogdoarmindomaia.com.br\/index.php?rest_route=\/wp\/v2\/posts\/483\/revisions"}],"predecessor-version":[{"id":485,"href":"http:\/\/blogdoarmindomaia.com.br\/index.php?rest_route=\/wp\/v2\/posts\/483\/revisions\/485"}],"wp:featuredmedia":[{"embeddable":true,"href":"http:\/\/blogdoarmindomaia.com.br\/index.php?rest_route=\/wp\/v2\/media\/484"}],"wp:attachment":[{"href":"http:\/\/blogdoarmindomaia.com.br\/index.php?rest_route=%2Fwp%2Fv2%2Fmedia&parent=483"}],"wp:term":[{"taxonomy":"category","embeddable":true,"href":"http:\/\/blogdoarmindomaia.com.br\/index.php?rest_route=%2Fwp%2Fv2%2Fcategories&post=483"},{"taxonomy":"post_tag","embeddable":true,"href":"http:\/\/blogdoarmindomaia.com.br\/index.php?rest_route=%2Fwp%2Fv2%2Ftags&post=483"}],"curies":[{"name":"wp","href":"https:\/\/api.w.org\/{rel}","templated":true}]}}