{"id":4859,"date":"2023-04-17T11:47:27","date_gmt":"2023-04-17T14:47:27","guid":{"rendered":"http:\/\/blogdoarmindomaia.com.br\/?p=4859"},"modified":"2023-04-17T11:47:28","modified_gmt":"2023-04-17T14:47:28","slug":"cimtb-20-anos-da-etapa-araxachinelo-vidaurre-e-raiza-goulao-vencem-na-super-elite","status":"publish","type":"post","link":"http:\/\/blogdoarmindomaia.com.br\/?p=4859","title":{"rendered":"CIMTB- 20 anos da etapa Arax\u00e1:Chinelo Vidaurre e Raiza Goul\u00e3o vencem na Super Elite"},"content":{"rendered":"\n<p><em>&nbsp;Prova do Short Track (XCC) abriu a 20\u00aa edi\u00e7\u00e3o da Copa Internacional de Mountain Bike no Grande Hotel Termas de Arax\u00e1. Competi\u00e7\u00e3o continua neste s\u00e1bado e domingo (15 e 16) com mais disputas que prometem muita emo\u00e7\u00e3o<\/em><\/p>\n\n\n\n<p><\/p>\n\n\n\n<p>A 20\u00aa edi\u00e7\u00e3o da etapa de Arax\u00e1 da Copa Internacional de Mountain Bike, prova mais charmosa e tradicional da modalidade em toda Am\u00e9rica Latina, teve in\u00edcio nesta sexta-feira (14) no Grande Hotel. Ap\u00f3s as baterias promocionais do Short Track (XCC), foi a vez dos ciclistas profissionais irem \u00e0 pista, para darem seu show ao p\u00fablico presente. Entre as mulheres, a vit\u00f3ria foi da goiana Raiza Goul\u00e3o. J\u00e1 na super elite masculina, o vencedor foi o chileno Mart\u00edn Vidaurre.<\/p>\n\n\n\n<figure class=\"wp-block-image size-large is-resized is-style-default\"><img loading=\"lazy\" decoding=\"async\" src=\"http:\/\/blogdoarmindomaia.com.br\/wp-content\/uploads\/2023\/04\/Raiza-1024x683.jpg\" alt=\"\" class=\"wp-image-4860\" width=\"1024\" height=\"683\" srcset=\"http:\/\/blogdoarmindomaia.com.br\/wp-content\/uploads\/2023\/04\/Raiza-1024x683.jpg 1024w, http:\/\/blogdoarmindomaia.com.br\/wp-content\/uploads\/2023\/04\/Raiza-300x200.jpg 300w, http:\/\/blogdoarmindomaia.com.br\/wp-content\/uploads\/2023\/04\/Raiza-768x512.jpg 768w, http:\/\/blogdoarmindomaia.com.br\/wp-content\/uploads\/2023\/04\/Raiza.jpg 1200w\" sizes=\"auto, (max-width: 1024px) 100vw, 1024px\" \/><\/figure>\n\n\n\n<p>Foto MMarcelo Rypl<\/p>\n\n\n\n<p>A primeira disputa da super elite foi a feminina, que teve tr\u00eas protagonistas do in\u00edcio ao fim. Isabella Lacerda dominou a prova nas primeiras voltas, por\u00e9m a argentina Agustina Apaza foi quem mudou os rumos da disputa. Ao abrir a pen\u00faltima volta, Agustina escutou o soar de um sino (de um torcedor) e acelerou o ritmo. Por\u00e9m, ela n\u00e3o se atentou ao fato de que aquele n\u00e3o era o sino da organiza\u00e7\u00e3o. Quando Agu, como \u00e9 conhecida, cruzou a linha de chegada na volta seguinte, percebeu que ainda era cedo. A a\u00e7\u00e3o de Agustina fez com que Isabella acelerasse e tamb\u00e9m gastasse energia. Quem se beneficiou dessa disputa foi Raiza, que havia se poupado para a \u00faltima volta e conseguiu ultrapass\u00e1-las.<\/p>\n\n\n\n<p>\u201cO Short Track foi realizado em um circuito bem veloz e divertido. Se nos treinos eu estava conseguindo fazer os saltos, com a chuva n\u00e3o foi poss\u00edvel faz\u00ea-los. A aten\u00e7\u00e3o foi redobrada, ent\u00e3o o foco era ser veloz e ao mesmo tempo segura. N\u00e3o arrisquei os saltos e esperei o momento certo. Estou muito contente, com mais uma vit\u00f3ria importante na minha carreira. S\u00f3 tenho que agradecer aos membros da minha equipe e todo mundo que est\u00e1 comigo nessa jornada. Agora o foco \u00e9 descansar para o domingo (16)\u201d, comemorou Raiza Goul\u00e3o, que venceu todas as oito corridas que disputou em 2023.<\/p>\n\n\n\n<p>\u201cCada dia estou mais ciente que a prova s\u00f3 acaba ao cruzar a linha de chegada. Senti um pouco a subida, mas sabia que tinha g\u00e1s para o final. Procurei n\u00e3o me arriscar, porque a sa\u00fade est\u00e1 em primeiro lugar\u201d, concluiu Raiza, deixando a entender que n\u00e3o disputar\u00e1 o Cross Country Ol\u00edmpico (XCO) deste s\u00e1bado (15), em uma estrat\u00e9gia para se poupar para o XCO Hors Class do \u00faltimo dia.<\/p>\n\n\n\n<p>Ap\u00f3s a corrida, a vice-campe\u00e3 Agustina comentou o ocorrido, uma vez que a prova previa 18 minutos mais uma volta de tempo total. Mesmo for\u00e7ando o ritmo, ela conseguiu terminar \u00e0 frente da terceira colocada, Isabella Lacerda. O top 5 da disputa teve ainda Giugiu Morgen, em quarto lugar, e Let\u00edcia C\u00e2ndido, em quinto. In\u00e9s Gutierrez (ARG), Andrea Ornelas (MEX), Aline Moraes, Ana Laura Moraes e Liege Walter completaram o p\u00f3dio do dia.<\/p>\n\n\n\n<p>\u201cUm primeiro dia marcado pelos nervos a flor da pele e um ritmo forte. Olhei o tempo no cronometro e pensei, s\u00e3o quase 18 minutos. Ou seja, imaginava que deveria ser aberta a \u00faltima volta. A\u00ed, escutei um som e quando passei na zona de apoio disseram que era \u00faltima volta. Acelerei\u201d, contou Agu. \u201cSeria lindo ganhar, mas \u00e9 apenas o primeiro dia. Saio da pista ainda mais motivada para melhorar para s\u00e1bado e domingo\u201d, finalizou a vice-campe\u00e3.<\/p>\n\n\n\n<p><strong>Super Elite Masculina<\/strong><\/p>\n\n\n\n<figure class=\"wp-block-image size-large is-style-default\"><img loading=\"lazy\" decoding=\"async\" width=\"1024\" height=\"683\" src=\"http:\/\/blogdoarmindomaia.com.br\/wp-content\/uploads\/2023\/04\/Viadurre-1024x683.jpg\" alt=\"\" class=\"wp-image-4861\" srcset=\"http:\/\/blogdoarmindomaia.com.br\/wp-content\/uploads\/2023\/04\/Viadurre-1024x683.jpg 1024w, http:\/\/blogdoarmindomaia.com.br\/wp-content\/uploads\/2023\/04\/Viadurre-300x200.jpg 300w, http:\/\/blogdoarmindomaia.com.br\/wp-content\/uploads\/2023\/04\/Viadurre-768x512.jpg 768w, http:\/\/blogdoarmindomaia.com.br\/wp-content\/uploads\/2023\/04\/Viadurre.jpg 1200w\" sizes=\"auto, (max-width: 1024px) 100vw, 1024px\" \/><\/figure>\n\n\n\n<p><br>Foto Alem\u00e3o Silva<\/p>\n\n\n\n<p>A principal disputa entre os homens do dia teve bastante altern\u00e2ncia de posi\u00e7\u00f5es nas primeiras voltas, com nomes como Henrique Avancini, Martin Vidaurre (CHI) e Catriel Soto (ARG) assumindo o posto de l\u00edder do pelot\u00e3o. Assim como na super elite feminina, a decis\u00e3o ficou para a \u00faltima volta. Ou melhor, para os metros finais. Antes da \u00faltima curva, um leve encontro entre Avancini e Vidaurre, fez com que o chileno se desse melhor e ficasse com a vit\u00f3ria. Quem se beneficiou disso foi Jos\u00e9 Gabriel, que terminou na segunda coloca\u00e7\u00e3o, \u00e0 frente de Avancini. O top 5 teve Alex Malacarne e Ulan Galinski. J\u00e1 o p\u00f3dio foi completado por Catriel Soto, Gustavo Xavier, Guilherme Muller, Nicolas Machado e Jeronio Bedoya (COL).<\/p>\n\n\n\n<p>\u201c\u00c9 muito bonito ver uma corrida assim. Eu queria muito ganhar de Henrique e ganhar a prova. O resultado disso foi muita competi\u00e7\u00e3o. Na \u00faltima curva abriu espa\u00e7o e eu consegui a ultrapassagem ainda ganhar prova\u201d, avaliou Vidaurre.<\/p>\n\n\n\n<p>\u201cO n\u00edvel do mountain bike sul-americano est\u00e1 subindo muito e isso ocorre em grande parte pela CIMTB, pela ind\u00fastria brasileira, que empurra muito o esporte do continente para cima. Para n\u00f3s \u00e9 maravilhoso vir aqui e ter um circuito com n\u00edvel de Copa do Mundo. Espero que volte a Copa do Mundo para o Brasil, porque creio que \u00e9 importante que isto esteja conectado com a CIMTB, pois faz falta. Fico contente da CIMTB poder fazer isso pelo mountain bike sul-americano\u201d, finalizou o vencedor do dia.<\/p>\n\n\n\n<p>Terceiro colocado do dia, Henrique Avancini, que \u00e9 o atual campe\u00e3o das \u00faltimas 9 edi\u00e7\u00f5es da super elite na etapa, comentou o ocorrido com o chileno. \u201cFiz uma corrida muito boa. Ali na \u00faltima curva, acabei sendo ultrapassado pelo Martin. Foi um pouco no limite. Acabou tocando as rodas e desencaixei o p\u00e9. Acabei perdendo a vit\u00f3ria ali na \u00faltima curva, mas foi uma boa prova\u201d, disse Avancini.<\/p>\n\n\n\n<p>\u201cA expectativa para amanh\u00e3 (s\u00e1bado) e domingo, \u00e9 de ganhar. \u00c9 muito bom ver a torcida em peso aqui. Sofri bastante at\u00e9 vencer minha primeira prova aqui em Arax\u00e1 (2014, quando venceu pela primeira vez a elite), depois sempre me esforcei em dar um bom espet\u00e1culo para o p\u00fablico. Eu vou dar tudo de mim pra vencer estas duas provas\u201d, finalizou Avan\u00e7a, como \u00e9 carinhosamente chamado.<\/p>\n\n\n\n<p><strong>Programa\u00e7\u00e3o de s\u00e1bado (15)<\/strong><br>Dentro das pistas, neste s\u00e1bado (15), mais tr\u00eas baterias ser\u00e3o realizadas. A primeira delas \u00e0s 8h20, com as disputas das E-Bikes. \u00c0s 10h20 acontece a segunda disputa para as super elites, com o Cross Country Ol\u00edmpico (XCO) classe 1. A \u00faltima largada do dia tem in\u00edcio \u00e0s 14h, para a Maratona, em suas 15 categorias. O treino livre do XCO \u00e9 das 12h30 \u00e0s 17h, por\u00e9m sem ser permitida a utiliza\u00e7\u00e3o do trecho da Maratona.<\/p>\n\n\n\n<p>Fora das pistas, \u00e9 no s\u00e1bado (15) quando haver\u00e1 o maior n\u00famero de atra\u00e7\u00f5es do lado de fora da pista: 8h \u00e0s 10h, Experi\u00eancia Balonismo, no SETOR C; 12h \u00e0s 13h15, Arte de Rua Karcocha, itinerante; 13h \u00e0s 14h, Show Vitor Fagundes (Arax\u00e1 \u2013 MG) na CBMM; 14h \u00e0s 15h15, Arte de Rua Karcocha, itinerante; 14h \u00e0s 16h, Show Johnny Go! (Arax\u00e1 \u2013 MG) na CBMM; 16h \u00e0s 16h30, sess\u00e3o de aut\u00f3grafos\/fotos com Julien Absalon na CBMM; 16h30 \u00e0s 17h30, Show Manga Rosa Quarteto (Arax\u00e1 \u2013 MG) no Palco Festival; 18h \u00e0s 19h, Show Black Jack 21 (Uberl\u00e2ndia \u2013 MG) no Palco Festival; 19h30 \u00e0s 20h30, Show Miltons (Arax\u00e1 \u2013 MG) no Palco Festival; e 21h \u00e0s 22h, Show Jefferson Gon\u00e7alves e Bitencourt Duo convida Nanda Moura (Rio de Janeiro \u2013 RJ) no Palco Festival.<\/p>\n\n\n\n<p>Demais resultado: Acesse o site da CIMTB \u2013&nbsp;<a href=\"https:\/\/www.cimtb.com.br\/\" target=\"_blank\" rel=\"noreferrer noopener\">www.cimtb.com.br<\/a>&nbsp;\u2013 para ver os demais resultados do primeiro dia de provas da competi\u00e7\u00e3o<\/p>\n\n\n\n<p>Mais fotos do primeiro dia da CIMTB Arax\u00e1 2023, est\u00e3o dispon\u00edveis no endere\u00e7o eletr\u00f4nico :&nbsp;<a href=\"https:\/\/drive.google.com\/drive\/folders\/177NRrFCe4Ggx8FRdQnH0_kJi9qdBs0Et\" target=\"_blank\" rel=\"noreferrer noopener\">https:\/\/drive.google.com\/drive\/folders\/177NRrFCe4Ggx8FRdQnH0_kJi9qdBs0Et<\/a>.<\/p>\n\n\n\n<p>*Os cr\u00e9ditos dessas fotos no Google Drive s\u00e3o para Ultrafotos.<\/p>\n\n\n\n<p><strong>Top 10 super elite feminina XCC<\/strong><\/p>\n\n\n\n<p>1- Raiza Goul\u00e3o \u2013 22min52<br>2- Agustina Apaza (ARG) \u2013 22min57<br>3- Isabella Lacerda \u2013 23min14<br>4- Giuliana Morgen \u2013 23min30<br>5- Let\u00edcia C\u00e2ndido \u2013 23min31<br>6- Ines Gutierrez \u2013 23min58<br>7- Andrea Ornelas (MEX) \u2013 24min17<br>8- Aline Sim\u00f5es \u2013 24min48<\/p>\n\n\n\n<p>9- Ana Laura Moares \u2013 21min20 (1 volta menos)<br>10- Liege Silva Walter \u2013 21min21 (1 volta menos)<\/p>\n\n\n\n<p><strong><br>Top 10 super elite masculina XCC<\/strong><\/p>\n\n\n\n<p>1- Martin Vidaurre (CHI) \u2013 21min23<br>2- Jos\u00e9 Gabriel Marques \u2013 21min24<br>3- Henrique Avancini \u2013 21min26<br>4- Alex Malacarne \u2013 21min33<br>5- Ulan Galinski \u2013 21min40<br>6- Catriel Soto (ARG) \u2013 21min53<br>7- Gustavo Xavier \u2013 22min<br>8- Guilherme Muller \u2013 22min09<\/p>\n\n\n\n<p>9- Nicolas Machado \u2013 22min10<br>10- Jeronimo Bedoya (COL) \u2013 22min21<\/p>\n\n\n\n<p><strong>Sobre a CBMM<\/strong><br>L\u00edder mundial na produ\u00e7\u00e3o e comercializa\u00e7\u00e3o de produtos de Ni\u00f3bio, a CBMM possui mais de 400 clientes, em 50 pa\u00edses. A companhia fornece produtos e tecnologia de ponta aos setores de infraestrutura, mobilidade, aeroespacial, sa\u00fade e energia. Fundada em 1955, em Arax\u00e1, Minas Gerais, a CBMM apoia iniciativas que visam o desenvolvimento socioecon\u00f4mico, cultural e esportivo nos locais onde atua, buscando beneficiar essas comunidades e auxiliar na forma\u00e7\u00e3o das pr\u00f3ximas gera\u00e7\u00f5es. Para mais informa\u00e7\u00f5es, visite:&nbsp;<a href=\"http:\/\/cbmm.com\/pt\/media-center\" target=\"_blank\" rel=\"noreferrer noopener\">cbmm.com\/pt\/media-center<\/a>.<\/p>\n\n\n\n<p><strong>Sobre a SRAM<\/strong><br>SRAM LLC \u00e9 uma fabricante de componentes de bicicletas com sede em Chicago, Illinois, Estados Unidos, fundada em 1987. SRAM \u00e9 um acr\u00f4nimo que inclui os nomes de seus fundadores, Scott, Ray e Sam, baseada no sonho de criar uma experi\u00eancia mais divertida, eficiente e r\u00e1pida em uma bicicleta. Hoje, o grupo SRAM \u00e9 formado por uma equipe global de pessoas que oferece a mesma paix\u00e3o por melhorar a experi\u00eancia e expandir o potencial do ciclismo, detentora de marcas como: TIME, RockShox, Truvativ, Quarq e Zipp. Mais informa\u00e7\u00f5es:&nbsp;<a href=\"https:\/\/proparts.esp.br\/sram\" target=\"_blank\" rel=\"noreferrer noopener\">https:\/\/proparts.esp.br\/sram<\/a><\/p>\n\n\n\n<p><strong>Hist\u00f3ria da CIMTB<\/strong><br>A organiza\u00e7\u00e3o da CIMTB realizou sua primeira prova em 1996. Desde ent\u00e3o, vem inovando e contribuindo ativamente para o crescimento e fortalecimento do mountain bike e o mercado de bicicletas no Brasil. Contando pontos para o ranking mundial da Uni\u00e3o Cicl\u00edstica Internacional (UCI) desde 2004, a CIMTB tem sido seletiva para os Jogos Ol\u00edmpicos nos ciclos de Pequim 2008, Londres 2012, Rio 2016, T\u00f3quio 2020 e Paris 2024. Em 2022, a CIMTB aumentou ainda mais sua relev\u00e2ncia internacional, com a realiza\u00e7\u00e3o da etapa de abertura da Copa do Mundo Mercedes-Benz de Mountain Bike 2022, em Petr\u00f3polis. Al\u00e9m disso, foi respons\u00e1vel pela constru\u00e7\u00e3o da pista de mountain bike dos Jogos Ol\u00edmpicos Rio 2016, considerada uma das melhores da hist\u00f3ria dos Jogos desde 1996, primeiro ano do MTB em Olimp\u00edadas.<\/p>\n\n\n\n<p><strong>Mais informa\u00e7\u00f5es sobre a CIMTB:<\/strong><br>Site:&nbsp;<a href=\"https:\/\/www.cimtb.com.br\/\" target=\"_blank\" rel=\"noreferrer noopener\">https:\/\/www.cimtb.com.br<\/a><br>Instagram:&nbsp;<a href=\"http:\/\/www.instagram.com\/cimtb\" target=\"_blank\" rel=\"noreferrer noopener\">http:\/\/www.instagram.com\/cimtb<\/a><br>Facebook:&nbsp;<a href=\"http:\/\/www.facebook.com\/cimtb\/\" target=\"_blank\" rel=\"noreferrer noopener\">http:\/\/www.facebook.com\/cimtb\/<\/a><br>Twitter:&nbsp;<a href=\"http:\/\/www.twitter.com\/cimtb_oficial\" target=\"_blank\" rel=\"noreferrer noopener\">http:\/\/www.twitter.com\/cimtb_oficial<\/a><\/p>\n","protected":false},"excerpt":{"rendered":"<p>&nbsp;Prova do Short Track (XCC) abriu a 20\u00aa edi\u00e7\u00e3o da Copa Internacional de Mountain Bike no Grande Hotel Termas de<\/p>\n","protected":false},"author":2,"featured_media":4860,"comment_status":"open","ping_status":"open","sticky":false,"template":"","format":"standard","meta":{"footnotes":""},"categories":[9,11],"tags":[],"class_list":["post-4859","post","type-post","status-publish","format-standard","has-post-thumbnail","hentry","category-araxa","category-destaques"],"_links":{"self":[{"href":"http:\/\/blogdoarmindomaia.com.br\/index.php?rest_route=\/wp\/v2\/posts\/4859","targetHints":{"allow":["GET"]}}],"collection":[{"href":"http:\/\/blogdoarmindomaia.com.br\/index.php?rest_route=\/wp\/v2\/posts"}],"about":[{"href":"http:\/\/blogdoarmindomaia.com.br\/index.php?rest_route=\/wp\/v2\/types\/post"}],"author":[{"embeddable":true,"href":"http:\/\/blogdoarmindomaia.com.br\/index.php?rest_route=\/wp\/v2\/users\/2"}],"replies":[{"embeddable":true,"href":"http:\/\/blogdoarmindomaia.com.br\/index.php?rest_route=%2Fwp%2Fv2%2Fcomments&post=4859"}],"version-history":[{"count":1,"href":"http:\/\/blogdoarmindomaia.com.br\/index.php?rest_route=\/wp\/v2\/posts\/4859\/revisions"}],"predecessor-version":[{"id":4862,"href":"http:\/\/blogdoarmindomaia.com.br\/index.php?rest_route=\/wp\/v2\/posts\/4859\/revisions\/4862"}],"wp:featuredmedia":[{"embeddable":true,"href":"http:\/\/blogdoarmindomaia.com.br\/index.php?rest_route=\/wp\/v2\/media\/4860"}],"wp:attachment":[{"href":"http:\/\/blogdoarmindomaia.com.br\/index.php?rest_route=%2Fwp%2Fv2%2Fmedia&parent=4859"}],"wp:term":[{"taxonomy":"category","embeddable":true,"href":"http:\/\/blogdoarmindomaia.com.br\/index.php?rest_route=%2Fwp%2Fv2%2Fcategories&post=4859"},{"taxonomy":"post_tag","embeddable":true,"href":"http:\/\/blogdoarmindomaia.com.br\/index.php?rest_route=%2Fwp%2Fv2%2Ftags&post=4859"}],"curies":[{"name":"wp","href":"https:\/\/api.w.org\/{rel}","templated":true}]}}