{"id":4863,"date":"2023-04-17T15:18:16","date_gmt":"2023-04-17T18:18:16","guid":{"rendered":"http:\/\/blogdoarmindomaia.com.br\/?p=4863"},"modified":"2023-04-17T15:18:19","modified_gmt":"2023-04-17T18:18:19","slug":"morre-em-sao-paulo-o-ex-prefeito-e-ex-deputado-aracely-de-paula","status":"publish","type":"post","link":"http:\/\/blogdoarmindomaia.com.br\/?p=4863","title":{"rendered":"Morre em S\u00e3o Paulo o ex\u2014prefeito e ex-deputado Aracely de Paula"},"content":{"rendered":"\n<figure class=\"wp-block-image size-large is-style-default\"><img loading=\"lazy\" decoding=\"async\" width=\"1024\" height=\"668\" src=\"http:\/\/blogdoarmindomaia.com.br\/wp-content\/uploads\/2023\/04\/Morre-Aracely-1024x668.jpeg\" alt=\"\" class=\"wp-image-4864\" srcset=\"http:\/\/blogdoarmindomaia.com.br\/wp-content\/uploads\/2023\/04\/Morre-Aracely-1024x668.jpeg 1024w, http:\/\/blogdoarmindomaia.com.br\/wp-content\/uploads\/2023\/04\/Morre-Aracely-300x196.jpeg 300w, http:\/\/blogdoarmindomaia.com.br\/wp-content\/uploads\/2023\/04\/Morre-Aracely-768x501.jpeg 768w, http:\/\/blogdoarmindomaia.com.br\/wp-content\/uploads\/2023\/04\/Morre-Aracely-1536x1001.jpeg 1536w, http:\/\/blogdoarmindomaia.com.br\/wp-content\/uploads\/2023\/04\/Morre-Aracely.jpeg 1600w\" sizes=\"auto, (max-width: 1024px) 100vw, 1024px\" \/><\/figure>\n\n\n\n<p><strong>Nota de Pesar &#8211; Prefeitura Municipal de Arax\u00e1<\/strong><br><br>\u00c9 com muito pesar que n\u00f3s, araxaenses, recebemos a triste not\u00edcia do falecimento do ex-prefeito e deputado federal Aracely de Paula nesta segunda-feira, 17 de abril de 2023. Aracely foi um homem que deixa um enorme legado de contribui\u00e7\u00e3o para o pa\u00eds, para o Estado de Minas Gerais e, principalmente, para Arax\u00e1.<br><br>Foram mais de meio s\u00e9culo de servi\u00e7os p\u00fablicos prestados como vereador, prefeito, deputado federal, secret\u00e1rio de Estado, relator do or\u00e7amento da Uni\u00e3o e diversas outras fun\u00e7\u00f5es p\u00fablicas. Um homem que fez da sua vida uma miss\u00e3o de dedica\u00e7\u00e3o \u00e0s causas de interesse p\u00fablico.<br><br>Aracely de Paula certamente ser\u00e1 lembrado como um dos pol\u00edticos mais importantes na hist\u00f3ria da nossa cidade e que merece todo o reconhecimento, respeito e homenagem do Munic\u00edpio de Arax\u00e1.<br><br><strong>Robson Magela \u2013 Prefeito Municipal de Arax\u00e1<\/strong><br><\/p>\n","protected":false},"excerpt":{"rendered":"<p>Nota de Pesar &#8211; Prefeitura Municipal de Arax\u00e1 \u00c9 com muito pesar que n\u00f3s, araxaenses, recebemos a triste not\u00edcia do<\/p>\n","protected":false},"author":2,"featured_media":4864,"comment_status":"open","ping_status":"open","sticky":false,"template":"","format":"standard","meta":{"footnotes":""},"categories":[9,11],"tags":[],"class_list":["post-4863","post","type-post","status-publish","format-standard","has-post-thumbnail","hentry","category-araxa","category-destaques"],"_links":{"self":[{"href":"http:\/\/blogdoarmindomaia.com.br\/index.php?rest_route=\/wp\/v2\/posts\/4863","targetHints":{"allow":["GET"]}}],"collection":[{"href":"http:\/\/blogdoarmindomaia.com.br\/index.php?rest_route=\/wp\/v2\/posts"}],"about":[{"href":"http:\/\/blogdoarmindomaia.com.br\/index.php?rest_route=\/wp\/v2\/types\/post"}],"author":[{"embeddable":true,"href":"http:\/\/blogdoarmindomaia.com.br\/index.php?rest_route=\/wp\/v2\/users\/2"}],"replies":[{"embeddable":true,"href":"http:\/\/blogdoarmindomaia.com.br\/index.php?rest_route=%2Fwp%2Fv2%2Fcomments&post=4863"}],"version-history":[{"count":1,"href":"http:\/\/blogdoarmindomaia.com.br\/index.php?rest_route=\/wp\/v2\/posts\/4863\/revisions"}],"predecessor-version":[{"id":4865,"href":"http:\/\/blogdoarmindomaia.com.br\/index.php?rest_route=\/wp\/v2\/posts\/4863\/revisions\/4865"}],"wp:featuredmedia":[{"embeddable":true,"href":"http:\/\/blogdoarmindomaia.com.br\/index.php?rest_route=\/wp\/v2\/media\/4864"}],"wp:attachment":[{"href":"http:\/\/blogdoarmindomaia.com.br\/index.php?rest_route=%2Fwp%2Fv2%2Fmedia&parent=4863"}],"wp:term":[{"taxonomy":"category","embeddable":true,"href":"http:\/\/blogdoarmindomaia.com.br\/index.php?rest_route=%2Fwp%2Fv2%2Fcategories&post=4863"},{"taxonomy":"post_tag","embeddable":true,"href":"http:\/\/blogdoarmindomaia.com.br\/index.php?rest_route=%2Fwp%2Fv2%2Ftags&post=4863"}],"curies":[{"name":"wp","href":"https:\/\/api.w.org\/{rel}","templated":true}]}}