{"id":4866,"date":"2023-04-18T14:03:23","date_gmt":"2023-04-18T17:03:23","guid":{"rendered":"http:\/\/blogdoarmindomaia.com.br\/?p=4866"},"modified":"2023-04-18T14:03:25","modified_gmt":"2023-04-18T17:03:25","slug":"ipdsa-capacita-servidores-que-realizam-podas-e-cortes-de-arvores","status":"publish","type":"post","link":"http:\/\/blogdoarmindomaia.com.br\/?p=4866","title":{"rendered":"IPDSA capacita servidores que realizam podas e cortes de \u00e1rvores"},"content":{"rendered":"\n<figure class=\"wp-block-image size-large is-style-default\"><img loading=\"lazy\" decoding=\"async\" width=\"1024\" height=\"768\" src=\"http:\/\/blogdoarmindomaia.com.br\/wp-content\/uploads\/2023\/04\/IPDSA-capacita-servidores-que-realizam-podas-e-cortes-de-arvores-pag-04-1024x768.jpeg\" alt=\"\" class=\"wp-image-4867\" srcset=\"http:\/\/blogdoarmindomaia.com.br\/wp-content\/uploads\/2023\/04\/IPDSA-capacita-servidores-que-realizam-podas-e-cortes-de-arvores-pag-04-1024x768.jpeg 1024w, http:\/\/blogdoarmindomaia.com.br\/wp-content\/uploads\/2023\/04\/IPDSA-capacita-servidores-que-realizam-podas-e-cortes-de-arvores-pag-04-300x225.jpeg 300w, http:\/\/blogdoarmindomaia.com.br\/wp-content\/uploads\/2023\/04\/IPDSA-capacita-servidores-que-realizam-podas-e-cortes-de-arvores-pag-04-768x576.jpeg 768w, http:\/\/blogdoarmindomaia.com.br\/wp-content\/uploads\/2023\/04\/IPDSA-capacita-servidores-que-realizam-podas-e-cortes-de-arvores-pag-04-1536x1152.jpeg 1536w, http:\/\/blogdoarmindomaia.com.br\/wp-content\/uploads\/2023\/04\/IPDSA-capacita-servidores-que-realizam-podas-e-cortes-de-arvores-pag-04.jpeg 1600w\" sizes=\"auto, (max-width: 1024px) 100vw, 1024px\" \/><\/figure>\n\n\n\n<p>Com o objetivo de melhorar a qualidade ambiental urbana e a presta\u00e7\u00e3o de servi\u00e7o \u00e0 popula\u00e7\u00e3o, o Instituto de Planejamento e Desenvolvimento Sustent\u00e1vel de Arax\u00e1 (IPDSA) promoveu recentemente um treinamento para os servidores da Secretaria Municipal de Servi\u00e7os Urbanos que realizam podas e cortes de \u00e1rvores na \u00e1rea urbana. A capacita\u00e7\u00e3o aconteceu em parceria com a Companhia Energ\u00e9tica de Minas Gerais (Cemig) e reuniu aproximadamente 20 pessoas.<br><br>O treinamento contou com parte te\u00f3rica e pr\u00e1tica sobre podas de forma adequada, evitando que as \u00e1rvores sejam danificadas e para garantir que continuem saud\u00e1veis. De acordo com a chefe da Divis\u00e3o de Meio Ambiente do IPDSA, Roberta Neves Reis de Menezes, a capacita\u00e7\u00e3o \u00e9 uma forma de preparar os servidores para realizarem suas atividades com mais seguran\u00e7a e de forma que beneficie o desenvolvimento da \u00e1rvore.<br><br>\u201cA arboriza\u00e7\u00e3o nas cal\u00e7adas \u00e9 de grande import\u00e2ncia, pois, al\u00e9m de trazer sombra, ameniza as temperaturas, auxilia na purifica\u00e7\u00e3o do ar e serve de abrigo para p\u00e1ssaros.&nbsp; No entanto, as \u00e1rvores devem estar em harmonia com as constru\u00e7\u00f5es, moradores e pedestres. Frequentemente, as \u00e1rvores precisam passar por manuten\u00e7\u00e3o, como podas de condu\u00e7\u00e3o ou conten\u00e7\u00e3o, e para evitar que essas manuten\u00e7\u00f5es sejam feitas de forma inadequada promovemos essa capacita\u00e7\u00e3o dos servidores\u201d, explica.<\/p>\n","protected":false},"excerpt":{"rendered":"<p>Com o objetivo de melhorar a qualidade ambiental urbana e a presta\u00e7\u00e3o de servi\u00e7o \u00e0 popula\u00e7\u00e3o, o Instituto de Planejamento<\/p>\n","protected":false},"author":2,"featured_media":4867,"comment_status":"open","ping_status":"open","sticky":false,"template":"","format":"standard","meta":{"footnotes":""},"categories":[9,8],"tags":[],"class_list":["post-4866","post","type-post","status-publish","format-standard","has-post-thumbnail","hentry","category-araxa","category-cidades"],"_links":{"self":[{"href":"http:\/\/blogdoarmindomaia.com.br\/index.php?rest_route=\/wp\/v2\/posts\/4866","targetHints":{"allow":["GET"]}}],"collection":[{"href":"http:\/\/blogdoarmindomaia.com.br\/index.php?rest_route=\/wp\/v2\/posts"}],"about":[{"href":"http:\/\/blogdoarmindomaia.com.br\/index.php?rest_route=\/wp\/v2\/types\/post"}],"author":[{"embeddable":true,"href":"http:\/\/blogdoarmindomaia.com.br\/index.php?rest_route=\/wp\/v2\/users\/2"}],"replies":[{"embeddable":true,"href":"http:\/\/blogdoarmindomaia.com.br\/index.php?rest_route=%2Fwp%2Fv2%2Fcomments&post=4866"}],"version-history":[{"count":1,"href":"http:\/\/blogdoarmindomaia.com.br\/index.php?rest_route=\/wp\/v2\/posts\/4866\/revisions"}],"predecessor-version":[{"id":4868,"href":"http:\/\/blogdoarmindomaia.com.br\/index.php?rest_route=\/wp\/v2\/posts\/4866\/revisions\/4868"}],"wp:featuredmedia":[{"embeddable":true,"href":"http:\/\/blogdoarmindomaia.com.br\/index.php?rest_route=\/wp\/v2\/media\/4867"}],"wp:attachment":[{"href":"http:\/\/blogdoarmindomaia.com.br\/index.php?rest_route=%2Fwp%2Fv2%2Fmedia&parent=4866"}],"wp:term":[{"taxonomy":"category","embeddable":true,"href":"http:\/\/blogdoarmindomaia.com.br\/index.php?rest_route=%2Fwp%2Fv2%2Fcategories&post=4866"},{"taxonomy":"post_tag","embeddable":true,"href":"http:\/\/blogdoarmindomaia.com.br\/index.php?rest_route=%2Fwp%2Fv2%2Ftags&post=4866"}],"curies":[{"name":"wp","href":"https:\/\/api.w.org\/{rel}","templated":true}]}}