{"id":4869,"date":"2023-04-18T14:11:28","date_gmt":"2023-04-18T17:11:28","guid":{"rendered":"http:\/\/blogdoarmindomaia.com.br\/?p=4869"},"modified":"2023-04-18T14:11:30","modified_gmt":"2023-04-18T17:11:30","slug":"ames-24hs-uninorte-e-unileste-registram-mais-de-51-mil-atendimentos","status":"publish","type":"post","link":"http:\/\/blogdoarmindomaia.com.br\/?p=4869","title":{"rendered":"AMEs 24hs Uninorte e Unileste registram mais de 51 mil atendimentos\u00a0"},"content":{"rendered":"\n<figure class=\"wp-block-image size-full is-style-default\"><img loading=\"lazy\" decoding=\"async\" width=\"1024\" height=\"683\" src=\"http:\/\/blogdoarmindomaia.com.br\/wp-content\/uploads\/2023\/04\/AMEs-24hs-Uninorte-e-Unileste-registram-mais-de-51-mil-atendimentos-pag-04.jpeg\" alt=\"\" class=\"wp-image-4870\" srcset=\"http:\/\/blogdoarmindomaia.com.br\/wp-content\/uploads\/2023\/04\/AMEs-24hs-Uninorte-e-Unileste-registram-mais-de-51-mil-atendimentos-pag-04.jpeg 1024w, http:\/\/blogdoarmindomaia.com.br\/wp-content\/uploads\/2023\/04\/AMEs-24hs-Uninorte-e-Unileste-registram-mais-de-51-mil-atendimentos-pag-04-300x200.jpeg 300w, http:\/\/blogdoarmindomaia.com.br\/wp-content\/uploads\/2023\/04\/AMEs-24hs-Uninorte-e-Unileste-registram-mais-de-51-mil-atendimentos-pag-04-768x512.jpeg 768w\" sizes=\"auto, (max-width: 1024px) 100vw, 1024px\" \/><\/figure>\n\n\n\n<p><br><br>Promover sa\u00fade digna e qualidade de vida \u00e0 popula\u00e7\u00e3o araxaense. Este \u00e9 o principal objetivo dos Ambulat\u00f3rios de Emerg\u00eancia, os AMEs 24h Uninorte e Unileste. Inaugurados em setembro de 2022 e localizados nas regi\u00f5es mais populosas da cidade, os AMEs registraram mais de 51 mil atendimentos em apenas seis meses de funcionamento.<br><br>Os AMEs s\u00e3o centros ambulatoriais de diagn\u00f3stico e orienta\u00e7\u00e3o terap\u00eautica de alta resolutividade em cl\u00ednica m\u00e9dica, com \u00eanfase nas necessidades da Rede B\u00e1sica. Entre os atendimentos disponibilizados est\u00e3o atendimentos odontol\u00f3gicos, casos de sintomas gripais sem dificuldade para respirar, coceira nos olhos, dor de cabe\u00e7a leve, febre, ferimentos pequenos com pouco sangramento, entre outros. Ao todo, s\u00e3o mais de 40 servi\u00e7os \u00e0 disposi\u00e7\u00e3o da popula\u00e7\u00e3o durante 24 horas por dia, sete dias da semana.<br><br>De acordo com a secret\u00e1ria municipal de Sa\u00fade, Cristiane Gon\u00e7alves Pereira, a descentraliza\u00e7\u00e3o dos atendimentos aumentou a procura por parte da popula\u00e7\u00e3o, que muitas vezes n\u00e3o buscava o aux\u00edlio devido \u00e0 dist\u00e2ncia entre a Unidade de Pronto Atendimento (UPA 24h) e sua casa.<br><br>Com a implanta\u00e7\u00e3o dos AMEs 24h, foi poss\u00edvel comprovar a redu\u00e7\u00e3o da alta demanda na UPA, que chegou a mais de 49 mil atendimentos em seis meses. Neste mesmo per\u00edodo e tempo de funcionamento, foram registrados 21.566 atendimentos no AME 24h Unileste, e 29.897 no AME 24h Uninorte, totalizando mais de 51.000 atendimentos, n\u00famero significativamente relevante em compara\u00e7\u00e3o com o ano anterior, que disponibilizava apenas os servi\u00e7os de sa\u00fade na UPA e, que agora, realiza cerca de 28 mil atendimentos semestrais.<br><br>\u201cCom a implanta\u00e7\u00e3o dos AMEs 24h, n\u00f3s ampliamos n\u00e3o somente o acesso \u00e0 sa\u00fade, mas tamb\u00e9m a qualidade desses servi\u00e7os em Arax\u00e1. Um exemplo \u00e9 que temos ambul\u00e2ncias dispon\u00edveis 24h nos dois locais, o aumento dos n\u00fameros de profissionais m\u00e9dicos e equipe de apoio, assim como aumento ao acesso de exames laboratoriais e servi\u00e7os de imagens\u201d, explica a secret\u00e1ria Cristiane.<br><br>A costureira Maria Abadia de Assun\u00e7\u00e3o acompanha o seu pai Joaquim, de 88 anos, rotineiramente no AME 24h Uninorte, e conta sobre a melhoria para o bairro Urciano Lemos, onde vivem h\u00e1 48 anos. \u201cAntes dos AMEs, a dificuldade era enorme, a dist\u00e2ncia at\u00e9 a UPA era grande. Agora, com atendimento em sa\u00fade 24h no bairro, nos trouxe al\u00edvio\u201d, relata Maria Abadia.<\/p>\n","protected":false},"excerpt":{"rendered":"<p>Promover sa\u00fade digna e qualidade de vida \u00e0 popula\u00e7\u00e3o araxaense. Este \u00e9 o principal objetivo dos Ambulat\u00f3rios de Emerg\u00eancia, os<\/p>\n","protected":false},"author":2,"featured_media":4870,"comment_status":"open","ping_status":"open","sticky":false,"template":"","format":"standard","meta":{"footnotes":""},"categories":[9,11],"tags":[],"class_list":["post-4869","post","type-post","status-publish","format-standard","has-post-thumbnail","hentry","category-araxa","category-destaques"],"_links":{"self":[{"href":"http:\/\/blogdoarmindomaia.com.br\/index.php?rest_route=\/wp\/v2\/posts\/4869","targetHints":{"allow":["GET"]}}],"collection":[{"href":"http:\/\/blogdoarmindomaia.com.br\/index.php?rest_route=\/wp\/v2\/posts"}],"about":[{"href":"http:\/\/blogdoarmindomaia.com.br\/index.php?rest_route=\/wp\/v2\/types\/post"}],"author":[{"embeddable":true,"href":"http:\/\/blogdoarmindomaia.com.br\/index.php?rest_route=\/wp\/v2\/users\/2"}],"replies":[{"embeddable":true,"href":"http:\/\/blogdoarmindomaia.com.br\/index.php?rest_route=%2Fwp%2Fv2%2Fcomments&post=4869"}],"version-history":[{"count":1,"href":"http:\/\/blogdoarmindomaia.com.br\/index.php?rest_route=\/wp\/v2\/posts\/4869\/revisions"}],"predecessor-version":[{"id":4871,"href":"http:\/\/blogdoarmindomaia.com.br\/index.php?rest_route=\/wp\/v2\/posts\/4869\/revisions\/4871"}],"wp:featuredmedia":[{"embeddable":true,"href":"http:\/\/blogdoarmindomaia.com.br\/index.php?rest_route=\/wp\/v2\/media\/4870"}],"wp:attachment":[{"href":"http:\/\/blogdoarmindomaia.com.br\/index.php?rest_route=%2Fwp%2Fv2%2Fmedia&parent=4869"}],"wp:term":[{"taxonomy":"category","embeddable":true,"href":"http:\/\/blogdoarmindomaia.com.br\/index.php?rest_route=%2Fwp%2Fv2%2Fcategories&post=4869"},{"taxonomy":"post_tag","embeddable":true,"href":"http:\/\/blogdoarmindomaia.com.br\/index.php?rest_route=%2Fwp%2Fv2%2Ftags&post=4869"}],"curies":[{"name":"wp","href":"https:\/\/api.w.org\/{rel}","templated":true}]}}