{"id":4872,"date":"2023-04-18T14:17:50","date_gmt":"2023-04-18T17:17:50","guid":{"rendered":"http:\/\/blogdoarmindomaia.com.br\/?p=4872"},"modified":"2023-04-18T14:17:52","modified_gmt":"2023-04-18T17:17:52","slug":"renovacao-da-frota-do-transporte-coletivo-e-iniciada-com-internet-gratuita","status":"publish","type":"post","link":"http:\/\/blogdoarmindomaia.com.br\/?p=4872","title":{"rendered":"Renova\u00e7\u00e3o da frota do transporte coletivo \u00e9 iniciada com internet gratuita"},"content":{"rendered":"\n<figure class=\"wp-block-image size-full is-style-default\"><img loading=\"lazy\" decoding=\"async\" width=\"1024\" height=\"683\" src=\"http:\/\/blogdoarmindomaia.com.br\/wp-content\/uploads\/2023\/04\/Renovacao-da-frota-do-transporte-coletivo-e-iniciada-com-internet-gratuita-pag-06.jpg\" alt=\"\" class=\"wp-image-4873\" srcset=\"http:\/\/blogdoarmindomaia.com.br\/wp-content\/uploads\/2023\/04\/Renovacao-da-frota-do-transporte-coletivo-e-iniciada-com-internet-gratuita-pag-06.jpg 1024w, http:\/\/blogdoarmindomaia.com.br\/wp-content\/uploads\/2023\/04\/Renovacao-da-frota-do-transporte-coletivo-e-iniciada-com-internet-gratuita-pag-06-300x200.jpg 300w, http:\/\/blogdoarmindomaia.com.br\/wp-content\/uploads\/2023\/04\/Renovacao-da-frota-do-transporte-coletivo-e-iniciada-com-internet-gratuita-pag-06-768x512.jpg 768w\" sizes=\"auto, (max-width: 1024px) 100vw, 1024px\" \/><\/figure>\n\n\n\n<p>A empresa Vera Cruz, concession\u00e1ria respons\u00e1vel pelo servi\u00e7o de transporte p\u00fablico urbano em Arax\u00e1, anunciou o in\u00edcio do processo de renova\u00e7\u00e3o da frota de ve\u00edculos e a implanta\u00e7\u00e3o de internet gratuita para os usu\u00e1rios na segunda-feira (17).<br><br>De acordo com o Programa \u201cEu Vou\u201d, de Pol\u00edtica P\u00fablica Municipal de Mobilidade Urbana implantado pela Prefeitura de Arax\u00e1 em dezembro de 2022, a empresa deve, obrigatoriamente, adquirir oito novos ve\u00edculos por ano at\u00e9 a substitui\u00e7\u00e3o completa da frota. Atualmente, a Vera Cruz utiliza 50 \u00f4nibus para a presta\u00e7\u00e3o do servi\u00e7o no Munic\u00edpio.<br><br>A concession\u00e1ria tamb\u00e9m come\u00e7a a implanta\u00e7\u00e3o de internet sem fio nos ve\u00edculos, com Wi-Fi gratuito e ilimitado para passageiros. A empresa tamb\u00e9m j\u00e1 retornou 80% das linhas urbanas no per\u00edodo noturno e finais de semana que haviam sido suspensas e estreitou o relacionamento com a comunidade, com avalia\u00e7\u00e3o e retorno das demandas dos cidad\u00e3os por meio do aplicativo Colab. Cerca de 20 pontos de \u00f4nibus em locais de grande circula\u00e7\u00e3o de pessoas tamb\u00e9m ser\u00e3o reformados pela Vera Cruz.<br><br>De acordo com o gerente de Opera\u00e7\u00f5es da Vera Cruz, Fl\u00e1vio Rodrigues, a expectativa \u00e9 que o n\u00famero de usu\u00e1rios do transporte p\u00fablico aumente ainda mais com as melhorias no sistema implantadas pela empresa.<br><br>\u201cEm tr\u00eas meses de projeto, registramos um aumento de 61,5% no n\u00famero de usu\u00e1rios cadastrados para utilizarem gratuitamente o sistema de transporte coletivo urbano. Com a gratuidade para estudantes, idosos a partir de 60 anos e para pessoas com defici\u00eancia e seus acompanhantes, aumentamos em quase 5 mil o n\u00famero de pessoas que utilizam do servi\u00e7o. E esperamos um aumento ainda maior com as melhorias implementadas e novas que est\u00e3o por vir pela empresa\u201d, destaca.<br><br>De acordo com ele, a redu\u00e7\u00e3o do valor da passagem de R$ 4 para R$ 3 tamb\u00e9m incentivou a utiliza\u00e7\u00e3o do transporte p\u00fablico urbano em Arax\u00e1 e a m\u00e9dia mensal de passagens vendidas j\u00e1 \u00e9 a maior desde 2019.<br><br>\u201cTemos acompanhado o crescimento de usu\u00e1rios do sistema e registrado um aumento gradativo desde dezembro passado, quando a Prefeitura de Arax\u00e1 implantou o projeto de Mobilidade Urbana. Um programa que beneficiou diretamente o usu\u00e1rio no valor das passagens e que vai incentivar a melhora da qualidade do servi\u00e7o prestado pela nossa empresa. Hoje, a Vera Cruz tem por obriga\u00e7\u00e3o, firmado em contrato, trabalhar diariamente para otimizar os seus servi\u00e7os prestados \u00e0 comunidade e temos trabalhado muito nesse sentido, ressalta Fl\u00e1vio.<br><\/p>\n","protected":false},"excerpt":{"rendered":"<p>A empresa Vera Cruz, concession\u00e1ria respons\u00e1vel pelo servi\u00e7o de transporte p\u00fablico urbano em Arax\u00e1, anunciou o in\u00edcio do processo de<\/p>\n","protected":false},"author":2,"featured_media":4873,"comment_status":"open","ping_status":"open","sticky":false,"template":"","format":"standard","meta":{"footnotes":""},"categories":[9,11],"tags":[],"class_list":["post-4872","post","type-post","status-publish","format-standard","has-post-thumbnail","hentry","category-araxa","category-destaques"],"_links":{"self":[{"href":"http:\/\/blogdoarmindomaia.com.br\/index.php?rest_route=\/wp\/v2\/posts\/4872","targetHints":{"allow":["GET"]}}],"collection":[{"href":"http:\/\/blogdoarmindomaia.com.br\/index.php?rest_route=\/wp\/v2\/posts"}],"about":[{"href":"http:\/\/blogdoarmindomaia.com.br\/index.php?rest_route=\/wp\/v2\/types\/post"}],"author":[{"embeddable":true,"href":"http:\/\/blogdoarmindomaia.com.br\/index.php?rest_route=\/wp\/v2\/users\/2"}],"replies":[{"embeddable":true,"href":"http:\/\/blogdoarmindomaia.com.br\/index.php?rest_route=%2Fwp%2Fv2%2Fcomments&post=4872"}],"version-history":[{"count":1,"href":"http:\/\/blogdoarmindomaia.com.br\/index.php?rest_route=\/wp\/v2\/posts\/4872\/revisions"}],"predecessor-version":[{"id":4874,"href":"http:\/\/blogdoarmindomaia.com.br\/index.php?rest_route=\/wp\/v2\/posts\/4872\/revisions\/4874"}],"wp:featuredmedia":[{"embeddable":true,"href":"http:\/\/blogdoarmindomaia.com.br\/index.php?rest_route=\/wp\/v2\/media\/4873"}],"wp:attachment":[{"href":"http:\/\/blogdoarmindomaia.com.br\/index.php?rest_route=%2Fwp%2Fv2%2Fmedia&parent=4872"}],"wp:term":[{"taxonomy":"category","embeddable":true,"href":"http:\/\/blogdoarmindomaia.com.br\/index.php?rest_route=%2Fwp%2Fv2%2Fcategories&post=4872"},{"taxonomy":"post_tag","embeddable":true,"href":"http:\/\/blogdoarmindomaia.com.br\/index.php?rest_route=%2Fwp%2Fv2%2Ftags&post=4872"}],"curies":[{"name":"wp","href":"https:\/\/api.w.org\/{rel}","templated":true}]}}