{"id":4878,"date":"2023-04-20T11:26:17","date_gmt":"2023-04-20T14:26:17","guid":{"rendered":"http:\/\/blogdoarmindomaia.com.br\/?p=4878"},"modified":"2023-04-20T11:32:13","modified_gmt":"2023-04-20T14:32:13","slug":"prefeitura-no-bairro-anuncia-implantacao-de-cras-para-o-setor-sul","status":"publish","type":"post","link":"http:\/\/blogdoarmindomaia.com.br\/?p=4878","title":{"rendered":"Prefeitura no Bairro anuncia implanta\u00e7\u00e3o de CRAS para o Setor Sul"},"content":{"rendered":"\n<figure class=\"wp-block-image size-full is-style-default\"><img loading=\"lazy\" decoding=\"async\" width=\"1024\" height=\"683\" src=\"http:\/\/blogdoarmindomaia.com.br\/wp-content\/uploads\/2023\/04\/Prefeitura-no-Bairro-anuncia-implantacao-de-CRAS-no-Setor-Sul-pag-09.jpg\" alt=\"\" class=\"wp-image-4881\" srcset=\"http:\/\/blogdoarmindomaia.com.br\/wp-content\/uploads\/2023\/04\/Prefeitura-no-Bairro-anuncia-implantacao-de-CRAS-no-Setor-Sul-pag-09.jpg 1024w, http:\/\/blogdoarmindomaia.com.br\/wp-content\/uploads\/2023\/04\/Prefeitura-no-Bairro-anuncia-implantacao-de-CRAS-no-Setor-Sul-pag-09-300x200.jpg 300w, http:\/\/blogdoarmindomaia.com.br\/wp-content\/uploads\/2023\/04\/Prefeitura-no-Bairro-anuncia-implantacao-de-CRAS-no-Setor-Sul-pag-09-768x512.jpg 768w\" sizes=\"auto, (max-width: 1024px) 100vw, 1024px\" \/><\/figure>\n\n\n\n<p>Mais de 40 servi\u00e7os gratuitos, Dia Mundial da Sa\u00fade e melhorias para a Regi\u00e3o Sul de Arax\u00e1 foram destaques durante a 11\u00aa Edi\u00e7\u00e3o do Programa Prefeitura no Bairro, no s\u00e1bado (15).<br><br>O prefeito Robson Magela anunciou para a comunidade dos bairros Vila Silv\u00e9ria, Dona Beja, Parque das Flores e adjac\u00eancias, a cria\u00e7\u00e3o de um Centro de Refer\u00eancia de Assist\u00eancia Social (CRAS) para a regi\u00e3o. A futura unidade vai funcionar no espa\u00e7o do antigo N\u00facleo de Conviv\u00eancia Dona Beja, que ser\u00e1 revitalizado.<br><br>\u201cH\u00e1 anos a popula\u00e7\u00e3o solicita a revitaliza\u00e7\u00e3o do N\u00facleo de Conviv\u00eancia do Bairro Dona Beja. Agora, o Munic\u00edpio vai revitalizar o espa\u00e7o e transform\u00e1-lo em um CRAS. Uma unidade que vai oferecer diversas atividades diariamente, disponibilizar todos os servi\u00e7os sociais que Arax\u00e1 oferece na Rede P\u00fablica, al\u00e9m de fortalecer e estreitar o relacionamento entre sociedade local e as fam\u00edlias que moram na regi\u00e3o\u201d, destaca o prefeito.<br><br>Al\u00e9m disso, Robson Magela acrescentou que em breve o Setor Sul ser\u00e1 contemplado com ilumina\u00e7\u00e3o de LED e recapeamento de ruas, al\u00e9m da implanta\u00e7\u00e3o de detectores de metais e videomonitoramento no Centro Municipal de Educa\u00e7\u00e3o Infantil (Cemei) Dom Pixote e Escola Municipal Alice Moura, assim como em todas as unidades escolares da Rede Municipal.<br><br>\u201cO Programa Prefeitura no Bairro \u00e9 justamente isso. Escutar as reivindica\u00e7\u00f5es dos moradores, facilitar o acesso aos servi\u00e7os p\u00fablicos e promover projetos priorit\u00e1rios para as regi\u00f5es e bairros da cidade\u201d, ressalta Robson Magela.<br><br>O pastor Bruno Silva aproveitou o 11\u00ba Prefeitura no Bairro com a fam\u00edlia. \u201cVim com minha esposa, minha sogra e meu sogro, aproveitamos muito. \u00c9 um evento muito bom que atende a comunidade e mostra a representatividade da Prefeitura de Arax\u00e1 nos bairros da cidade&#8221;, destaca.<\/p>\n","protected":false},"excerpt":{"rendered":"<p>Mais de 40 servi\u00e7os gratuitos, Dia Mundial da Sa\u00fade e melhorias para a Regi\u00e3o Sul de Arax\u00e1 foram destaques durante<\/p>\n","protected":false},"author":2,"featured_media":4881,"comment_status":"open","ping_status":"open","sticky":false,"template":"","format":"standard","meta":{"footnotes":""},"categories":[9,11],"tags":[],"class_list":["post-4878","post","type-post","status-publish","format-standard","has-post-thumbnail","hentry","category-araxa","category-destaques"],"_links":{"self":[{"href":"http:\/\/blogdoarmindomaia.com.br\/index.php?rest_route=\/wp\/v2\/posts\/4878","targetHints":{"allow":["GET"]}}],"collection":[{"href":"http:\/\/blogdoarmindomaia.com.br\/index.php?rest_route=\/wp\/v2\/posts"}],"about":[{"href":"http:\/\/blogdoarmindomaia.com.br\/index.php?rest_route=\/wp\/v2\/types\/post"}],"author":[{"embeddable":true,"href":"http:\/\/blogdoarmindomaia.com.br\/index.php?rest_route=\/wp\/v2\/users\/2"}],"replies":[{"embeddable":true,"href":"http:\/\/blogdoarmindomaia.com.br\/index.php?rest_route=%2Fwp%2Fv2%2Fcomments&post=4878"}],"version-history":[{"count":2,"href":"http:\/\/blogdoarmindomaia.com.br\/index.php?rest_route=\/wp\/v2\/posts\/4878\/revisions"}],"predecessor-version":[{"id":4882,"href":"http:\/\/blogdoarmindomaia.com.br\/index.php?rest_route=\/wp\/v2\/posts\/4878\/revisions\/4882"}],"wp:featuredmedia":[{"embeddable":true,"href":"http:\/\/blogdoarmindomaia.com.br\/index.php?rest_route=\/wp\/v2\/media\/4881"}],"wp:attachment":[{"href":"http:\/\/blogdoarmindomaia.com.br\/index.php?rest_route=%2Fwp%2Fv2%2Fmedia&parent=4878"}],"wp:term":[{"taxonomy":"category","embeddable":true,"href":"http:\/\/blogdoarmindomaia.com.br\/index.php?rest_route=%2Fwp%2Fv2%2Fcategories&post=4878"},{"taxonomy":"post_tag","embeddable":true,"href":"http:\/\/blogdoarmindomaia.com.br\/index.php?rest_route=%2Fwp%2Fv2%2Ftags&post=4878"}],"curies":[{"name":"wp","href":"https:\/\/api.w.org\/{rel}","templated":true}]}}