{"id":4887,"date":"2023-04-20T14:27:29","date_gmt":"2023-04-20T17:27:29","guid":{"rendered":"http:\/\/blogdoarmindomaia.com.br\/?p=4887"},"modified":"2023-04-20T14:27:31","modified_gmt":"2023-04-20T17:27:31","slug":"prefeitura-de-araxa-anuncia-implantacao-de-detectores-de-metais-em-escolas-e-creches","status":"publish","type":"post","link":"http:\/\/blogdoarmindomaia.com.br\/?p=4887","title":{"rendered":"Prefeitura de Arax\u00e1 anuncia implanta\u00e7\u00e3o de detectores de metais em escolas e creches"},"content":{"rendered":"\n<figure class=\"wp-block-image size-full is-style-default\"><img loading=\"lazy\" decoding=\"async\" width=\"1024\" height=\"683\" src=\"http:\/\/blogdoarmindomaia.com.br\/wp-content\/uploads\/2023\/04\/Prefeitura-de-Araxa-anuncia-implantacao-de-detectores-de-metais-em-escolas-e-creches-pag-07.jpg\" alt=\"\" class=\"wp-image-4888\" srcset=\"http:\/\/blogdoarmindomaia.com.br\/wp-content\/uploads\/2023\/04\/Prefeitura-de-Araxa-anuncia-implantacao-de-detectores-de-metais-em-escolas-e-creches-pag-07.jpg 1024w, http:\/\/blogdoarmindomaia.com.br\/wp-content\/uploads\/2023\/04\/Prefeitura-de-Araxa-anuncia-implantacao-de-detectores-de-metais-em-escolas-e-creches-pag-07-300x200.jpg 300w, http:\/\/blogdoarmindomaia.com.br\/wp-content\/uploads\/2023\/04\/Prefeitura-de-Araxa-anuncia-implantacao-de-detectores-de-metais-em-escolas-e-creches-pag-07-768x512.jpg 768w\" sizes=\"auto, (max-width: 1024px) 100vw, 1024px\" \/><\/figure>\n\n\n\n<p>Como medida de preven\u00e7\u00e3o \u00e0 viol\u00eancia nas escolas, a Prefeitura de Arax\u00e1 anunciou a implanta\u00e7\u00e3o de detectores de metais fixos (portais) e manuais em todas as escolas e creches da Rede Municipal. A decis\u00e3o foi tomada ap\u00f3s reuni\u00e3o com vereadores, nesta sexta-feira (14), na sede do Poder Executivo. Ser\u00e3o 62 unidades contempladas, que v\u00e3o contar tamb\u00e9m com c\u00e2meras de videomonitoramento ligadas diretamente \u00e0 Secretaria de Seguran\u00e7a P\u00fablica.<br><br>Participaram da reuni\u00e3o o prefeito Robson Magela, a secret\u00e1ria municipal de Educa\u00e7\u00e3o Zulma Moreira, o procurador-geral do Munic\u00edpio, Jonathan Ferreira, os vereadores Wellington Martins, Evaldo do Ferrocarril, Jo\u00e3o Veras, Raphael Rios, Jairinho Borges, Pastor Moacir Santos, Alexandre dos Irm\u00e3os Paula e Dirley da Escolinha. Por motivos de compromisso anteriormente agendado, o presidente da C\u00e2mara, vereador Bosco J\u00fanior n\u00e3o p\u00f4de participar do encontro.<br><br>O an\u00fancio faz parte de um pacote de medidas e adequa\u00e7\u00f5es preventivas que visam no aumento da seguran\u00e7a em todos os espa\u00e7os de ensino, que j\u00e1 contam com a presen\u00e7a de guardas patrimoniais e rondas intensificadas.<br><br>Para garantir mais agilidade no processo, a Secretaria Municipal de Educa\u00e7\u00e3o j\u00e1 est\u00e1 realizando as cota\u00e7\u00f5es para abrir procedimento licitat\u00f3rio emergencial.<br><br>O prefeito Robson Magela destaca que o objetivo da Gest\u00e3o Municipal \u00e9 garantir a seguran\u00e7a de alunos, professores e servidores, al\u00e9m de dar mais tranquilidade aos pais e respons\u00e1veis. \u201cEstamos vivendo um momento delicado que exige a\u00e7\u00f5es imediatas, n\u00e3o podemos ficar com os bra\u00e7os cruzados. Nossos filhos s\u00e3o os nossos bens mais preciosos, e n\u00f3s, enquanto gestores, temos como dever e obriga\u00e7\u00e3o mant\u00ea-los seguros e protegidos. O investimento nessa tecnologia \u00e9 uma maneira de preven\u00e7\u00e3o n\u00e3o s\u00f3 aos alunos das unidades municipais, como tamb\u00e9m aos professores e servidores escolares\u201d, afirma.<br><br>De acordo com a secret\u00e1ria Zulma Moreira, para garantir a seguran\u00e7a preventiva dos alunos, o Munic\u00edpio est\u00e1 desenvolvendo uma s\u00e9rie de a\u00e7\u00f5es. \u201cCom a instala\u00e7\u00e3o dos portais detectores de metais, os guardas patrimoniais escolares receber\u00e3o treinamentos espec\u00edficos para saberem como lidar em todas as situa\u00e7\u00f5es. Temos tamb\u00e9m o videomonitoramento onde ser\u00e3o implantadas pelo menos sete c\u00e2meras em cada unidade escolar, que ser\u00e3o monitoradas ao vivo durante todo per\u00edodo das aulas pela Secretaria de Seguran\u00e7a P\u00fablica. Al\u00e9m disso, tamb\u00e9m iremos distribuir uniformes para que os servidores da Educa\u00e7\u00e3o fiquem padronizados para facilitar a identifica\u00e7\u00e3o deles dentro do ambiente escolar\u201d, explica.<br><br><strong>Psic\u00f3logo na Escola<br><\/strong><br>A Secretaria Municipal de Educa\u00e7\u00e3o implantou em 2021 o projeto &#8216;Psic\u00f3logo na Escola&#8217; para as unidades da Rede Municipal de Ensino. O profissional tem como atribui\u00e7\u00e3o estudar e intervir no comportamento humano no contexto de educa\u00e7\u00e3o. A secret\u00e1ria Zulma Moreira explica que em muitas situa\u00e7\u00f5es o aumento do n\u00edvel de viol\u00eancia nas escolas \u00e9 influenciado por jovens com problemas psicol\u00f3gicos,e \u00e9 dever do especialista realizar o atendimento preventivo e\/ou interven\u00e7\u00f5es, como bullying, por exemplo.<br><br>&#8220;O projeto \u2018Psic\u00f3logo na Escola\u2019 vai muito al\u00e9m do contexto educacional. Hoje temos 14 psic\u00f3logos e queremos aumentar esse n\u00famero para 22. O trabalho desse profissional no \u00e2mbito escolar \u00e9 analisar e contribuir para o reconhecimento de comportamentos e atitudes que podem levar ao aparecimento de atos de viol\u00eancia e agressividade entre os alunos. \u00c9 um atendimento de a\u00e7\u00e3o e preven\u00e7\u00e3o quanto \u00e0s demandas emocionais relacionadas ao ambiente escolar e, em alguns casos, familiar\u201d, destaca.<br>Como medida de preven\u00e7\u00e3o \u00e0 viol\u00eancia nas escolas, a Prefeitura de Arax\u00e1 anunciou a implanta\u00e7\u00e3o de detectores de metais fixos (portais) e manuais em todas as escolas e creches da Rede Municipal. A decis\u00e3o foi tomada ap\u00f3s reuni\u00e3o com vereadores, nesta sexta-feira (14), na sede do Poder Executivo. Ser\u00e3o 62 unidades contempladas, que v\u00e3o contar tamb\u00e9m com c\u00e2meras de videomonitoramento ligadas diretamente \u00e0 Secretaria de Seguran\u00e7a P\u00fablica.<br><br>Participaram da reuni\u00e3o o prefeito Robson Magela, a secret\u00e1ria municipal de Educa\u00e7\u00e3o Zulma Moreira, o procurador-geral do Munic\u00edpio, Jonathan Ferreira, os vereadores Wellington Martins, Evaldo do Ferrocarril, Jo\u00e3o Veras, Raphael Rios, Jairinho Borges, Pastor Moacir Santos, Alexandre dos Irm\u00e3os Paula e Dirley da Escolinha. Por motivos de compromisso anteriormente agendado, o presidente da C\u00e2mara, vereador Bosco J\u00fanior n\u00e3o p\u00f4de participar do encontro.<br><br>O an\u00fancio faz parte de um pacote de medidas e adequa\u00e7\u00f5es preventivas que visam no aumento da seguran\u00e7a em todos os espa\u00e7os de ensino, que j\u00e1 contam com a presen\u00e7a de guardas patrimoniais e rondas intensificadas.<br><br>Para garantir mais agilidade no processo, a Secretaria Municipal de Educa\u00e7\u00e3o j\u00e1 est\u00e1 realizando as cota\u00e7\u00f5es para abrir procedimento licitat\u00f3rio emergencial.<br><br>O prefeito Robson Magela destaca que o objetivo da Gest\u00e3o Municipal \u00e9 garantir a seguran\u00e7a de alunos, professores e servidores, al\u00e9m de dar mais tranquilidade aos pais e respons\u00e1veis. \u201cEstamos vivendo um momento delicado que exige a\u00e7\u00f5es imediatas, n\u00e3o podemos ficar com os bra\u00e7os cruzados. Nossos filhos s\u00e3o os nossos bens mais preciosos, e n\u00f3s, enquanto gestores, temos como dever e obriga\u00e7\u00e3o mant\u00ea-los seguros e protegidos. O investimento nessa tecnologia \u00e9 uma maneira de preven\u00e7\u00e3o n\u00e3o s\u00f3 aos alunos das unidades municipais, como tamb\u00e9m aos professores e servidores escolares\u201d, afirma.<br><br>De acordo com a secret\u00e1ria Zulma Moreira, para garantir a seguran\u00e7a preventiva dos alunos, o Munic\u00edpio est\u00e1 desenvolvendo uma s\u00e9rie de a\u00e7\u00f5es. \u201cCom a instala\u00e7\u00e3o dos portais detectores de metais, os guardas patrimoniais escolares receber\u00e3o treinamentos espec\u00edficos para saberem como lidar em todas as situa\u00e7\u00f5es. Temos tamb\u00e9m o videomonitoramento onde ser\u00e3o implantadas pelo menos sete c\u00e2meras em cada unidade escolar, que ser\u00e3o monitoradas ao vivo durante todo per\u00edodo das aulas pela Secretaria de Seguran\u00e7a P\u00fablica. Al\u00e9m disso, tamb\u00e9m iremos distribuir uniformes para que os servidores da Educa\u00e7\u00e3o fiquem padronizados para facilitar a identifica\u00e7\u00e3o deles dentro do ambiente escolar\u201d, explica.<br><br><strong>Psic\u00f3logo na Escola<br><\/strong><br>A Secretaria Municipal de Educa\u00e7\u00e3o implantou em 2021 o projeto &#8216;Psic\u00f3logo na Escola&#8217; para as unidades da Rede Municipal de Ensino. O profissional tem como atribui\u00e7\u00e3o estudar e intervir no comportamento humano no contexto de educa\u00e7\u00e3o. A secret\u00e1ria Zulma Moreira explica que em muitas situa\u00e7\u00f5es o aumento do n\u00edvel de viol\u00eancia nas escolas \u00e9 influenciado por jovens com problemas psicol\u00f3gicos,e \u00e9 dever do especialista realizar o atendimento preventivo e\/ou interven\u00e7\u00f5es, como bullying, por exemplo.<br><br>&#8220;O projeto \u2018Psic\u00f3logo na Escola\u2019 vai muito al\u00e9m do contexto educacional. Hoje temos 14 psic\u00f3logos e queremos aumentar esse n\u00famero para 22. O trabalho desse profissional no \u00e2mbito escolar \u00e9 analisar e contribuir para o reconhecimento de comportamentos e atitudes que podem levar ao aparecimento de atos de viol\u00eancia e agressividade entre os alunos. \u00c9 um atendimento de a\u00e7\u00e3o e preven\u00e7\u00e3o quanto \u00e0s demandas emocionais relacionadas ao ambiente escolar e, em alguns casos, familiar\u201d, destaca.<br><\/p>\n","protected":false},"excerpt":{"rendered":"<p>Como medida de preven\u00e7\u00e3o \u00e0 viol\u00eancia nas escolas, a Prefeitura de Arax\u00e1 anunciou a implanta\u00e7\u00e3o de detectores de metais fixos<\/p>\n","protected":false},"author":2,"featured_media":4888,"comment_status":"open","ping_status":"open","sticky":false,"template":"","format":"standard","meta":{"footnotes":""},"categories":[9,11,13],"tags":[],"class_list":["post-4887","post","type-post","status-publish","format-standard","has-post-thumbnail","hentry","category-araxa","category-destaques","category-educacao"],"_links":{"self":[{"href":"http:\/\/blogdoarmindomaia.com.br\/index.php?rest_route=\/wp\/v2\/posts\/4887","targetHints":{"allow":["GET"]}}],"collection":[{"href":"http:\/\/blogdoarmindomaia.com.br\/index.php?rest_route=\/wp\/v2\/posts"}],"about":[{"href":"http:\/\/blogdoarmindomaia.com.br\/index.php?rest_route=\/wp\/v2\/types\/post"}],"author":[{"embeddable":true,"href":"http:\/\/blogdoarmindomaia.com.br\/index.php?rest_route=\/wp\/v2\/users\/2"}],"replies":[{"embeddable":true,"href":"http:\/\/blogdoarmindomaia.com.br\/index.php?rest_route=%2Fwp%2Fv2%2Fcomments&post=4887"}],"version-history":[{"count":1,"href":"http:\/\/blogdoarmindomaia.com.br\/index.php?rest_route=\/wp\/v2\/posts\/4887\/revisions"}],"predecessor-version":[{"id":4889,"href":"http:\/\/blogdoarmindomaia.com.br\/index.php?rest_route=\/wp\/v2\/posts\/4887\/revisions\/4889"}],"wp:featuredmedia":[{"embeddable":true,"href":"http:\/\/blogdoarmindomaia.com.br\/index.php?rest_route=\/wp\/v2\/media\/4888"}],"wp:attachment":[{"href":"http:\/\/blogdoarmindomaia.com.br\/index.php?rest_route=%2Fwp%2Fv2%2Fmedia&parent=4887"}],"wp:term":[{"taxonomy":"category","embeddable":true,"href":"http:\/\/blogdoarmindomaia.com.br\/index.php?rest_route=%2Fwp%2Fv2%2Fcategories&post=4887"},{"taxonomy":"post_tag","embeddable":true,"href":"http:\/\/blogdoarmindomaia.com.br\/index.php?rest_route=%2Fwp%2Fv2%2Ftags&post=4887"}],"curies":[{"name":"wp","href":"https:\/\/api.w.org\/{rel}","templated":true}]}}