{"id":4890,"date":"2023-04-20T14:46:37","date_gmt":"2023-04-20T17:46:37","guid":{"rendered":"http:\/\/blogdoarmindomaia.com.br\/?p=4890"},"modified":"2023-04-20T14:46:39","modified_gmt":"2023-04-20T17:46:39","slug":"ze-felipe-comemora-aniversario-no-ars-festa-tem-ainda-guilherme-e-benuto-nesta-quinta-20","status":"publish","type":"post","link":"http:\/\/blogdoarmindomaia.com.br\/?p=4890","title":{"rendered":"Z\u00e9 Felipe comemora anivers\u00e1rio no ARS; festa tem ainda Guilherme e Benuto nesta quinta (20)"},"content":{"rendered":"\n<figure class=\"wp-block-image size-large is-resized is-style-default\"><img loading=\"lazy\" decoding=\"async\" src=\"http:\/\/blogdoarmindomaia.com.br\/wp-content\/uploads\/2023\/04\/latitude_19-1024x706.jpeg\" alt=\"\" class=\"wp-image-4891\" width=\"1024\" height=\"706\" srcset=\"http:\/\/blogdoarmindomaia.com.br\/wp-content\/uploads\/2023\/04\/latitude_19-1024x706.jpeg 1024w, http:\/\/blogdoarmindomaia.com.br\/wp-content\/uploads\/2023\/04\/latitude_19-300x207.jpeg 300w, http:\/\/blogdoarmindomaia.com.br\/wp-content\/uploads\/2023\/04\/latitude_19-768x530.jpeg 768w, http:\/\/blogdoarmindomaia.com.br\/wp-content\/uploads\/2023\/04\/latitude_19-130x90.jpeg 130w, http:\/\/blogdoarmindomaia.com.br\/wp-content\/uploads\/2023\/04\/latitude_19.jpeg 1280w\" sizes=\"auto, (max-width: 1024px) 100vw, 1024px\" \/><\/figure>\n\n\n\n<p><em>Classificat\u00f3rias do rodeio e atra\u00e7\u00e3o extra no palco Terrare animam v\u00e9spera de feriado no Parque de Exposi\u00e7\u00f5es<\/em><\/p>\n\n\n\n<figure class=\"wp-block-image size-large is-style-default\"><img loading=\"lazy\" decoding=\"async\" width=\"1024\" height=\"683\" src=\"http:\/\/blogdoarmindomaia.com.br\/wp-content\/uploads\/2023\/04\/ze_felipe_1-1024x683.jpg\" alt=\"\" class=\"wp-image-4892\" srcset=\"http:\/\/blogdoarmindomaia.com.br\/wp-content\/uploads\/2023\/04\/ze_felipe_1-1024x683.jpg 1024w, http:\/\/blogdoarmindomaia.com.br\/wp-content\/uploads\/2023\/04\/ze_felipe_1-300x200.jpg 300w, http:\/\/blogdoarmindomaia.com.br\/wp-content\/uploads\/2023\/04\/ze_felipe_1-768x512.jpg 768w, http:\/\/blogdoarmindomaia.com.br\/wp-content\/uploads\/2023\/04\/ze_felipe_1.jpg 1200w\" sizes=\"auto, (max-width: 1024px) 100vw, 1024px\" \/><\/figure>\n\n\n\n<figure class=\"wp-block-image size-full is-style-default\"><img loading=\"lazy\" decoding=\"async\" width=\"1000\" height=\"627\" src=\"http:\/\/blogdoarmindomaia.com.br\/wp-content\/uploads\/2023\/04\/guilherme_benuto_1.jpg\" alt=\"\" class=\"wp-image-4893\" srcset=\"http:\/\/blogdoarmindomaia.com.br\/wp-content\/uploads\/2023\/04\/guilherme_benuto_1.jpg 1000w, http:\/\/blogdoarmindomaia.com.br\/wp-content\/uploads\/2023\/04\/guilherme_benuto_1-300x188.jpg 300w, http:\/\/blogdoarmindomaia.com.br\/wp-content\/uploads\/2023\/04\/guilherme_benuto_1-768x482.jpg 768w\" sizes=\"auto, (max-width: 1000px) 100vw, 1000px\" \/><\/figure>\n\n\n\n<p>O cantor Z\u00e9 Felipe faz 25 anos nesta sexta-feira (21), mas promete estender o show desta quinta-feira (20) no Arax\u00e1 Rodeio Show para que todo mundo participe da festa. &#8220;Vai ser a primeira vez de muitas em Arax\u00e1, se Deus quiser. Tenho certeza que ser\u00e1 uma noite incr\u00edvel, vamos comemorar muito meu anivers\u00e1rio e fazer um show especial&#8221;, adianta.<\/p>\n\n\n\n<p>A comemora\u00e7\u00e3o deve ter a presen\u00e7a da esposa e influencer Virg\u00ednia Fonseca Costa, al\u00e9m de uma s\u00e9rie de surpresas preparadas pela produ\u00e7\u00e3o do evento. O repert\u00f3rio tamb\u00e9m deve ser especial, com sucessos como <em>Ro\u00e7a Em Mim<\/em>, <em>Toma Toma Vapo Vapo<\/em>, <em>Facilita a\u00ed<\/em>, hit do Carnaval e<em>Malvada<\/em>, clipe mais visto do ano passado no Youtube. &#8220;Fa\u00e7o m\u00fasica para fazer as pessoas felizes, a m\u00fasica que a galera quer ouvir pra curtir, comemorar, animar\u201d, diz.<\/p>\n\n\n\n<p><strong>Guilherme e Benuto<\/strong><\/p>\n\n\n\n<p>Quem tamb\u00e9m entra nesta festa, na mesma noite, \u00e9 a dupla Guilherme e Benuto,cantores que nunca saem dos rankings das \u201cmais tocadas\u201d, desde o come\u00e7o da carreira. \u201cVai fazer cinco anos que a gente tem dupla, e gra\u00e7as a Deus, a gente tem trabalhado bastante. A gente tem conseguido conquistar bastante sonhos e um deles \u00e9 percorrer o Brasil, visitar cidades como Arax\u00e1. Vai ser um show muito especial e a gente espera encontrar um p\u00fablico bem animado em Minas Gerais\u201d, diz Guilherme.<\/p>\n\n\n\n<p>Donos do hit &#8220;Haja Col\u00edrio&#8221;, eles tamb\u00e9m v\u00e3o animar o p\u00fablico com sucessos como <em>Pulei na piscina<\/em>, <em>Assunto Delicado<\/em>, <em>Vagabundo Chora<\/em>, <em>Declara\u00e7\u00e3o pro Bar<\/em>, entre tantos outros.<strong> <\/strong>\u201cNo nosso show, o p\u00fablico passeia por todas as idades. Ent\u00e3o a gente tem que saber com quem a gente quer conversar. N\u00e3o d\u00e1 s\u00f3 para falar com o jovem. Tem gente ali que j\u00e1 sofreu, j\u00e1 casou, j\u00e1 separou, a gente tem que contemplar todo o p\u00fablico\u201d, ressalta Benuto.<\/p>\n\n\n\n<p><strong>Muito mais<\/strong><\/p>\n\n\n\n<p>A noite de m\u00fasica come\u00e7a no palco Terrare que recebe a partir de 20h a banda Piano Rock. O palco extra fica em um espa\u00e7o exclusivo bem perto da \u00e1rea de bares e restaurantes, que promete estar bem movimentada nesta quinta (20).<\/p>\n\n\n\n<p>Neste ano, o p\u00fablico encontra uma grande variedade de pratos que v\u00e3o desde o tradicional churrasquinho \u00e0 pancetta \u00e0 pururuca, passando por bolinhos, carnes variadas, batata-frita; tudo acompanhado pela cerveja bem gelada. \u201cAl\u00e9m do atendimento no balc\u00e3o, quem estiver no camarote tamb\u00e9m vai poder fazer pedidos pelo aplicativo Aiqfome e entregaremos tudo quentinho e bem gostoso. A festa est\u00e1 linda, com uma estrutura \u00f3tima e tenho certeza de que todos ser\u00e3o muito bem atendidos\u201d, diz a comerciante Elaine Cristina da Silva.<\/p>\n\n\n\n<p>Na arena, a disputa fica ainda mais emocionante. Nesta quinta-feira (20) come\u00e7a a etapa classificat\u00f3ria. Vinte e tr\u00eas pe\u00f5es disputam este ano um pr\u00eamio total de R$25 mil. A final ser\u00e1 realizada no s\u00e1bado (22). A divers\u00e3o para toda a fam\u00edlia continua no parque, com dezenas de op\u00e7\u00f5es de brinquedos e nos estandes comerciais dos parceiros do ARS que est\u00e3o recheados de promo\u00e7\u00f5es e brindes.<\/p>\n\n\n\n<p><strong>A quarta-feira no ARS<\/strong><\/p>\n\n\n\n<p>A noite desta quarta-feira foi muito movimentada no Parque de Exposi\u00e7\u00f5es Agenor Lemos. Na abertura do palco Terrare, a atra\u00e7\u00e3o foi a banda Latitude 19. \u201cMuito legal essa oportunidade para os artistas locais. Muita gente vai curtir o rock e o sertanejo tamb\u00e9m\u201d, diz o vocalista Vanin.<\/p>\n\n\n\n<p>O rodeio tamb\u00e9m garantiu a divers\u00e3o de quem chegou mais cedo. Ap\u00f3s uma cerim\u00f4nia de abertura emocionante, conduzida pelos locutores Claudiney Mathias e Pedro Henrique, os pe\u00f5es que disputam em Arax\u00e1 participaram do primeiro desafio. \u201cTenham certeza que Arax\u00e1 est\u00e1 recebendo o que h\u00e1 de melhor, o que h\u00e1 de mais t\u00e9cnico, mais profissional com o time da ACR juntamente com o time do Campeonato Rodeio Bulls. S\u00e3o 23 competidores e s\u00f3 dois deles somam mais de quatro milh\u00f5es montando em touros\u201d, ressalta o comentarista Bruno Ribeiro.<\/p>\n\n\n\n<p>A noite foi encerrada com um show especial das cantoras Maiara &amp; Maraisa. As g\u00eameas mais amadas do pa\u00eds chegaram a Arax\u00e1 inspiradas com o primeiro EP do \u00e1lbum <em>Identidade<\/em>, em que lan\u00e7aram uma m\u00fasica in\u00e9dita de Mar\u00edlia Mendon\u00e7a e tocaram sucessos como <em>A\u00ed eu Bebo<\/em>, <em>Medo Bobo<\/em>, <em>Todo mundo menos voc\u00ea<\/em>, 10% e <em>Sorte que c\u00ea beija bem<\/em>. \u201cVim em 2017 e achei que este ano elas estavam ainda melhores, mais bonitas, um show muito dan\u00e7ante. Adorei e vou voltar nesta quinta\u201d, diz a empres\u00e1ria Isabella de F\u00e1tima.<\/p>\n\n\n\n<p><strong>Ingressos<\/strong><\/p>\n\n\n\n<p><strong>20\/04 \u2013 Z\u00e9 Felipe | Guilherme &amp; Benuto<\/strong><\/p>\n\n\n\n<p>Pista: R$ 80 (INTEIRA) | \u00c1rea VIP: R$ 240 (INTEIRA)<\/p>\n\n\n\n<p>Pista: R$ 40 (MEIA) | \u00c1rea VIP: R$ 120 (MEIA)<\/p>\n\n\n\n<p><strong>21\/04 \u2013 Gustavo Mioto | Ana Castela<\/strong><\/p>\n\n\n\n<p>Pista: R$ 80 (INTEIRA) | \u00c1rea VIP: R$ 240 (INTEIRA)<\/p>\n\n\n\n<p>Pista: R$ 40 (MEIA) | \u00c1rea VIP: R$ 120 (MEIA)<\/p>\n\n\n\n<p><strong>22\/04 \u2013 Thales Lessa | Dennis DJ<\/strong><\/p>\n\n\n\n<p>Pista: R$ 80 (INTEIRA) | \u00c1rea VIP: R$ 240 (INTEIRA)<\/p>\n\n\n\n<p>Pista: R$ 40 (MEIA) | \u00c1rea VIP: R$ 120 (MEIA)<\/p>\n\n\n\n<p><strong>23\/04 \u2013 Em\u00edlio &amp; Eduardo | Jo\u00e3o Bosco &amp; Vin\u00edcius<\/strong><\/p>\n\n\n\n<p>Pista: R$ 20 (INTEIRA) | \u00c1rea VIP: R$ 100 (INTEIRA)<\/p>\n\n\n\n<p>Pista: R$ 10 (MEIA) | \u00c1rea VIP:&nbsp;R$&nbsp;50&nbsp;(MEIA)<\/p>\n\n\n\n<p><strong><em>Servi\u00e7o<\/em><\/strong><\/p>\n\n\n\n<p><strong><em>Arax\u00e1 Rodeio Show<\/em><\/strong><\/p>\n\n\n\n<p><strong>Data:<\/strong> 19 a 23 de abril de 2022<\/p>\n\n\n\n<p><strong>Local:<\/strong> Parque de Exposi\u00e7\u00f5es Agenor Lemos<\/p>\n\n\n\n<p><strong>Ingressos:<\/strong>&nbsp; Lote 2 &#8211; venda de ingressos, \u00e1rea vip e passaportes.<\/p>\n\n\n\n<p><strong>Onde comprar:<\/strong><\/p>\n\n\n\n<p><em>ARAX\u00c1<\/em><\/p>\n\n\n\n<p>\u27a1\ufe0f LOJAS ZEMA &#8211; Av. Get\u00falio Vargas, 120 &#8211; Centro e R. Pres. Oleg\u00e1rio Maciel, 284<\/p>\n\n\n\n<p>\u27a1\ufe0f NAS CINCO UNIDADES DA CURARE &#8211; Pra\u00e7a Governador Valadares, na Vila Fertiza, no Urciano Lemos, no Posto Deck e no Arax\u00e1 Center Shopping<\/p>\n\n\n\n<p>\u27a1\ufe0fESTILO MODA COUNTRY &#8211; R. Pres. Oleg\u00e1rio Maciel, 1070 A<\/p>\n\n\n\n<p>\u27a1\ufe0fLA ROPA HOMEM &#8211; R. Calim\u00e9rio Guimar\u00e3es, 524<\/p>\n\n\n\n<p>\u27a1\ufe0fLINKS CAL\u00c7ADOS &#8211; R. Oleg\u00e1rio Maciel, 120&nbsp;&nbsp;<\/p>\n\n\n\n<p>\u27a1\ufe0fBELLE ALENCAR &#8211; Av. Vereador Jo\u00e3o Sena, 103<\/p>\n\n\n\n<p><em>IBI\u00c1<\/em><\/p>\n\n\n\n<p>\u27a1\ufe0fLOJA ZEMA &#8211; Pra\u00e7a Santa Cruz, 06<\/p>\n\n\n\n<p>\u27a1\ufe0fFRANCISCO JUNIOR &#8211; Rua 25, 42 &#8211; CENTRO<\/p>\n\n\n\n<p><em>PRATINHA &#8211; CAMPOS ALTOS &#8211; SACRAMENTO &#8211; TAPIRA- PERDIZES &#8211; SANTA JULIANA &#8211; SERRA DO SALITRE<\/em><\/p>\n\n\n\n<p>\u27a1\ufe0f Lojas Zema<\/p>\n\n\n\n<p>Vendas online pelo site e app: <a href=\"http:\/\/www.araxarodeioshow.com.br\">www.araxarodeioshow.com.br<\/a> <strong><\/strong><\/p>\n","protected":false},"excerpt":{"rendered":"<p>Classificat\u00f3rias do rodeio e atra\u00e7\u00e3o extra no palco Terrare animam v\u00e9spera de feriado no Parque de Exposi\u00e7\u00f5es O cantor Z\u00e9<\/p>\n","protected":false},"author":2,"featured_media":4892,"comment_status":"open","ping_status":"open","sticky":false,"template":"","format":"standard","meta":{"footnotes":""},"categories":[9,11],"tags":[],"class_list":["post-4890","post","type-post","status-publish","format-standard","has-post-thumbnail","hentry","category-araxa","category-destaques"],"_links":{"self":[{"href":"http:\/\/blogdoarmindomaia.com.br\/index.php?rest_route=\/wp\/v2\/posts\/4890","targetHints":{"allow":["GET"]}}],"collection":[{"href":"http:\/\/blogdoarmindomaia.com.br\/index.php?rest_route=\/wp\/v2\/posts"}],"about":[{"href":"http:\/\/blogdoarmindomaia.com.br\/index.php?rest_route=\/wp\/v2\/types\/post"}],"author":[{"embeddable":true,"href":"http:\/\/blogdoarmindomaia.com.br\/index.php?rest_route=\/wp\/v2\/users\/2"}],"replies":[{"embeddable":true,"href":"http:\/\/blogdoarmindomaia.com.br\/index.php?rest_route=%2Fwp%2Fv2%2Fcomments&post=4890"}],"version-history":[{"count":1,"href":"http:\/\/blogdoarmindomaia.com.br\/index.php?rest_route=\/wp\/v2\/posts\/4890\/revisions"}],"predecessor-version":[{"id":4894,"href":"http:\/\/blogdoarmindomaia.com.br\/index.php?rest_route=\/wp\/v2\/posts\/4890\/revisions\/4894"}],"wp:featuredmedia":[{"embeddable":true,"href":"http:\/\/blogdoarmindomaia.com.br\/index.php?rest_route=\/wp\/v2\/media\/4892"}],"wp:attachment":[{"href":"http:\/\/blogdoarmindomaia.com.br\/index.php?rest_route=%2Fwp%2Fv2%2Fmedia&parent=4890"}],"wp:term":[{"taxonomy":"category","embeddable":true,"href":"http:\/\/blogdoarmindomaia.com.br\/index.php?rest_route=%2Fwp%2Fv2%2Fcategories&post=4890"},{"taxonomy":"post_tag","embeddable":true,"href":"http:\/\/blogdoarmindomaia.com.br\/index.php?rest_route=%2Fwp%2Fv2%2Ftags&post=4890"}],"curies":[{"name":"wp","href":"https:\/\/api.w.org\/{rel}","templated":true}]}}