{"id":4902,"date":"2023-04-25T10:56:40","date_gmt":"2023-04-25T13:56:40","guid":{"rendered":"http:\/\/blogdoarmindomaia.com.br\/?p=4902"},"modified":"2023-04-25T10:56:42","modified_gmt":"2023-04-25T13:56:42","slug":"escola-municipal-de-musica-realiza-a-noite-do-choro-nesta-terca-25","status":"publish","type":"post","link":"http:\/\/blogdoarmindomaia.com.br\/?p=4902","title":{"rendered":"Escola Municipal de M\u00fasica realiza a Noite do Choro nesta ter\u00e7a (25)"},"content":{"rendered":"\n<figure class=\"wp-block-image size-large is-style-default\"><img loading=\"lazy\" decoding=\"async\" width=\"1024\" height=\"1024\" src=\"http:\/\/blogdoarmindomaia.com.br\/wp-content\/uploads\/2023\/04\/Noite-do-choro-1024x1024.jpeg\" alt=\"\" class=\"wp-image-4903\" srcset=\"http:\/\/blogdoarmindomaia.com.br\/wp-content\/uploads\/2023\/04\/Noite-do-choro-1024x1024.jpeg 1024w, http:\/\/blogdoarmindomaia.com.br\/wp-content\/uploads\/2023\/04\/Noite-do-choro-300x300.jpeg 300w, http:\/\/blogdoarmindomaia.com.br\/wp-content\/uploads\/2023\/04\/Noite-do-choro-150x150.jpeg 150w, http:\/\/blogdoarmindomaia.com.br\/wp-content\/uploads\/2023\/04\/Noite-do-choro-768x768.jpeg 768w, http:\/\/blogdoarmindomaia.com.br\/wp-content\/uploads\/2023\/04\/Noite-do-choro.jpeg 1080w\" sizes=\"auto, (max-width: 1024px) 100vw, 1024px\" \/><\/figure>\n\n\n\n<p>A Escola Municipal de M\u00fasica Maestro Elias Porf\u00edrio de Azevedo promove, nesta ter\u00e7a-feira (25), \u00e0s 19h, em frente ao Museu Legislativo e da Imagem e do Som, mais uma edi\u00e7\u00e3o da Noite do Choro. O evento \u00e9 realizado anualmente em homenagem ao nascimento de Pixinguinha, artista que foi um dos maiores expoentes do estilo do Chorinho.<br><br>O momento contar\u00e1 com apresenta\u00e7\u00f5es do grupo de chorinho Chorando na Pra\u00e7a, do grupo de seresta M\u00fasica na Janela, de alunos do curso t\u00e9cnico da Escola de M\u00fasica, al\u00e9m da participa\u00e7\u00e3o de professores e convidados.<br>&nbsp;<br>\u201cSer\u00e1 uma noite especial em homenagem a Pixinguinha, que teve seu anivers\u00e1rio de nascimento comemorado no dia 23 de abril, onde ser\u00e3o apresentados os repert\u00f3rios dele e de grandes artistas deste estilo musical. Toda a comunidade est\u00e1 convidada a prestigiar. Durante o evento, contaremos ainda com a presen\u00e7a de food trucks\u201d, conta a diretora da Escola de M\u00fasica, M\u00e1rcia Balieiro.<br><\/p>\n","protected":false},"excerpt":{"rendered":"<p>A Escola Municipal de M\u00fasica Maestro Elias Porf\u00edrio de Azevedo promove, nesta ter\u00e7a-feira (25), \u00e0s 19h, em frente ao Museu<\/p>\n","protected":false},"author":2,"featured_media":4903,"comment_status":"open","ping_status":"open","sticky":false,"template":"","format":"standard","meta":{"footnotes":""},"categories":[9,11,13],"tags":[],"class_list":["post-4902","post","type-post","status-publish","format-standard","has-post-thumbnail","hentry","category-araxa","category-destaques","category-educacao"],"_links":{"self":[{"href":"http:\/\/blogdoarmindomaia.com.br\/index.php?rest_route=\/wp\/v2\/posts\/4902","targetHints":{"allow":["GET"]}}],"collection":[{"href":"http:\/\/blogdoarmindomaia.com.br\/index.php?rest_route=\/wp\/v2\/posts"}],"about":[{"href":"http:\/\/blogdoarmindomaia.com.br\/index.php?rest_route=\/wp\/v2\/types\/post"}],"author":[{"embeddable":true,"href":"http:\/\/blogdoarmindomaia.com.br\/index.php?rest_route=\/wp\/v2\/users\/2"}],"replies":[{"embeddable":true,"href":"http:\/\/blogdoarmindomaia.com.br\/index.php?rest_route=%2Fwp%2Fv2%2Fcomments&post=4902"}],"version-history":[{"count":1,"href":"http:\/\/blogdoarmindomaia.com.br\/index.php?rest_route=\/wp\/v2\/posts\/4902\/revisions"}],"predecessor-version":[{"id":4904,"href":"http:\/\/blogdoarmindomaia.com.br\/index.php?rest_route=\/wp\/v2\/posts\/4902\/revisions\/4904"}],"wp:featuredmedia":[{"embeddable":true,"href":"http:\/\/blogdoarmindomaia.com.br\/index.php?rest_route=\/wp\/v2\/media\/4903"}],"wp:attachment":[{"href":"http:\/\/blogdoarmindomaia.com.br\/index.php?rest_route=%2Fwp%2Fv2%2Fmedia&parent=4902"}],"wp:term":[{"taxonomy":"category","embeddable":true,"href":"http:\/\/blogdoarmindomaia.com.br\/index.php?rest_route=%2Fwp%2Fv2%2Fcategories&post=4902"},{"taxonomy":"post_tag","embeddable":true,"href":"http:\/\/blogdoarmindomaia.com.br\/index.php?rest_route=%2Fwp%2Fv2%2Ftags&post=4902"}],"curies":[{"name":"wp","href":"https:\/\/api.w.org\/{rel}","templated":true}]}}