{"id":4908,"date":"2023-04-25T11:12:02","date_gmt":"2023-04-25T14:12:02","guid":{"rendered":"http:\/\/blogdoarmindomaia.com.br\/?p=4908"},"modified":"2023-04-25T11:12:04","modified_gmt":"2023-04-25T14:12:04","slug":"araxa-rodeio-show-bate-recorde-de-publico","status":"publish","type":"post","link":"http:\/\/blogdoarmindomaia.com.br\/?p=4908","title":{"rendered":"Arax\u00e1 Rodeio Show bate recorde de p\u00fablico"},"content":{"rendered":"\n<figure class=\"wp-block-image size-large is-style-default\"><img loading=\"lazy\" decoding=\"async\" width=\"1024\" height=\"682\" src=\"http:\/\/blogdoarmindomaia.com.br\/wp-content\/uploads\/2023\/04\/Araxa-Rodeio-Show-bate-recorde-de-publico-paag-12-1024x682.jpeg\" alt=\"\" class=\"wp-image-4909\" srcset=\"http:\/\/blogdoarmindomaia.com.br\/wp-content\/uploads\/2023\/04\/Araxa-Rodeio-Show-bate-recorde-de-publico-paag-12-1024x682.jpeg 1024w, http:\/\/blogdoarmindomaia.com.br\/wp-content\/uploads\/2023\/04\/Araxa-Rodeio-Show-bate-recorde-de-publico-paag-12-300x200.jpeg 300w, http:\/\/blogdoarmindomaia.com.br\/wp-content\/uploads\/2023\/04\/Araxa-Rodeio-Show-bate-recorde-de-publico-paag-12-768x512.jpeg 768w, http:\/\/blogdoarmindomaia.com.br\/wp-content\/uploads\/2023\/04\/Araxa-Rodeio-Show-bate-recorde-de-publico-paag-12-1536x1023.jpeg 1536w, http:\/\/blogdoarmindomaia.com.br\/wp-content\/uploads\/2023\/04\/Araxa-Rodeio-Show-bate-recorde-de-publico-paag-12.jpeg 1600w\" sizes=\"auto, (max-width: 1024px) 100vw, 1024px\" \/><\/figure>\n\n\n\n<figure class=\"wp-block-image size-large is-style-default\"><img loading=\"lazy\" decoding=\"async\" width=\"1024\" height=\"683\" src=\"http:\/\/blogdoarmindomaia.com.br\/wp-content\/uploads\/2023\/04\/Dennis-Dj-1024x683.jpeg\" alt=\"\" class=\"wp-image-4910\" srcset=\"http:\/\/blogdoarmindomaia.com.br\/wp-content\/uploads\/2023\/04\/Dennis-Dj-1024x683.jpeg 1024w, http:\/\/blogdoarmindomaia.com.br\/wp-content\/uploads\/2023\/04\/Dennis-Dj-300x200.jpeg 300w, http:\/\/blogdoarmindomaia.com.br\/wp-content\/uploads\/2023\/04\/Dennis-Dj-768x512.jpeg 768w, http:\/\/blogdoarmindomaia.com.br\/wp-content\/uploads\/2023\/04\/Dennis-Dj-1536x1024.jpeg 1536w, http:\/\/blogdoarmindomaia.com.br\/wp-content\/uploads\/2023\/04\/Dennis-Dj.jpeg 1566w\" sizes=\"auto, (max-width: 1024px) 100vw, 1024px\" \/><\/figure>\n\n\n\n<figure class=\"wp-block-image size-large is-style-default\"><img loading=\"lazy\" decoding=\"async\" width=\"1024\" height=\"683\" src=\"http:\/\/blogdoarmindomaia.com.br\/wp-content\/uploads\/2023\/04\/Ana-Castela-1024x683.jpeg\" alt=\"\" class=\"wp-image-4911\" srcset=\"http:\/\/blogdoarmindomaia.com.br\/wp-content\/uploads\/2023\/04\/Ana-Castela-1024x683.jpeg 1024w, http:\/\/blogdoarmindomaia.com.br\/wp-content\/uploads\/2023\/04\/Ana-Castela-300x200.jpeg 300w, http:\/\/blogdoarmindomaia.com.br\/wp-content\/uploads\/2023\/04\/Ana-Castela-768x512.jpeg 768w, http:\/\/blogdoarmindomaia.com.br\/wp-content\/uploads\/2023\/04\/Ana-Castela.jpeg 1491w\" sizes=\"auto, (max-width: 1024px) 100vw, 1024px\" \/><\/figure>\n\n\n\n<figure class=\"wp-block-image size-full is-style-default\"><img loading=\"lazy\" decoding=\"async\" width=\"1000\" height=\"666\" src=\"http:\/\/blogdoarmindomaia.com.br\/wp-content\/uploads\/2023\/04\/Araxa-Rodeio-Show-bate-recorde-de-publico-pag-12.jpeg\" alt=\"\" class=\"wp-image-4912\" srcset=\"http:\/\/blogdoarmindomaia.com.br\/wp-content\/uploads\/2023\/04\/Araxa-Rodeio-Show-bate-recorde-de-publico-pag-12.jpeg 1000w, http:\/\/blogdoarmindomaia.com.br\/wp-content\/uploads\/2023\/04\/Araxa-Rodeio-Show-bate-recorde-de-publico-pag-12-300x200.jpeg 300w, http:\/\/blogdoarmindomaia.com.br\/wp-content\/uploads\/2023\/04\/Araxa-Rodeio-Show-bate-recorde-de-publico-pag-12-768x511.jpeg 768w\" sizes=\"auto, (max-width: 1000px) 100vw, 1000px\" \/><\/figure>\n\n\n\n<p>Terminou no domingo (23) a quarta edi\u00e7\u00e3o do Arax\u00e1 Rodeio Show. A maior festa de rodeio da regi\u00e3o bateu recorde de p\u00fablico este ano e surpreendeu quem foi ao Parque de Exposi\u00e7\u00f5es Agenor Lemos. \u201cAchei tudo muito organizado, uma estrutura que s\u00f3 o Arax\u00e1 Rodeio Show tem, shows perfeitos e tudo com muita seguran\u00e7a. Eu vim com toda a minha fam\u00edlia, todos os dias e nos divertimos muito\u201d, ressalta o empres\u00e1rio Rodrigo Silva.<\/p>\n\n\n\n<p>A organiza\u00e7\u00e3o do evento tamb\u00e9m fez um balan\u00e7o positivo de 2023 e anunciou algumas novidades para 2024. No ano que vem o ARS continuar\u00e1 com cinco dias, de 17 a 21 de abril, mas para o empres\u00e1rio Luciano Rios (Bezz Eventos) os desafios ser\u00e3o maiores. \u201cN\u00e3o d\u00e1 para pensar em menos do que entregamos este ano. Nosso p\u00fablico quer ver e a gente topa o desafio de fazer o Arax\u00e1 Rodeio Show crescer todos os anos. Para 2024 eu te garanto que teremos uma grade ainda mais ousada, shows duplos, um crescimento no rodeio e uma estrutura cheia de novidades\u201d, garante.<\/p>\n\n\n\n<p>Entre as confirma\u00e7\u00f5es anunciadas, est\u00e1 o patroc\u00ednio do Grupo Zema, j\u00e1 fechado para 2024 e a presen\u00e7a de Pedro Sampaio e Jorge &amp; Mateus.<\/p>\n\n\n\n<p><strong>Seguran\u00e7a<\/strong><\/p>\n\n\n\n<p>A seguran\u00e7a \u00e9 um dos fatores que merece destaque nesta edi\u00e7\u00e3o do ARS. Um trabalho conjunto entre a Pol\u00edcia Militar e a seguran\u00e7a particular, aliada a tecnologia de monitoramento em todo parque permitiu um feito raro em uma festa do tamanho do Arax\u00e1 Rodeio Show. \u201cN\u00e3o tivemos registros de nenhuma ocorr\u00eancia de maior gravidade. N\u00e3o tivemos registro, at\u00e9 ent\u00e3o, nem de furtos, nem de roubo. Uma festa muito tranquila\u201d, avaliou o comandante do 37\u00ba Batalh\u00e3o da Pol\u00edcia Militar, o tenente-coronel Ademir Vicente Fagundes.<\/p>\n\n\n\n<p>Para o comandante, o resultado tem rela\u00e7\u00e3o com a soma de esfor\u00e7os no planejamento do ARS. \u201cN\u00e3o s\u00f3 as equipes de seguran\u00e7a, o policiamento, a ostensividade do policiamento, a estrutura ajudou muito, ilumina\u00e7\u00e3o, os locais de passagem muito amplos, o sistema de c\u00e2meras; tudo contribuiu bastante para que a gente tivesse muito \u00eaxito e um evento coroado do ponto de vista de seguran\u00e7a\u201d, disse.<\/p>\n\n\n\n<p><strong>O domingo no ARS<\/strong><\/p>\n\n\n\n<p>O domingo (23) foi especial no Parque de Exposi\u00e7\u00f5es Agenor Lemos. A festa come\u00e7ou um pouco mais cedo no palco central com homenagens aos 100 anos do Grupo Zema. \u201cEm um pa\u00eds em que a maioria das empresas n\u00e3o dura dez anos, fazer 100 n\u00e3o pode ser s\u00f3 um marco. Tem que ser orgulho\u2026de quem idealizou essa hist\u00f3ria, de quem ajudou a construir, de quem foi beneficiado por ela. Em nome da comunidade araxaense, o Arax\u00e1 Rodeio Show reconhece que todo esse tempo de trabalho valeu a pena\u201d, diz Daniel Nacati, produtor e assessor de imprensa do ARS.<\/p>\n\n\n\n<p>Al\u00e9m do grande p\u00fablico que compareceu e p\u00f4de participar de uma s\u00e9rie de atividades proporcionadas pela companhia, uma \u00e1rea especial foi reservada para os mais de 500 gerentes de todo Brasil e quase mil colaboradores de Arax\u00e1, com seus acompanhantes. \u201cForam quase 2.500 pessoas fazendo parte desta festa junto com a comunidade de Arax\u00e1, um reconhecimento aos que ajudam a construir essa hist\u00f3ria\u201d, diz Bruno Ferreira, Head de Marketing e E-commerce do Grupo Zema.<\/p>\n\n\n\n<p>A \u00faltima noite do Arax\u00e1 Rodeio Show foi encerrada com os shows das duplas Jo\u00e3o Bosco &amp; Vin\u00edcius e Em\u00edlio e Eduardo.<\/p>\n\n\n\n<p><strong>TOP 10<\/strong><\/p>\n\n\n\n<p>Relembre os grandes momentos do ARS 2023:<\/p>\n\n\n\n<ol class=\"wp-block-list\" type=\"1\">\n<li>Animadas, Maiara &amp; Maraisa revelam que tomaram banho de lama nas Termas<\/li>\n\n\n\n<li>Anivers\u00e1rio de Z\u00e9 Felipe<\/li>\n\n\n\n<li>Participa\u00e7\u00e3o Vitor e Versol no show de Guilherme e Benuto<\/li>\n\n\n\n<li>Recorde de p\u00fablico no show de Ana Castela<\/li>\n\n\n\n<li>Apresenta\u00e7\u00f5es no Palco Terrare<\/li>\n\n\n\n<li>Brindes dos patrocinadores nos estandes<\/li>\n\n\n\n<li>Final do Rodeio do ARS<\/li>\n\n\n\n<li>Thales Lessa relembra Banda Bakana<\/li>\n\n\n\n<li>Efeitos especiais do show de Dennis DJ<\/li>\n\n\n\n<li>Encerramento da festa com o show de Jo\u00e3o Bosco &amp; Vin\u00edcius<\/li>\n<\/ol>\n\n\n\n<p><strong>Sobre o ARS<\/strong><\/p>\n\n\n\n<p>O Arax\u00e1 Rodeio Show \u00e9 a maior festa de rodeio da regi\u00e3o. O evento \u00e9uma realiza\u00e7\u00e3o da Bezz Eventos e Produ\u00e7\u00f5es e JP Estruturas com o patroc\u00ednio de Zema, Emprol Incorporadora, Bem Brasil, Satis e Algar Telecom. Apoio da Sicredi. A TV Integra\u00e7\u00e3o \u00e9 a emissora oficial do ARS.<\/p>\n","protected":false},"excerpt":{"rendered":"<p>Terminou no domingo (23) a quarta edi\u00e7\u00e3o do Arax\u00e1 Rodeio Show. A maior festa de rodeio da regi\u00e3o bateu recorde<\/p>\n","protected":false},"author":2,"featured_media":4912,"comment_status":"open","ping_status":"open","sticky":false,"template":"","format":"standard","meta":{"footnotes":""},"categories":[9,11],"tags":[],"class_list":["post-4908","post","type-post","status-publish","format-standard","has-post-thumbnail","hentry","category-araxa","category-destaques"],"_links":{"self":[{"href":"http:\/\/blogdoarmindomaia.com.br\/index.php?rest_route=\/wp\/v2\/posts\/4908","targetHints":{"allow":["GET"]}}],"collection":[{"href":"http:\/\/blogdoarmindomaia.com.br\/index.php?rest_route=\/wp\/v2\/posts"}],"about":[{"href":"http:\/\/blogdoarmindomaia.com.br\/index.php?rest_route=\/wp\/v2\/types\/post"}],"author":[{"embeddable":true,"href":"http:\/\/blogdoarmindomaia.com.br\/index.php?rest_route=\/wp\/v2\/users\/2"}],"replies":[{"embeddable":true,"href":"http:\/\/blogdoarmindomaia.com.br\/index.php?rest_route=%2Fwp%2Fv2%2Fcomments&post=4908"}],"version-history":[{"count":1,"href":"http:\/\/blogdoarmindomaia.com.br\/index.php?rest_route=\/wp\/v2\/posts\/4908\/revisions"}],"predecessor-version":[{"id":4913,"href":"http:\/\/blogdoarmindomaia.com.br\/index.php?rest_route=\/wp\/v2\/posts\/4908\/revisions\/4913"}],"wp:featuredmedia":[{"embeddable":true,"href":"http:\/\/blogdoarmindomaia.com.br\/index.php?rest_route=\/wp\/v2\/media\/4912"}],"wp:attachment":[{"href":"http:\/\/blogdoarmindomaia.com.br\/index.php?rest_route=%2Fwp%2Fv2%2Fmedia&parent=4908"}],"wp:term":[{"taxonomy":"category","embeddable":true,"href":"http:\/\/blogdoarmindomaia.com.br\/index.php?rest_route=%2Fwp%2Fv2%2Fcategories&post=4908"},{"taxonomy":"post_tag","embeddable":true,"href":"http:\/\/blogdoarmindomaia.com.br\/index.php?rest_route=%2Fwp%2Fv2%2Ftags&post=4908"}],"curies":[{"name":"wp","href":"https:\/\/api.w.org\/{rel}","templated":true}]}}