{"id":4917,"date":"2023-04-25T14:26:21","date_gmt":"2023-04-25T17:26:21","guid":{"rendered":"http:\/\/blogdoarmindomaia.com.br\/?p=4917"},"modified":"2023-04-25T14:26:23","modified_gmt":"2023-04-25T17:26:23","slug":"reinaugurado-o-ginasio-poliesportivo-jose-custodio-de-rezende-no-parque-das-flores","status":"publish","type":"post","link":"http:\/\/blogdoarmindomaia.com.br\/?p=4917","title":{"rendered":"Reinaugurado o Gin\u00e1sio Poliesportivo Jos\u00e9 Cust\u00f3dio de Rezende, no Parque das Flores"},"content":{"rendered":"\n<figure class=\"wp-block-image size-full is-style-default\"><img loading=\"lazy\" decoding=\"async\" width=\"1024\" height=\"683\" src=\"http:\/\/blogdoarmindomaia.com.br\/wp-content\/uploads\/2023\/04\/Reinaugurado-o-Ginasio-Poliesportivo-Jose-Custodio-de-Rezende-pag-09.jpeg\" alt=\"\" class=\"wp-image-4918\" srcset=\"http:\/\/blogdoarmindomaia.com.br\/wp-content\/uploads\/2023\/04\/Reinaugurado-o-Ginasio-Poliesportivo-Jose-Custodio-de-Rezende-pag-09.jpeg 1024w, http:\/\/blogdoarmindomaia.com.br\/wp-content\/uploads\/2023\/04\/Reinaugurado-o-Ginasio-Poliesportivo-Jose-Custodio-de-Rezende-pag-09-300x200.jpeg 300w, http:\/\/blogdoarmindomaia.com.br\/wp-content\/uploads\/2023\/04\/Reinaugurado-o-Ginasio-Poliesportivo-Jose-Custodio-de-Rezende-pag-09-768x512.jpeg 768w\" sizes=\"auto, (max-width: 1024px) 100vw, 1024px\" \/><\/figure>\n\n\n\n<p>A Prefeitura de Arax\u00e1 reinaugurou o gin\u00e1sio poliesportivo Jos\u00e9 Cust\u00f3dio de Rezende, no bairro Parque das Flores, no \u00faltimo final de semana (20). A obra recebeu o investimento no valor de R$ 628.359,20 em recursos pr\u00f3prios e atende uma antiga demanda dos moradores, que agora contam com o espa\u00e7o totalmente revitalizado para realizar atividades sociais, esportivas e de lazer.<br><br>O evento contou com as presen\u00e7as do prefeito Robson Magela, do secret\u00e1rios Ded\u00e9 (Esportes) e \u00c2ngelo Fran\u00e7a (Obras P\u00fablicas), do filho e neto do homenageado Jos\u00e9 Cust\u00f3dio de Rezende, Jos\u00e9 Deusdedith de Rezende e Jos\u00e9 Deusdedit Botelho de Rezende, do presidente da C\u00e2mara Municipal, Bosco J\u00fanior, e vereadores Evaldo do Ferrocarril, Jo\u00e3o Veras, Dirley da Escolinha e Alexandre dos Irm\u00e3os Paula, demais secret\u00e1rios municipais e moradores.<br><br>O espa\u00e7o que ficou abandonado por v\u00e1rios anos recebeu revitaliza\u00e7\u00e3o completa com pintura geral, troca de pisos, telhas e port\u00e3o, constru\u00e7\u00e3o de muro lateral, instala\u00e7\u00e3o de parquinho infantil e equipamentos de gin\u00e1stica ao ar livre, reparos el\u00e9tricos e hidr\u00e1ulicos, sistema de ilumina\u00e7\u00e3o em LED, al\u00e9m de reforma de alambrados e vesti\u00e1rios.<br><br>O prefeito Robson Magela ressalta a import\u00e2ncia do investimento para a popula\u00e7\u00e3o do Setor Sul. \u201cEstamos mais uma vez entregando uma obra para a popula\u00e7\u00e3o araxaense e fico muito feliz com essa constru\u00e7\u00e3o. Era um espa\u00e7o que estava abandonado e agora entregamos um gin\u00e1sio que oferece uma fun\u00e7\u00e3o social, com atividades de lazer e integra\u00e7\u00e3o da comunidade&#8221;, completa.<br><br>O morador do Parque das Flores, Danilo Xavier Gamb\u00f4a, afirma que \u00e9 uma satisfa\u00e7\u00e3o ver o espa\u00e7o totalmente revitalizado depois de muitos anos de espera. \u201cEu, como morador do Parque das Flores por mais de 30 anos, fico muito feliz em ver o espa\u00e7o totalmente revitalizado e pronto para que as crian\u00e7as possam viver as mesmas experi\u00eancias que vivi quando crian\u00e7a\u201d, completa.<br><br>Jos\u00e9 Deusdedith ressalta a felicidade em ver o seu pai ser novamente homenageado. \u201cQuando se lembra do senhor Z\u00e9 Cust\u00f3dio d\u00e1 uma saudade grande. Ele foi um homem p\u00fablico que serviu muito a sociedade, ele gostava de Arax\u00e1 e trabalhou muito para o povo. Foi vereador durante 30 anos e a Prefeitura e a C\u00e2mara na \u00e9poca resolveram homenagear com o nome dele esse gin\u00e1sio quando foi constru\u00eddo. Ent\u00e3o, a gente agradece a Gest\u00e3o Municipal, ao p\u00fablico e aos vereadores por essa lembran\u00e7a\u201d, conclui.<\/p>\n","protected":false},"excerpt":{"rendered":"<p>A Prefeitura de Arax\u00e1 reinaugurou o gin\u00e1sio poliesportivo Jos\u00e9 Cust\u00f3dio de Rezende, no bairro Parque das Flores, no \u00faltimo final<\/p>\n","protected":false},"author":2,"featured_media":4918,"comment_status":"open","ping_status":"open","sticky":false,"template":"","format":"standard","meta":{"footnotes":""},"categories":[9,11],"tags":[],"class_list":["post-4917","post","type-post","status-publish","format-standard","has-post-thumbnail","hentry","category-araxa","category-destaques"],"_links":{"self":[{"href":"http:\/\/blogdoarmindomaia.com.br\/index.php?rest_route=\/wp\/v2\/posts\/4917","targetHints":{"allow":["GET"]}}],"collection":[{"href":"http:\/\/blogdoarmindomaia.com.br\/index.php?rest_route=\/wp\/v2\/posts"}],"about":[{"href":"http:\/\/blogdoarmindomaia.com.br\/index.php?rest_route=\/wp\/v2\/types\/post"}],"author":[{"embeddable":true,"href":"http:\/\/blogdoarmindomaia.com.br\/index.php?rest_route=\/wp\/v2\/users\/2"}],"replies":[{"embeddable":true,"href":"http:\/\/blogdoarmindomaia.com.br\/index.php?rest_route=%2Fwp%2Fv2%2Fcomments&post=4917"}],"version-history":[{"count":1,"href":"http:\/\/blogdoarmindomaia.com.br\/index.php?rest_route=\/wp\/v2\/posts\/4917\/revisions"}],"predecessor-version":[{"id":4919,"href":"http:\/\/blogdoarmindomaia.com.br\/index.php?rest_route=\/wp\/v2\/posts\/4917\/revisions\/4919"}],"wp:featuredmedia":[{"embeddable":true,"href":"http:\/\/blogdoarmindomaia.com.br\/index.php?rest_route=\/wp\/v2\/media\/4918"}],"wp:attachment":[{"href":"http:\/\/blogdoarmindomaia.com.br\/index.php?rest_route=%2Fwp%2Fv2%2Fmedia&parent=4917"}],"wp:term":[{"taxonomy":"category","embeddable":true,"href":"http:\/\/blogdoarmindomaia.com.br\/index.php?rest_route=%2Fwp%2Fv2%2Fcategories&post=4917"},{"taxonomy":"post_tag","embeddable":true,"href":"http:\/\/blogdoarmindomaia.com.br\/index.php?rest_route=%2Fwp%2Fv2%2Ftags&post=4917"}],"curies":[{"name":"wp","href":"https:\/\/api.w.org\/{rel}","templated":true}]}}