{"id":4926,"date":"2023-04-26T15:45:44","date_gmt":"2023-04-26T18:45:44","guid":{"rendered":"http:\/\/blogdoarmindomaia.com.br\/?p=4926"},"modified":"2023-04-26T15:45:46","modified_gmt":"2023-04-26T18:45:46","slug":"garrado-e-o-novo-secretario-de-agricultura-e-pecuaria-de-araxa","status":"publish","type":"post","link":"http:\/\/blogdoarmindomaia.com.br\/?p=4926","title":{"rendered":"Garrado \u00e9 o novo secret\u00e1rio de Agricultura e Pecu\u00e1ria de Arax\u00e1"},"content":{"rendered":"\n<p><\/p>\n\n\n\n<figure class=\"wp-block-image size-full is-style-default\"><img loading=\"lazy\" decoding=\"async\" width=\"1024\" height=\"683\" src=\"http:\/\/blogdoarmindomaia.com.br\/wp-content\/uploads\/2023\/04\/Garrado-e-o-novo-secretario-de-Agricultura-e-Pecuaria-de-Araxa-pag-07.jpeg\" alt=\"\" class=\"wp-image-4927\" srcset=\"http:\/\/blogdoarmindomaia.com.br\/wp-content\/uploads\/2023\/04\/Garrado-e-o-novo-secretario-de-Agricultura-e-Pecuaria-de-Araxa-pag-07.jpeg 1024w, http:\/\/blogdoarmindomaia.com.br\/wp-content\/uploads\/2023\/04\/Garrado-e-o-novo-secretario-de-Agricultura-e-Pecuaria-de-Araxa-pag-07-300x200.jpeg 300w, http:\/\/blogdoarmindomaia.com.br\/wp-content\/uploads\/2023\/04\/Garrado-e-o-novo-secretario-de-Agricultura-e-Pecuaria-de-Araxa-pag-07-768x512.jpeg 768w\" sizes=\"auto, (max-width: 1024px) 100vw, 1024px\" \/><\/figure>\n\n\n\n<p>O novo secret\u00e1rio municipal de Agricultura e Pecu\u00e1ria, C\u00e9sar Romero da Silva (Garrado), foi anunciado pelo prefeito Robson Magela na tarde da \u00faltima segunda-feira (24) durante reuni\u00e3o com vereadores na sede da Prefeitura de Arax\u00e1. A pasta estava interinamente sob responsabilidade do secret\u00e1rio municipal de Servi\u00e7os Urbanos, Ricardo Alexandre da Silva (Kak\u00e1).<br><br>Garrado tem 58 anos, foi vereador por tr\u00eas mandatos consecutivos (2008 a 2020), \u00e9 aposentado, formado em Minera\u00e7\u00e3o e trabalhou por 30 anos na Companhia Brasileira de Metalurgia e Minera\u00e7\u00e3o (CBMM).<br><br>Estiveram presentes no an\u00fancio os vereadores Bosco J\u00fanior (presidente da C\u00e2mara), Wellington Martins, Jo\u00e3o Veras, Alexandre dos Irm\u00e3os Paula, Dirley da Escolinha e Jairinho Borges, e o procurador geral do Munic\u00edpio, Jonathan Ferreira.<br><br>Na oportunidade, Garrado destacou algumas das a\u00e7\u00f5es planejadas durante sua gest\u00e3o na pasta. \u201cMinhas expectativas s\u00e3o as melhores poss\u00edveis. As nossas prioridades hoje s\u00e3o o escoamento e a manuten\u00e7\u00e3o das estradas rurais. Vamos procurar recursos dentro da legalidade para atender o ir e vir do produtor rural, ou seja, para escoar sua produ\u00e7\u00e3o, escoar o seu leite e ter acesso a estradas de qualidade para levar alimenta\u00e7\u00e3o para o gado. Esse \u00e9 o nosso intuito, \u00e9 uma obriga\u00e7\u00e3o da gest\u00e3o\u201d, refor\u00e7a.<br><br>O prefeito Robson Magela ressaltou a import\u00e2ncia do trabalho da Secretaria Municipal de Agricultura e Pecu\u00e1ria para o desenvolvimento do setor. \u201cNossa gest\u00e3o est\u00e1 trabalhando desde o in\u00edcio para ajudar as comunidades rurais com a\u00e7\u00f5es e projetos voltados ao produtor rural. Temos um potencial muito forte. N\u00e3o poderia tamb\u00e9m deixar de agradecer o secret\u00e1rio Ricardo Alexandre (Kak\u00e1), que assumiu de forma interina a secretaria e fez um bel\u00edssimo trabalho, com muito empenho e dedica\u00e7\u00e3o \u00e0 comunidade rural de Arax\u00e1\u201d, reitera.<br><br>A equipe da Agricultura e Pecu\u00e1ria tamb\u00e9m passa a contar com o produtor rural Osmar Gon\u00e7alves dos Santos. Ele assumiu a Superintend\u00eancia de Manuten\u00e7\u00e3o de Vias Rurais.<br><br>Osmar tem 51 anos e \u00e9 formado em Administra\u00e7\u00e3o de Empresa, com especialidade no Agroneg\u00f3cio. Preside atualmente o Sindicato dos Produtores Rurais de Arax\u00e1.<br><br>\u201cAs nossas expectativas s\u00e3o muito grandes, o nosso munic\u00edpio est\u00e1 se tornando cada vez mais voltado para o Agroneg\u00f3cio e sabemos que Arax\u00e1 vai ser o maior polo de batatas do mundo. Dessa forma, precisamos pensar em melhorias de estradas para aprimorar a produ\u00e7\u00e3o e pol\u00edticas voltadas para o Agroneg\u00f3cio. Vamos somar e contribuir para que esse setor se torne cada vez mais forte no munic\u00edpio\u201d, refor\u00e7a.<\/p>\n","protected":false},"excerpt":{"rendered":"<p>O novo secret\u00e1rio municipal de Agricultura e Pecu\u00e1ria, C\u00e9sar Romero da Silva (Garrado), foi anunciado pelo prefeito Robson Magela na<\/p>\n","protected":false},"author":2,"featured_media":4928,"comment_status":"open","ping_status":"open","sticky":false,"template":"","format":"standard","meta":{"footnotes":""},"categories":[9,11],"tags":[],"class_list":["post-4926","post","type-post","status-publish","format-standard","has-post-thumbnail","hentry","category-araxa","category-destaques"],"_links":{"self":[{"href":"http:\/\/blogdoarmindomaia.com.br\/index.php?rest_route=\/wp\/v2\/posts\/4926","targetHints":{"allow":["GET"]}}],"collection":[{"href":"http:\/\/blogdoarmindomaia.com.br\/index.php?rest_route=\/wp\/v2\/posts"}],"about":[{"href":"http:\/\/blogdoarmindomaia.com.br\/index.php?rest_route=\/wp\/v2\/types\/post"}],"author":[{"embeddable":true,"href":"http:\/\/blogdoarmindomaia.com.br\/index.php?rest_route=\/wp\/v2\/users\/2"}],"replies":[{"embeddable":true,"href":"http:\/\/blogdoarmindomaia.com.br\/index.php?rest_route=%2Fwp%2Fv2%2Fcomments&post=4926"}],"version-history":[{"count":1,"href":"http:\/\/blogdoarmindomaia.com.br\/index.php?rest_route=\/wp\/v2\/posts\/4926\/revisions"}],"predecessor-version":[{"id":4929,"href":"http:\/\/blogdoarmindomaia.com.br\/index.php?rest_route=\/wp\/v2\/posts\/4926\/revisions\/4929"}],"wp:featuredmedia":[{"embeddable":true,"href":"http:\/\/blogdoarmindomaia.com.br\/index.php?rest_route=\/wp\/v2\/media\/4928"}],"wp:attachment":[{"href":"http:\/\/blogdoarmindomaia.com.br\/index.php?rest_route=%2Fwp%2Fv2%2Fmedia&parent=4926"}],"wp:term":[{"taxonomy":"category","embeddable":true,"href":"http:\/\/blogdoarmindomaia.com.br\/index.php?rest_route=%2Fwp%2Fv2%2Fcategories&post=4926"},{"taxonomy":"post_tag","embeddable":true,"href":"http:\/\/blogdoarmindomaia.com.br\/index.php?rest_route=%2Fwp%2Fv2%2Ftags&post=4926"}],"curies":[{"name":"wp","href":"https:\/\/api.w.org\/{rel}","templated":true}]}}