{"id":4930,"date":"2023-04-26T15:48:20","date_gmt":"2023-04-26T18:48:20","guid":{"rendered":"http:\/\/blogdoarmindomaia.com.br\/?p=4930"},"modified":"2023-04-26T15:48:23","modified_gmt":"2023-04-26T18:48:23","slug":"plantoes-de-atendimento-para-a-regularizacao-fundiaria-urbana-em-araxa","status":"publish","type":"post","link":"http:\/\/blogdoarmindomaia.com.br\/?p=4930","title":{"rendered":"Plant\u00f5es de atendimento para a Regulariza\u00e7\u00e3o Fundi\u00e1ria Urbana em Arax\u00e1"},"content":{"rendered":"\n<figure class=\"wp-block-image size-full is-style-default\"><img loading=\"lazy\" decoding=\"async\" width=\"1024\" height=\"683\" src=\"http:\/\/blogdoarmindomaia.com.br\/wp-content\/uploads\/2023\/04\/Plantoes-de-atendimento-para-a-Regularizacao-Fundiaria-Urbana-em-Araxa-pag-03.jpg\" alt=\"\" class=\"wp-image-4931\" srcset=\"http:\/\/blogdoarmindomaia.com.br\/wp-content\/uploads\/2023\/04\/Plantoes-de-atendimento-para-a-Regularizacao-Fundiaria-Urbana-em-Araxa-pag-03.jpg 1024w, http:\/\/blogdoarmindomaia.com.br\/wp-content\/uploads\/2023\/04\/Plantoes-de-atendimento-para-a-Regularizacao-Fundiaria-Urbana-em-Araxa-pag-03-300x200.jpg 300w, http:\/\/blogdoarmindomaia.com.br\/wp-content\/uploads\/2023\/04\/Plantoes-de-atendimento-para-a-Regularizacao-Fundiaria-Urbana-em-Araxa-pag-03-768x512.jpg 768w\" sizes=\"auto, (max-width: 1024px) 100vw, 1024px\" \/><\/figure>\n\n\n\n<p>A Secretaria Municipal de A\u00e7\u00e3o Social est\u00e1 realizando plant\u00f5es de mobiliza\u00e7\u00e3o para a Regulariza\u00e7\u00e3o Fundi\u00e1ria Urbana de Im\u00f3veis (Reurb) por meio do Programa Meu Lar. Os interessados devem comparecer aos N\u00facleos de Conviv\u00eancias, Centros de Refer\u00eancia de Assist\u00eancia Social (CRAS) mais pr\u00f3ximo de sua resid\u00eancia ou \u00e0 sede da secretaria para realizar o cadastro.<br><br>Os atendimentos referem-se a im\u00f3veis de 10 bairros &#8211; Boa Vista, S\u00e3o Domingos, Bom Jesus, Francisco Duarte, Ana Pinto de Almeida, Santa Maria, Aboli\u00e7\u00e3o, Adhemar Rodrigues Valle, Odilon Jos\u00e9 Carneiro (Recanto das Mangueiras) e Domingos Zema.<br><br>Para o cadastro \u00e9 necess\u00e1rio apresentar o documento de posse do espa\u00e7o em nome do benefici\u00e1rio e documento atestando a exist\u00eancia do im\u00f3vel anterior \u00e0 data de 22 de dezembro de 2016, al\u00e9m dos documentos pessoais (CPF e RG), comprovante de endere\u00e7o atualizado e Certid\u00e3o de Nascimento. \u00c9 necess\u00e1rio levar documenta\u00e7\u00e3o que comprove o estado civil caso o interessado seja casado, divorciado ou esteja em uni\u00e3o est\u00e1vel.<br><br>O Meu Lar busca garantir o direito \u00e0 moradia da popula\u00e7\u00e3o que reside em terrenos informais localizados nas \u00e1reas urbanas por meio da Reurb e da titulariza\u00e7\u00e3o de seus ocupantes, promovendo a incorpora\u00e7\u00e3o dos n\u00facleos urbanos informais ao ordenamento territorial urbano.<br><br>O programa \u00e9 coordenado pela Secretaria Municipal de A\u00e7\u00e3o Social, por meio do Setor de Habita\u00e7\u00e3o, que acompanha todo o processo conduzido pela empresa Versaurb, contratada via preg\u00e3o eletr\u00f4nico.<br><br>A regulariza\u00e7\u00e3o fundi\u00e1ria \u00e9 financiada atrav\u00e9s de conv\u00eanio celebrado entre a Administra\u00e7\u00e3o Municipal e o Governo de Minas Gerais para a implementa\u00e7\u00e3o do programa que tem custo zero para ocupantes de \u00e1reas irregulares.<br><br>J\u00e1 as fam\u00edlias que possuem renda superior a cinco sal\u00e1rios m\u00ednimos ou que usam a \u00e1rea com destina\u00e7\u00e3o que n\u00e3o seja exclusivamente residencial arcam com uma taxa cartor\u00e1ria vari\u00e1vel, de acordo com o valor do im\u00f3vel. Somente no munic\u00edpio de Arax\u00e1, o Meu Lar prev\u00ea a regulariza\u00e7\u00e3o de 1.050 im\u00f3veis.<br><br>Segundo o secret\u00e1rio municipal de A\u00e7\u00e3o Social, Wagner Cruz, o programa vem de encontro ao compromisso firmado pela Administra\u00e7\u00e3o Municipal em promover mais qualidade de vida, seguran\u00e7a e dignidade \u00e0 popula\u00e7\u00e3o.<br><br>\u201c\u00c9 uma grande oportunidade para que as pessoas recebam, na pr\u00e1tica, a justi\u00e7a social. O resultado que essa regulariza\u00e7\u00e3o pode trazer ao benefici\u00e1rio \u00e9 enorme pois ele ter\u00e1 de fato a propriedade do seu im\u00f3vel, al\u00e9m do acesso a programas sociais disponibilizados pelo munic\u00edpio e a garantia de seus direitos\u201d, afirma.<br><br><strong>Locais e hor\u00e1rios de atendimento<\/strong><br><br>CRAS Bairro Aboli\u00e7\u00e3o<br>Atendimento para os bairros Aboli\u00e7\u00e3o, Bom Jesus, Francisco Duarte, Ana Pinto de Almeida e Santa Maria<br>Data: 02\/05\/23 (ter\u00e7a-feira), das 8h \u00e0s 15h30<br>R. Marcolino Coelho Borges, 390, bairro Aboli\u00e7\u00e3o<br><br>N\u00facleo de Conviv\u00eancia e Fortalecimento de V\u00ednculos Francisco Duarte<br>Atendimento para os bairros Aboli\u00e7\u00e3o, Bom Jesus, Francisco Duarte, Ana Pinto de Almeida e Santa Maria<br>Data: 03\/05\/23 (quarta-feira) at\u00e9 05\/05\/23 (sexta-feira), das 8h \u00e0s 15h30<br>R. Antenor Silva Soares, 300, Francisco Duarte<br><br>N\u00facleo de Conviv\u00eancia e Fortalecimento de V\u00ednculos Santo Ant\u00f4nio<br>Atendimento para os bairros Adhemar Rodrigues Vale e Odilon Jos\u00e9 Carneiro (Mangueiras)<br>Data: 08\/05\/23 (segunda-feira) at\u00e9 12\/05\/23 (sexta-feira), das 8h \u00e0s 15h30<br>R. Luiz Dumont Fonseca, 215, bairro Santo Ant\u00f4nio<br><br>N\u00facleo de Conviv\u00eancia e Fortalecimento de V\u00ednculos Boa Vista<br>Atendimento para os bairros Boa Vista, S\u00e3o Domingos e Domingos Zema<br>Data: 15\/05\/23 (segunda-feira) at\u00e9 19\/05\/23 (sexta-feira), das 8h \u00e0s 15h30<br>R. Tereza Guimar\u00e3es, 15, bairro Boa Vista<br><br>CRAS Bairro Aboli\u00e7\u00e3o<br>Atendimento para os bairros Aboli\u00e7\u00e3o, Bom Jesus, Francisco Duarte, Ana Pinto de Almeida e Santa Maria<br>Data: 22\/05\/23 (segunda-feira), das 8h \u00e0s 15h30<br>R. Marcolino Coelho Borges, 390, bairro Aboli\u00e7\u00e3o<br><br>N\u00facleo de Conviv\u00eancia e Fortalecimento de V\u00ednculos Francisco Duarte<br>Atendimento para os bairros Aboli\u00e7\u00e3o, Bom Jesus, Francisco Duarte, Ana Pinto de Almeida e Santa Maria<br>Data: 23\/05\/23 (ter\u00e7a-feira) at\u00e9 26\/05\/23 (sexta-feira), das 8h \u00e0s 15h30<br>R. Antenor Silva Soares, 300, bairro Francisco Duarte<br><br>Secretaria Municipal de A\u00e7\u00e3o Social<br>Segunda a sexta-feira, das 16h \u00e0s 18h<br>Av. Get\u00falio Vargas, 205, Centro<br><br>Mais informa\u00e7\u00f5es pelos telefones (34) 3669-8018, (31) 3191-5166 ou (34) 99952-1184<\/p>\n","protected":false},"excerpt":{"rendered":"<p>A Secretaria Municipal de A\u00e7\u00e3o Social est\u00e1 realizando plant\u00f5es de mobiliza\u00e7\u00e3o para a Regulariza\u00e7\u00e3o Fundi\u00e1ria Urbana de Im\u00f3veis (Reurb) por<\/p>\n","protected":false},"author":2,"featured_media":4931,"comment_status":"open","ping_status":"open","sticky":false,"template":"","format":"standard","meta":{"footnotes":""},"categories":[9,11,29],"tags":[],"class_list":["post-4930","post","type-post","status-publish","format-standard","has-post-thumbnail","hentry","category-araxa","category-destaques","category-saude"],"_links":{"self":[{"href":"http:\/\/blogdoarmindomaia.com.br\/index.php?rest_route=\/wp\/v2\/posts\/4930","targetHints":{"allow":["GET"]}}],"collection":[{"href":"http:\/\/blogdoarmindomaia.com.br\/index.php?rest_route=\/wp\/v2\/posts"}],"about":[{"href":"http:\/\/blogdoarmindomaia.com.br\/index.php?rest_route=\/wp\/v2\/types\/post"}],"author":[{"embeddable":true,"href":"http:\/\/blogdoarmindomaia.com.br\/index.php?rest_route=\/wp\/v2\/users\/2"}],"replies":[{"embeddable":true,"href":"http:\/\/blogdoarmindomaia.com.br\/index.php?rest_route=%2Fwp%2Fv2%2Fcomments&post=4930"}],"version-history":[{"count":1,"href":"http:\/\/blogdoarmindomaia.com.br\/index.php?rest_route=\/wp\/v2\/posts\/4930\/revisions"}],"predecessor-version":[{"id":4932,"href":"http:\/\/blogdoarmindomaia.com.br\/index.php?rest_route=\/wp\/v2\/posts\/4930\/revisions\/4932"}],"wp:featuredmedia":[{"embeddable":true,"href":"http:\/\/blogdoarmindomaia.com.br\/index.php?rest_route=\/wp\/v2\/media\/4931"}],"wp:attachment":[{"href":"http:\/\/blogdoarmindomaia.com.br\/index.php?rest_route=%2Fwp%2Fv2%2Fmedia&parent=4930"}],"wp:term":[{"taxonomy":"category","embeddable":true,"href":"http:\/\/blogdoarmindomaia.com.br\/index.php?rest_route=%2Fwp%2Fv2%2Fcategories&post=4930"},{"taxonomy":"post_tag","embeddable":true,"href":"http:\/\/blogdoarmindomaia.com.br\/index.php?rest_route=%2Fwp%2Fv2%2Ftags&post=4930"}],"curies":[{"name":"wp","href":"https:\/\/api.w.org\/{rel}","templated":true}]}}