{"id":4937,"date":"2023-04-27T11:09:40","date_gmt":"2023-04-27T14:09:40","guid":{"rendered":"http:\/\/blogdoarmindomaia.com.br\/?p=4937"},"modified":"2023-04-27T11:09:43","modified_gmt":"2023-04-27T14:09:43","slug":"zema-participa-de-reuniao-em-brasilia-para-discutir-violencia-nas-escolas","status":"publish","type":"post","link":"http:\/\/blogdoarmindomaia.com.br\/?p=4937","title":{"rendered":"Zema participa de reuni\u00e3o em Bras\u00edlia, para discutir viol\u00eancia nas escolas"},"content":{"rendered":"\n<figure class=\"wp-block-image size-full is-style-default\"><img loading=\"lazy\" decoding=\"async\" width=\"940\" height=\"350\" src=\"http:\/\/blogdoarmindomaia.com.br\/wp-content\/uploads\/2023\/04\/Zema-participa-de-reuniao-em-Brasilia-para-discutir-violencia-nas-escolas-pag-07.jpg\" alt=\"\" class=\"wp-image-4938\" srcset=\"http:\/\/blogdoarmindomaia.com.br\/wp-content\/uploads\/2023\/04\/Zema-participa-de-reuniao-em-Brasilia-para-discutir-violencia-nas-escolas-pag-07.jpg 940w, http:\/\/blogdoarmindomaia.com.br\/wp-content\/uploads\/2023\/04\/Zema-participa-de-reuniao-em-Brasilia-para-discutir-violencia-nas-escolas-pag-07-300x112.jpg 300w, http:\/\/blogdoarmindomaia.com.br\/wp-content\/uploads\/2023\/04\/Zema-participa-de-reuniao-em-Brasilia-para-discutir-violencia-nas-escolas-pag-07-768x286.jpg 768w\" sizes=\"auto, (max-width: 940px) 100vw, 940px\" \/><\/figure>\n\n\n\n<h1 class=\"wp-block-heading\">O governador Romeu Zema participou, na capital federal,&nbsp;de um encontro estrat\u00e9gico com demais chefes do Executivo de outros estados, Presid\u00eancia da Rep\u00fablica, chefes dos Poderes Judici\u00e1rio e Legislativo, ministros, entidades representativas de prefeitos e parlamentares. Na oportunidade, foram discutidas a\u00e7\u00f5es de prote\u00e7\u00e3o ao ambiente escolar, al\u00e9m do an\u00fancio, pelo governo federal, de que vai direcionar R$ 3,115 bilh\u00f5es para infraestrutura, equipamentos, forma\u00e7\u00e3o e, principalmente, apoio e implanta\u00e7\u00e3o de n\u00facleos psicossociais nas escolas, al\u00e9m de ado\u00e7\u00e3o de protocolos. Durante seu pronunciamento, o governador Romeu Zema alertou para a prolifera\u00e7\u00e3o de conte\u00fados de \u00f3dio, discurso racista, homof\u00f3bico e \u2018fake news\u2019 que \u201calimentam\u201d a internet. \u201c\u00c9 preciso restringir e inibir conte\u00fados inapropriados na internet&#8221;, afirmou. Outra iniciativa defendida pelo governador \u00e9 a extens\u00e3o \u2013 para os casos de discurso de \u00f3dio &#8211; dos m\u00e9todos de autorregula\u00e7\u00e3o na internet que j\u00e1 existem para pornografia infantil, pedofilia e direitos autorais. O ministro da Justi\u00e7a, Fl\u00e1vio Dino, apresentou dados sobre a viol\u00eancia nas escolas que refor\u00e7am as considera\u00e7\u00f5es do governador.&nbsp;\u201cN\u00e3o s\u00e3o casos isolados. \u00c9 uma rede criminosa para poder recrutar nossa juventude para o mal. O foco deve ser a internet&#8221;, disse Dino. Nos \u00faltimos dez dias, 225 pessoas j\u00e1 foram presas, 694 adolescentes foram intimados a prestar depoimentos, registro de 1.595 boletins de ocorr\u00eancias, 1.224 casos em investiga\u00e7\u00e3o em todo o territ\u00f3rio nacional e 756 remo\u00e7\u00f5es de perfis de plataformas digitais.<br><br>Por outro lado, a efic\u00e1cia das medidas colocadas em pr\u00e1tica em todos os estados ajudou a reduzir o n\u00famero de den\u00fancias, caindo de 1.700&nbsp;para 170 por dia.<br><br><br><\/h1>\n","protected":false},"excerpt":{"rendered":"<p>O governador Romeu Zema participou, na capital federal,&nbsp;de um encontro estrat\u00e9gico com demais chefes do Executivo de outros estados, Presid\u00eancia<\/p>\n","protected":false},"author":2,"featured_media":4938,"comment_status":"open","ping_status":"open","sticky":false,"template":"","format":"standard","meta":{"footnotes":""},"categories":[9,8],"tags":[],"class_list":["post-4937","post","type-post","status-publish","format-standard","has-post-thumbnail","hentry","category-araxa","category-cidades"],"_links":{"self":[{"href":"http:\/\/blogdoarmindomaia.com.br\/index.php?rest_route=\/wp\/v2\/posts\/4937","targetHints":{"allow":["GET"]}}],"collection":[{"href":"http:\/\/blogdoarmindomaia.com.br\/index.php?rest_route=\/wp\/v2\/posts"}],"about":[{"href":"http:\/\/blogdoarmindomaia.com.br\/index.php?rest_route=\/wp\/v2\/types\/post"}],"author":[{"embeddable":true,"href":"http:\/\/blogdoarmindomaia.com.br\/index.php?rest_route=\/wp\/v2\/users\/2"}],"replies":[{"embeddable":true,"href":"http:\/\/blogdoarmindomaia.com.br\/index.php?rest_route=%2Fwp%2Fv2%2Fcomments&post=4937"}],"version-history":[{"count":1,"href":"http:\/\/blogdoarmindomaia.com.br\/index.php?rest_route=\/wp\/v2\/posts\/4937\/revisions"}],"predecessor-version":[{"id":4939,"href":"http:\/\/blogdoarmindomaia.com.br\/index.php?rest_route=\/wp\/v2\/posts\/4937\/revisions\/4939"}],"wp:featuredmedia":[{"embeddable":true,"href":"http:\/\/blogdoarmindomaia.com.br\/index.php?rest_route=\/wp\/v2\/media\/4938"}],"wp:attachment":[{"href":"http:\/\/blogdoarmindomaia.com.br\/index.php?rest_route=%2Fwp%2Fv2%2Fmedia&parent=4937"}],"wp:term":[{"taxonomy":"category","embeddable":true,"href":"http:\/\/blogdoarmindomaia.com.br\/index.php?rest_route=%2Fwp%2Fv2%2Fcategories&post=4937"},{"taxonomy":"post_tag","embeddable":true,"href":"http:\/\/blogdoarmindomaia.com.br\/index.php?rest_route=%2Fwp%2Fv2%2Ftags&post=4937"}],"curies":[{"name":"wp","href":"https:\/\/api.w.org\/{rel}","templated":true}]}}