{"id":4940,"date":"2023-04-27T11:11:55","date_gmt":"2023-04-27T14:11:55","guid":{"rendered":"http:\/\/blogdoarmindomaia.com.br\/?p=4940"},"modified":"2023-04-27T11:11:58","modified_gmt":"2023-04-27T14:11:58","slug":"vacinacao-bivalente-passar-a-ser-aplicada-em-pessoas-a-partir-de-18-anos","status":"publish","type":"post","link":"http:\/\/blogdoarmindomaia.com.br\/?p=4940","title":{"rendered":"Vacina\u00e7\u00e3o bivalente passar a ser aplicada em pessoas a partir de 18 anos"},"content":{"rendered":"\n<figure class=\"wp-block-image size-large is-style-default\"><img loading=\"lazy\" decoding=\"async\" width=\"1024\" height=\"613\" src=\"http:\/\/blogdoarmindomaia.com.br\/wp-content\/uploads\/2023\/04\/Vacinacao-bivalente-passar-a-ser-aplicada-em-pessoas-a-partir-de-18-anos-pag-07-1024x613.jpg\" alt=\"\" class=\"wp-image-4941\" srcset=\"http:\/\/blogdoarmindomaia.com.br\/wp-content\/uploads\/2023\/04\/Vacinacao-bivalente-passar-a-ser-aplicada-em-pessoas-a-partir-de-18-anos-pag-07-1024x613.jpg 1024w, http:\/\/blogdoarmindomaia.com.br\/wp-content\/uploads\/2023\/04\/Vacinacao-bivalente-passar-a-ser-aplicada-em-pessoas-a-partir-de-18-anos-pag-07-300x179.jpg 300w, http:\/\/blogdoarmindomaia.com.br\/wp-content\/uploads\/2023\/04\/Vacinacao-bivalente-passar-a-ser-aplicada-em-pessoas-a-partir-de-18-anos-pag-07-768x459.jpg 768w, http:\/\/blogdoarmindomaia.com.br\/wp-content\/uploads\/2023\/04\/Vacinacao-bivalente-passar-a-ser-aplicada-em-pessoas-a-partir-de-18-anos-pag-07.jpg 1170w\" sizes=\"auto, (max-width: 1024px) 100vw, 1024px\" \/><figcaption class=\"wp-element-caption\">Bras\u00edlia (DF) 28\/02\/2023 Brasil come\u00e7a a aplicar vacina bivalente contra a Covid<\/figcaption><\/figure>\n\n\n\n<p>A Prefeitura de Arax\u00e1 passou a aplicar desde quarta-feira (26) o refor\u00e7o da vacina bivalente para pessoas a partir de 18 anos que tomaram, no m\u00ednimo, duas doses da vacina contra Covid h\u00e1 pelo menos 4 meses.<br><br>A vacina\u00e7\u00e3o tamb\u00e9m abrange gestantes e pu\u00e9rperas, pessoas com comorbidades, trabalhadores da sa\u00fade e adolescentes a partir de 12 anos imunocomprometidas.<br><br>A bivalente \u00e9 uma atualiza\u00e7\u00e3o em rela\u00e7\u00e3o aos primeiros imunizantes fabricados contra a Covid e protege contra a cepa original do coronav\u00edrus e as subvariantes da \u00f4micron.<br><br>A imuniza\u00e7\u00e3o acontece na Unisa, Uninordeste, Uninorte, Unileste, Unisul e ESF Max Neumann, das 8h \u00e0s 15h.<br><br>\u00c9 preciso apresentar documento original com foto e o Cart\u00e3o de Vacina.<br><br><strong>Vacina\u00e7\u00e3o bivalente<\/strong><br><br><br>P\u00fablico: Popula\u00e7\u00e3o 18+<br>Local: \u00a0ESF Max Neumann, Unisa, Uninordeste, Uninorte, Unisul e Unileste (das 8h \u00e0s 15h)<br>Etapa: Vacina Bivalente (com esquema prim\u00e1rio de vacina\u00e7\u00e3o completo e intervalo de 4 meses da \u00faltima dose recebida)<br><br><br><strong>Documenta\u00e7\u00e3o necess\u00e1ria:<\/strong><br><br>&#8211; Documento original que tenha o n\u00famero do CPF, Cart\u00e3o de Vacina e Laudo que comprove a comorbidade.<br><br>Lembrando que a dose bivalente deve ser aplicada apenas para quem recebeu o esquema prim\u00e1rio completo de vacina\u00e7\u00e3o contra a Covid-19, com intervalo de pelo menos 4 meses desde a \u00faltima dose.<br><br><\/p>\n","protected":false},"excerpt":{"rendered":"<p>A Prefeitura de Arax\u00e1 passou a aplicar desde quarta-feira (26) o refor\u00e7o da vacina bivalente para pessoas a partir de<\/p>\n","protected":false},"author":2,"featured_media":4941,"comment_status":"open","ping_status":"open","sticky":false,"template":"","format":"standard","meta":{"footnotes":""},"categories":[9,11],"tags":[],"class_list":["post-4940","post","type-post","status-publish","format-standard","has-post-thumbnail","hentry","category-araxa","category-destaques"],"_links":{"self":[{"href":"http:\/\/blogdoarmindomaia.com.br\/index.php?rest_route=\/wp\/v2\/posts\/4940","targetHints":{"allow":["GET"]}}],"collection":[{"href":"http:\/\/blogdoarmindomaia.com.br\/index.php?rest_route=\/wp\/v2\/posts"}],"about":[{"href":"http:\/\/blogdoarmindomaia.com.br\/index.php?rest_route=\/wp\/v2\/types\/post"}],"author":[{"embeddable":true,"href":"http:\/\/blogdoarmindomaia.com.br\/index.php?rest_route=\/wp\/v2\/users\/2"}],"replies":[{"embeddable":true,"href":"http:\/\/blogdoarmindomaia.com.br\/index.php?rest_route=%2Fwp%2Fv2%2Fcomments&post=4940"}],"version-history":[{"count":1,"href":"http:\/\/blogdoarmindomaia.com.br\/index.php?rest_route=\/wp\/v2\/posts\/4940\/revisions"}],"predecessor-version":[{"id":4942,"href":"http:\/\/blogdoarmindomaia.com.br\/index.php?rest_route=\/wp\/v2\/posts\/4940\/revisions\/4942"}],"wp:featuredmedia":[{"embeddable":true,"href":"http:\/\/blogdoarmindomaia.com.br\/index.php?rest_route=\/wp\/v2\/media\/4941"}],"wp:attachment":[{"href":"http:\/\/blogdoarmindomaia.com.br\/index.php?rest_route=%2Fwp%2Fv2%2Fmedia&parent=4940"}],"wp:term":[{"taxonomy":"category","embeddable":true,"href":"http:\/\/blogdoarmindomaia.com.br\/index.php?rest_route=%2Fwp%2Fv2%2Fcategories&post=4940"},{"taxonomy":"post_tag","embeddable":true,"href":"http:\/\/blogdoarmindomaia.com.br\/index.php?rest_route=%2Fwp%2Fv2%2Ftags&post=4940"}],"curies":[{"name":"wp","href":"https:\/\/api.w.org\/{rel}","templated":true}]}}