{"id":4950,"date":"2023-04-27T13:57:29","date_gmt":"2023-04-27T16:57:29","guid":{"rendered":"http:\/\/blogdoarmindomaia.com.br\/?p=4950"},"modified":"2023-04-27T13:57:31","modified_gmt":"2023-04-27T16:57:31","slug":"projeto-arquitetonico-do-samu-de-araxa-e-aprovado-na-camara","status":"publish","type":"post","link":"http:\/\/blogdoarmindomaia.com.br\/?p=4950","title":{"rendered":"Projeto arquitet\u00f4nico do Samu de Arax\u00e1 \u00e9 aprovado na C\u00e2mara"},"content":{"rendered":"\n<figure class=\"wp-block-image size-full is-style-default\"><img loading=\"lazy\" decoding=\"async\" width=\"1000\" height=\"589\" src=\"http:\/\/blogdoarmindomaia.com.br\/wp-content\/uploads\/2023\/04\/Projeto-arquitetonico-do-Samu-de-Araxa-e-aprovado-na-Camara-pag-08.png\" alt=\"\" class=\"wp-image-4951\" srcset=\"http:\/\/blogdoarmindomaia.com.br\/wp-content\/uploads\/2023\/04\/Projeto-arquitetonico-do-Samu-de-Araxa-e-aprovado-na-Camara-pag-08.png 1000w, http:\/\/blogdoarmindomaia.com.br\/wp-content\/uploads\/2023\/04\/Projeto-arquitetonico-do-Samu-de-Araxa-e-aprovado-na-Camara-pag-08-300x177.png 300w, http:\/\/blogdoarmindomaia.com.br\/wp-content\/uploads\/2023\/04\/Projeto-arquitetonico-do-Samu-de-Araxa-e-aprovado-na-Camara-pag-08-768x452.png 768w\" sizes=\"auto, (max-width: 1000px) 100vw, 1000px\" \/><\/figure>\n\n\n\n<p>O Servi\u00e7o de Atendimento M\u00f3vel de Urg\u00eancia (Samu) que ajuda a salvar milhares de vidas diariamente em todo o pa\u00eds tamb\u00e9m ter\u00e1 uma base em Arax\u00e1. Atuante em busca da implanta\u00e7\u00e3o do servi\u00e7o, o vereador Raphael Rios deu a boa not\u00edcia para a comunidade durante o uso da tribuna durante a Reuni\u00e3o Ordin\u00e1ria na C\u00e2mara Municipal. Raphael esteve na Prefeitura de Arax\u00e1 e, na oportunidade, a secret\u00e1ria de Sa\u00fade, Cristiane Pereira, apresentou o projeto arquitet\u00f4nico do Samu. O prefeito Robson Magela aprovou o investimento na ordem de R$ 1,6 milh\u00e3o e agora a planta segue para licita\u00e7\u00e3o. A base do Samu ficar\u00e1 no mesmo terreno da Unidade de Pronto Atendimento (UPA). Raphael relembrou a jornada em busca de uma unidade do Samu em Arax\u00e1, iniciada em julho de 2021, quando entregou pessoalmente ao governador Romeu Zema um of\u00edcio cobrando a destina\u00e7\u00e3o de uma unidade do servi\u00e7o para Arax\u00e1. Logo ap\u00f3s, em agosto do mesmo ano, Raphael foi a Uberaba para conhecer a estrutura do Samu e entender como funciona o sistema de regula\u00e7\u00e3o de vagas de leitos hospitalares, al\u00e9m de tirar todas as d\u00favidas referentes ao servi\u00e7o. Em mar\u00e7o de 2022, Raphael recebeu o retorno do of\u00edcio da Coordena\u00e7\u00e3o do Samu sinalizando positivamente para implanta\u00e7\u00e3o do servi\u00e7o na cidade. Em novembro do ano passado, Raphael participou ao lado da secret\u00e1ria Cristiane, de uma reuni\u00e3o do Cons\u00f3rcio de Urg\u00eancia e Emerg\u00eancia do Tri\u00e2ngulo Sul (Cistrisul) em Uberaba. Nesta reuni\u00e3o, veio a confirma\u00e7\u00e3o da unidade do Samu para Arax\u00e1.<\/p>\n\n\n\n<p>Desde ent\u00e3o, a Secretaria Municipal de Sa\u00fade trabalhou junto \u00e0 Secretaria Municipal de Obras para a elabora\u00e7\u00e3o do projeto arquitet\u00f4nico que acaba de ser aprovado. Ap\u00f3s a licita\u00e7\u00e3o, a estimativa \u00e9 de que a obra seja executada em um prazo m\u00ednimo de nove meses.<\/p>\n","protected":false},"excerpt":{"rendered":"<p>O Servi\u00e7o de Atendimento M\u00f3vel de Urg\u00eancia (Samu) que ajuda a salvar milhares de vidas diariamente em todo o pa\u00eds<\/p>\n","protected":false},"author":2,"featured_media":4951,"comment_status":"open","ping_status":"open","sticky":false,"template":"","format":"standard","meta":{"footnotes":""},"categories":[9,11],"tags":[],"class_list":["post-4950","post","type-post","status-publish","format-standard","has-post-thumbnail","hentry","category-araxa","category-destaques"],"_links":{"self":[{"href":"http:\/\/blogdoarmindomaia.com.br\/index.php?rest_route=\/wp\/v2\/posts\/4950","targetHints":{"allow":["GET"]}}],"collection":[{"href":"http:\/\/blogdoarmindomaia.com.br\/index.php?rest_route=\/wp\/v2\/posts"}],"about":[{"href":"http:\/\/blogdoarmindomaia.com.br\/index.php?rest_route=\/wp\/v2\/types\/post"}],"author":[{"embeddable":true,"href":"http:\/\/blogdoarmindomaia.com.br\/index.php?rest_route=\/wp\/v2\/users\/2"}],"replies":[{"embeddable":true,"href":"http:\/\/blogdoarmindomaia.com.br\/index.php?rest_route=%2Fwp%2Fv2%2Fcomments&post=4950"}],"version-history":[{"count":1,"href":"http:\/\/blogdoarmindomaia.com.br\/index.php?rest_route=\/wp\/v2\/posts\/4950\/revisions"}],"predecessor-version":[{"id":4952,"href":"http:\/\/blogdoarmindomaia.com.br\/index.php?rest_route=\/wp\/v2\/posts\/4950\/revisions\/4952"}],"wp:featuredmedia":[{"embeddable":true,"href":"http:\/\/blogdoarmindomaia.com.br\/index.php?rest_route=\/wp\/v2\/media\/4951"}],"wp:attachment":[{"href":"http:\/\/blogdoarmindomaia.com.br\/index.php?rest_route=%2Fwp%2Fv2%2Fmedia&parent=4950"}],"wp:term":[{"taxonomy":"category","embeddable":true,"href":"http:\/\/blogdoarmindomaia.com.br\/index.php?rest_route=%2Fwp%2Fv2%2Fcategories&post=4950"},{"taxonomy":"post_tag","embeddable":true,"href":"http:\/\/blogdoarmindomaia.com.br\/index.php?rest_route=%2Fwp%2Fv2%2Ftags&post=4950"}],"curies":[{"name":"wp","href":"https:\/\/api.w.org\/{rel}","templated":true}]}}