{"id":4956,"date":"2023-04-27T14:07:39","date_gmt":"2023-04-27T17:07:39","guid":{"rendered":"http:\/\/blogdoarmindomaia.com.br\/?p=4956"},"modified":"2023-04-27T14:07:41","modified_gmt":"2023-04-27T17:07:41","slug":"de-olho-na-escola-vai-implantar-mais-360-cameras-de-videomonitoramento-nas-escolas-municipais-de-araxa","status":"publish","type":"post","link":"http:\/\/blogdoarmindomaia.com.br\/?p=4956","title":{"rendered":"\u00a0\u201cDe Olho na Escola\u201d vai implantar mais 360 c\u00e2meras de videomonitoramento nas escolas municipais de Arax\u00e1"},"content":{"rendered":"\n<figure class=\"wp-block-image size-large is-style-default\"><img loading=\"lazy\" decoding=\"async\" width=\"1024\" height=\"1024\" src=\"http:\/\/blogdoarmindomaia.com.br\/wp-content\/uploads\/2023\/04\/De-Olho-na-Escola-vai-implantar-mais-360-cameras-pag-07-1024x1024.jpeg\" alt=\"\" class=\"wp-image-4957\" srcset=\"http:\/\/blogdoarmindomaia.com.br\/wp-content\/uploads\/2023\/04\/De-Olho-na-Escola-vai-implantar-mais-360-cameras-pag-07-1024x1024.jpeg 1024w, http:\/\/blogdoarmindomaia.com.br\/wp-content\/uploads\/2023\/04\/De-Olho-na-Escola-vai-implantar-mais-360-cameras-pag-07-300x300.jpeg 300w, http:\/\/blogdoarmindomaia.com.br\/wp-content\/uploads\/2023\/04\/De-Olho-na-Escola-vai-implantar-mais-360-cameras-pag-07-150x150.jpeg 150w, http:\/\/blogdoarmindomaia.com.br\/wp-content\/uploads\/2023\/04\/De-Olho-na-Escola-vai-implantar-mais-360-cameras-pag-07-768x768.jpeg 768w, http:\/\/blogdoarmindomaia.com.br\/wp-content\/uploads\/2023\/04\/De-Olho-na-Escola-vai-implantar-mais-360-cameras-pag-07-1536x1536.jpeg 1536w, http:\/\/blogdoarmindomaia.com.br\/wp-content\/uploads\/2023\/04\/De-Olho-na-Escola-vai-implantar-mais-360-cameras-pag-07.jpeg 1600w\" sizes=\"auto, (max-width: 1024px) 100vw, 1024px\" \/><\/figure>\n\n\n\n<p>Educa\u00e7\u00e3o com mais seguran\u00e7a e qualidade. A Prefeitura de Arax\u00e1 lan\u00e7ou o Programa \u201cDe Olho na Escola\u201d, que vai proporcionar mais tranquilidade para alunos, pais e profissionais da Rede Municipal.<br><br>O projeto vai implantar 364 c\u00e2meras de videomonitoramento que ser\u00e3o distribu\u00eddas nas 52 unidades escolares da Rede Municipal, sendo sete c\u00e2meras em cada escola ou creche. A rede tamb\u00e9m conta com Guardas Patrimoniais em postos fixos e ser\u00e1 implantado detectores de metais fixos e m\u00f3veis em todas as unidades.<br><br>O preg\u00e3o eletr\u00f4nico para contrata\u00e7\u00e3o da empresa vai ser realizado nos pr\u00f3ximos dias, visando a contrata\u00e7\u00e3o de uma empresa especializada na loca\u00e7\u00e3o de c\u00e2meras com sistema CFTV HD, com o fornecimento de material, instala\u00e7\u00e3o, revis\u00e3o e implanta\u00e7\u00e3o dos equipamentos via contrato de comodato, com assist\u00eancia t\u00e9cnica preventiva e de urg\u00eancia, para atendimento \u00e0s escolas municipais.<br><br>\u201cTeremos o videomonitoramento em todas as depend\u00eancias das escolas municipais, 24 horas por dia, o que vai proporcionar mais seguran\u00e7a para nossas crian\u00e7as e adolescentes e tamb\u00e9m mais tranquilidade aos familiares ap\u00f3s os \u00faltimos ataques ocorridos em outros Estados\u201d, explica o secret\u00e1rio municipal de Seguran\u00e7a P\u00fablica, Daniel Rosa.<br><br>O prefeito Robson Magela destaca que o objetivo da gest\u00e3o \u00e9 garantir a seguran\u00e7a de todos os alunos e servidores da Educa\u00e7\u00e3o. \u201cS\u00e3o medidas preventivas diante o momento delicado que o Brasil est\u00e1 vivendo. Investir em medidas de prote\u00e7\u00e3o aliadas \u00e0 tecnologia \u00e9 uma maneira de proporcionar mais tranquilidade aos pais, alunos e profissionais da Rede Municipal de Educa\u00e7\u00e3o\u201d, conclui.<br><\/p>\n","protected":false},"excerpt":{"rendered":"<p>Educa\u00e7\u00e3o com mais seguran\u00e7a e qualidade. A Prefeitura de Arax\u00e1 lan\u00e7ou o Programa \u201cDe Olho na Escola\u201d, que vai proporcionar<\/p>\n","protected":false},"author":2,"featured_media":4957,"comment_status":"open","ping_status":"open","sticky":false,"template":"","format":"standard","meta":{"footnotes":""},"categories":[11,13],"tags":[],"class_list":["post-4956","post","type-post","status-publish","format-standard","has-post-thumbnail","hentry","category-destaques","category-educacao"],"_links":{"self":[{"href":"http:\/\/blogdoarmindomaia.com.br\/index.php?rest_route=\/wp\/v2\/posts\/4956","targetHints":{"allow":["GET"]}}],"collection":[{"href":"http:\/\/blogdoarmindomaia.com.br\/index.php?rest_route=\/wp\/v2\/posts"}],"about":[{"href":"http:\/\/blogdoarmindomaia.com.br\/index.php?rest_route=\/wp\/v2\/types\/post"}],"author":[{"embeddable":true,"href":"http:\/\/blogdoarmindomaia.com.br\/index.php?rest_route=\/wp\/v2\/users\/2"}],"replies":[{"embeddable":true,"href":"http:\/\/blogdoarmindomaia.com.br\/index.php?rest_route=%2Fwp%2Fv2%2Fcomments&post=4956"}],"version-history":[{"count":1,"href":"http:\/\/blogdoarmindomaia.com.br\/index.php?rest_route=\/wp\/v2\/posts\/4956\/revisions"}],"predecessor-version":[{"id":4958,"href":"http:\/\/blogdoarmindomaia.com.br\/index.php?rest_route=\/wp\/v2\/posts\/4956\/revisions\/4958"}],"wp:featuredmedia":[{"embeddable":true,"href":"http:\/\/blogdoarmindomaia.com.br\/index.php?rest_route=\/wp\/v2\/media\/4957"}],"wp:attachment":[{"href":"http:\/\/blogdoarmindomaia.com.br\/index.php?rest_route=%2Fwp%2Fv2%2Fmedia&parent=4956"}],"wp:term":[{"taxonomy":"category","embeddable":true,"href":"http:\/\/blogdoarmindomaia.com.br\/index.php?rest_route=%2Fwp%2Fv2%2Fcategories&post=4956"},{"taxonomy":"post_tag","embeddable":true,"href":"http:\/\/blogdoarmindomaia.com.br\/index.php?rest_route=%2Fwp%2Fv2%2Ftags&post=4956"}],"curies":[{"name":"wp","href":"https:\/\/api.w.org\/{rel}","templated":true}]}}