{"id":4959,"date":"2023-04-27T14:10:52","date_gmt":"2023-04-27T17:10:52","guid":{"rendered":"http:\/\/blogdoarmindomaia.com.br\/?p=4959"},"modified":"2023-04-27T14:10:54","modified_gmt":"2023-04-27T17:10:54","slug":"comecou-a-31a-folia-de-reis-da-capela-martir-filomena","status":"publish","type":"post","link":"http:\/\/blogdoarmindomaia.com.br\/?p=4959","title":{"rendered":"Come\u00e7ou a 31\u00aa Folia de Reis da Capela M\u00e1rtir Filomena"},"content":{"rendered":"\n<figure class=\"wp-block-image size-large is-style-default\"><img loading=\"lazy\" decoding=\"async\" width=\"1024\" height=\"1024\" src=\"http:\/\/blogdoarmindomaia.com.br\/wp-content\/uploads\/2023\/04\/Folia-de-Reis-1024x1024.jpeg\" alt=\"\" class=\"wp-image-4960\" srcset=\"http:\/\/blogdoarmindomaia.com.br\/wp-content\/uploads\/2023\/04\/Folia-de-Reis-1024x1024.jpeg 1024w, http:\/\/blogdoarmindomaia.com.br\/wp-content\/uploads\/2023\/04\/Folia-de-Reis-300x300.jpeg 300w, http:\/\/blogdoarmindomaia.com.br\/wp-content\/uploads\/2023\/04\/Folia-de-Reis-150x150.jpeg 150w, http:\/\/blogdoarmindomaia.com.br\/wp-content\/uploads\/2023\/04\/Folia-de-Reis-768x768.jpeg 768w, http:\/\/blogdoarmindomaia.com.br\/wp-content\/uploads\/2023\/04\/Folia-de-Reis.jpeg 1080w\" sizes=\"auto, (max-width: 1024px) 100vw, 1024px\" \/><\/figure>\n\n\n\n<p>Preservar a tradi\u00e7\u00e3o e a cultura araxaense e regional. Este \u00e9 o objetivo da Folia de Reis M\u00e1rtir Filomena, que, em 2023, chega a sua 31\u00aa edi\u00e7\u00e3o. Com parceria da Prefeitura de Arax\u00e1, o evento acontece at\u00e9 domingo, 30 de abril, na Associa\u00e7\u00e3o Capela M\u00e1rtir Filomena, no bairro Bela Vista, com entrada gratuita. O tema das celebra\u00e7\u00f5es deste ano \u00e9 \u201cA coragem da M\u00e1rtir Filomena\u201d.<br><br>De acordo com a hist\u00f3ria, Filomena foi uma escrava que ao contrair lepra foi exclu\u00edda socialmente por acreditarem que a doen\u00e7a era contagiosa. Ao falecer, recebeu ora\u00e7\u00f5es de quem a conhecia e os mesmos, tiveram in\u00fameros pedidos atendidos.<br><br>Em ato de devo\u00e7\u00e3o, constru\u00edram a Capela em homenagem \u00e0 m\u00e1rtir. A Associa\u00e7\u00e3o da Capela M\u00e1rtir Filomena foi fundada em 1990 e \u00e9 uma associa\u00e7\u00e3o civil, sem fins lucrativos e pol\u00edticos, constitu\u00edda pelo n\u00famero ilimitado de membros que trabalham em prol da popula\u00e7\u00e3o na \u00e1rea socioassistencial e no fortalecimento cultural. Desde ent\u00e3o, manifesta\u00e7\u00f5es religiosas, folcl\u00f3ricas e culturais s\u00e3o realizadas no local.<br><br>Segundo o presidente da associa\u00e7\u00e3o, Jo\u00e3o Paulo Ferreira, o encontro revela e preserva costumes, tradi\u00e7\u00f5es, valores e express\u00f5es populares art\u00edsticas e culturais. \u201c\u00c9 um momento que marca a identidade de nosso povo, deixando vivo um legado cultural que aprendemos com nossos antepassados. Al\u00e9m disso, agregam \u00e0 popula\u00e7\u00e3o conhecimento, lazer e identifica\u00e7\u00e3o pessoal, contribuindo para a forma\u00e7\u00e3o intelectual e humana\u201d, ressalta.<br><br><strong>Confira a programa\u00e7\u00e3o<\/strong><br><br><br><strong>28\/04, sexta-feira<\/strong><br><br>19h \u2013 Apresenta\u00e7\u00e3o de Ternos de Folias de Reis<br>19h30 \u2013 Novena Santo Ter\u00e7o<br>20h \u2013 Shows: Miguel Torres e Batid\u00e3o do Sert\u00e3o<br><br><strong>29\/04, s\u00e1bado<\/strong><br><br>13h \u2013 Abertura da Exposi\u00e7\u00e3o dos Devotos de Santos Reis<br>14h \u2013 Oficinas Intergeracionais<br>16h \u2013 Apresenta\u00e7\u00e3o sertaneja: Artistas da terra<br>18h &#8211; Apresenta\u00e7\u00e3o de Ternos de Folias de Reis<br>18h30 \u2013 Novena Santo Ter\u00e7o<br>19h \u2013 Missa Sertaneja<br>20h \u2013 Shows: Z\u00e9 Floresta, Silveirinha e Pedrinho J\u00fanior e Bail\u00e3o do Trio Federal<br><br><strong>30\/04, domingo<br><\/strong><br>7h \u2013 Caf\u00e9 da manh\u00e3, Abertura e Apresenta\u00e7\u00e3o de Folias de Reis<br>11h \u2013 Almo\u00e7o<br>18h \u2013 Shows: Companhia de Folia Fam\u00edlia Santos<br><\/p>\n","protected":false},"excerpt":{"rendered":"<p>Preservar a tradi\u00e7\u00e3o e a cultura araxaense e regional. Este \u00e9 o objetivo da Folia de Reis M\u00e1rtir Filomena, que,<\/p>\n","protected":false},"author":2,"featured_media":4960,"comment_status":"open","ping_status":"open","sticky":false,"template":"","format":"standard","meta":{"footnotes":""},"categories":[9,5,11],"tags":[],"class_list":["post-4959","post","type-post","status-publish","format-standard","has-post-thumbnail","hentry","category-araxa","category-arte-e-cultura","category-destaques"],"_links":{"self":[{"href":"http:\/\/blogdoarmindomaia.com.br\/index.php?rest_route=\/wp\/v2\/posts\/4959","targetHints":{"allow":["GET"]}}],"collection":[{"href":"http:\/\/blogdoarmindomaia.com.br\/index.php?rest_route=\/wp\/v2\/posts"}],"about":[{"href":"http:\/\/blogdoarmindomaia.com.br\/index.php?rest_route=\/wp\/v2\/types\/post"}],"author":[{"embeddable":true,"href":"http:\/\/blogdoarmindomaia.com.br\/index.php?rest_route=\/wp\/v2\/users\/2"}],"replies":[{"embeddable":true,"href":"http:\/\/blogdoarmindomaia.com.br\/index.php?rest_route=%2Fwp%2Fv2%2Fcomments&post=4959"}],"version-history":[{"count":1,"href":"http:\/\/blogdoarmindomaia.com.br\/index.php?rest_route=\/wp\/v2\/posts\/4959\/revisions"}],"predecessor-version":[{"id":4961,"href":"http:\/\/blogdoarmindomaia.com.br\/index.php?rest_route=\/wp\/v2\/posts\/4959\/revisions\/4961"}],"wp:featuredmedia":[{"embeddable":true,"href":"http:\/\/blogdoarmindomaia.com.br\/index.php?rest_route=\/wp\/v2\/media\/4960"}],"wp:attachment":[{"href":"http:\/\/blogdoarmindomaia.com.br\/index.php?rest_route=%2Fwp%2Fv2%2Fmedia&parent=4959"}],"wp:term":[{"taxonomy":"category","embeddable":true,"href":"http:\/\/blogdoarmindomaia.com.br\/index.php?rest_route=%2Fwp%2Fv2%2Fcategories&post=4959"},{"taxonomy":"post_tag","embeddable":true,"href":"http:\/\/blogdoarmindomaia.com.br\/index.php?rest_route=%2Fwp%2Fv2%2Ftags&post=4959"}],"curies":[{"name":"wp","href":"https:\/\/api.w.org\/{rel}","templated":true}]}}