{"id":4962,"date":"2023-04-27T14:18:35","date_gmt":"2023-04-27T17:18:35","guid":{"rendered":"http:\/\/blogdoarmindomaia.com.br\/?p=4962"},"modified":"2023-04-27T14:18:39","modified_gmt":"2023-04-27T17:18:39","slug":"cimtb-comemora-20-anos-em-araxa-com-olhos-no-futuro-e-um-objetivo-trazer-de-volta-a-copa-do-mundo-ao-brasil","status":"publish","type":"post","link":"http:\/\/blogdoarmindomaia.com.br\/?p=4962","title":{"rendered":"CIMTB COMEMORA 20 ANOS EM ARAX\u00c1 COM OLHOS NO FUTURO E UM OBJETIVO: TRAZER DE VOLTA A COPA DO MUNDO AO BRASIL"},"content":{"rendered":"\n<figure class=\"wp-block-image size-large is-style-default\"><img loading=\"lazy\" decoding=\"async\" width=\"1024\" height=\"684\" src=\"http:\/\/blogdoarmindomaia.com.br\/wp-content\/uploads\/2023\/04\/CIMTB__ARAXA_16042023_erikamouraofoto_5742-1024x684.jpg\" alt=\"\" class=\"wp-image-4963\" srcset=\"http:\/\/blogdoarmindomaia.com.br\/wp-content\/uploads\/2023\/04\/CIMTB__ARAXA_16042023_erikamouraofoto_5742-1024x684.jpg 1024w, http:\/\/blogdoarmindomaia.com.br\/wp-content\/uploads\/2023\/04\/CIMTB__ARAXA_16042023_erikamouraofoto_5742-300x200.jpg 300w, http:\/\/blogdoarmindomaia.com.br\/wp-content\/uploads\/2023\/04\/CIMTB__ARAXA_16042023_erikamouraofoto_5742-768x513.jpg 768w, http:\/\/blogdoarmindomaia.com.br\/wp-content\/uploads\/2023\/04\/CIMTB__ARAXA_16042023_erikamouraofoto_5742.jpg 1200w\" sizes=\"auto, (max-width: 1024px) 100vw, 1024px\" \/><\/figure>\n\n\n\n<p><em>A competi\u00e7\u00e3o bateu recorde de inscri\u00e7\u00f5es, com quase 1.800 registros para cerca de 1.400 participantes, e ofertou pontos importantes para Paris-2024. Possibilidade de Arax\u00e1 sediar a Copa do Mundo em 2024 cresce ap\u00f3s a etapa da semana passada<\/em><\/p>\n\n\n\n<p>Arax\u00e1 (MG) recebeu na semana passada, entre os dias 14 e 16 de abril, a disputa da Copa Internacional de Mountain Bike pelo 20\u00aa ano consecutivo. A edi\u00e7\u00e3o hist\u00f3rica do evento aconteceu diante de um p\u00fablico de mais de 20 mil pessoas, na soma dos tr\u00eas dias de evento.&nbsp;No munic\u00edpio mineiro, estiveram competindo 1.400 atletas de sete pa\u00edses (Argentina, Brasil, Chile, Col\u00f4mbia, Equador, Guatemala e M\u00e9xico), que totalizaram cerca de 1.800 inscri\u00e7\u00f5es para mais de 50 provas realizadas de sexta (14) a domingo (16).<\/p>\n\n\n\n<p>Com a realiza\u00e7\u00e3o de tr\u00eas provas distintas para os ciclistas das super elites, a competi\u00e7\u00e3o ofertou o n\u00famero recorde de 170 pontos aos campe\u00f5es, o que tornou a etapa araxaense da CIMTB a prova nacional que mais oferece pontos nos rankings mundial e ol\u00edmpico: O Short Track Classe 3 (10 pontos); o Cross Country Ol\u00edmpico (60 pontos); e o Cross Country Ol\u00edmpico Hors Class (100 pontos).<\/p>\n\n\n\n<p>Na corrida por vagas para Paris-2024, o Brasil somou importantes pontos como na\u00e7\u00e3o no masculino e no feminino. Entre os homens, o Pa\u00eds agora ocupa o sexto lugar, somando pontos de Henrique Avancini, Jos\u00e9 Gabriel Marques e Gustavo Xavier. Juntos, em Arax\u00e1, os tr\u00eas somaram 280 pontos, com destaque para Jos\u00e9 Gabriel, que garantiu 126 pontos deste total de sexta a domingo. Entre as mulheres, as tr\u00eas representantes do Brasil atualmente no ranking ol\u00edmpico \u2013 Raiza Goul\u00e3o, Herc\u00edlia Najara e Karen Olimpio \u2013 somaram 286 pontos, garantindo ao Pa\u00eds a nona posi\u00e7\u00e3o. Sozinha, Karen somou&nbsp;140 pontos nos tr\u00eas dias, a maior pontuadora UCI do fim de semana.<\/p>\n\n\n\n<p><strong>Representantes da Copa do Mundo no Brasil<\/strong><br>Ap\u00f3s realizar o sonho da comunidade do ciclismo sul-americano em 2022, ao trazer de volta para o Brasil uma etapa da Copa do Mundo UCI de MTB, a organiza\u00e7\u00e3o da CIMTB j\u00e1 trabalha pensando em 2024. Para isso, grandes planos s\u00e3o feitos por parte da equipe de trabalho, tendo inclusive a possibilidade de ser sediada em Arax\u00e1 uma das etapas da Copa do Mundo no pr\u00f3ximo ano. Gerente de vendas de publicidade internacional da Warner Bros. Discovery (WBD), empresa que det\u00e9m os direitos de organiza\u00e7\u00e3o e transmiss\u00e3o do evento,&nbsp;Rem\u00ed Trapero esteve em Arax\u00e1 para conhecer de perto a competi\u00e7\u00e3o, ao lado do ingl\u00eas Simon Burney,&nbsp;organizador t\u00e9cnico da Copa do Mundo.<\/p>\n\n\n\n<p>\u201cPrimeiro, gostaria de agradecer Arax\u00e1 e tamb\u00e9m a organiza\u00e7\u00e3o da CIMTB, pelo n\u00edvel da hospedagem que nos deram aqui. Fomos recebidos como reis. Algo muito impressionante. Temos a certeza que, se trouxermos a Copa do Mundo para a cidade, todas as pessoas ser\u00e3o recebidas como n\u00f3s fomos. Ou seja, a experi\u00eancia ser\u00e1 boa, porque a comida \u00e9 boa, a cultura \u00e9 impressionante. Mas, o primeiro de tudo s\u00e3o as pessoas. Elas nos receberam de uma forma incr\u00edvel. A paix\u00e3o que voc\u00eas t\u00eam pelo mountain bike \u00e9 algo louco. Isso \u00e9 uma coisa que n\u00e3o podemos comparar com Europa ou Am\u00e9rica do Norte. Tem algo a mais aqui\u201d, comentou o franc\u00eas R\u00e9mi Trapero, respons\u00e1vel pelas vendas de publicidade internacional da WBD no Sul da Europa e Am\u00e9rica Latina.<\/p>\n\n\n\n<p>\u201cA organiza\u00e7\u00e3o, pelo lado esportivo, \u00e9 absolutamente fant\u00e1stica. Pista muito boa, o local, a temperatura. A forma como os estandes do evento est\u00e3o posicionados. A forma como as pessoas podem ir na \u00e1rea de alimenta\u00e7\u00e3o, j\u00e1 na \u00e1rea de shows. \u00c9 impressionante. Al\u00e9m disso, o n\u00famero de participantes, com muitos amadores competindo. At\u00e9 os pol\u00edticos participam ativamente aqui. D\u00e1 para sentir o n\u00edvel de amor que as pessoas de Arax\u00e1 tem pelo mountain bike. Por isso, Arax\u00e1 com certeza \u00e9 uma das favoritas para ter a Copa do Mundo em 2024. Em paralelo, estamos trabalhando com o poder p\u00fablico e com o setor privado aqui de Minas Gerais, para nos&nbsp;darem apoio nesse projeto. N\u00e3o s\u00f3 sobre o evento, mas tamb\u00e9m sobre a promo\u00e7\u00e3o de diversas coisas que estamos definindo. Essa jun\u00e7\u00e3o de p\u00fablico, privado e organiza\u00e7\u00e3o da CIMTB, faz com que a cidade&nbsp;seja uma das favoritas para estar no calend\u00e1rio do ano que vem\u201d, finaliza R\u00e9mi.<\/p>\n\n\n\n<p><strong>Poder p\u00fablico e privado unidos<\/strong><br>A prova de que a vinda da Copa do Mundo \u00e9 tratada com muita seriedade por todos os atores envolvidos \u2013 setor p\u00fablico, privado e organiza\u00e7\u00e3o -, est\u00e1 na mensagem via v\u00eddeo que o governador de Minas Gerais, Romeu Zema, enviou aos dois visitantes do fim de semana Remi e Simon, dando a ambos as boas vindas e dizendo que ficaria muito feliz se sua cidade natal pudesse sediar a Copa do Mundo em 2024. No evento, Zema esteve representado pela secret\u00e1ria-adjunta de Cultura e Turismo do Estado, Milena Pedrosa.<\/p>\n\n\n\n<p>\u201cAchei a Copa Internacional um evento lindo e extremamente organizado. \u00c9 muito animado e deixa um clima especial na cidade. Incr\u00edvel. Estou apaixonada pelo legado que deixa, com esses 20 anos. Arax\u00e1 virou a terra do mountain bike por causa da CIMTB, n\u00e9?\u201d, disse a secret\u00e1ria-adjunta Milena Pedrosa. \u201cTecnicamente, todos j\u00e1 perceberam que sabemos fazer. Agora \u00e9 hora de unir o coletivo do governo, com assembleia, prefeitura e produtores, junto com as empresas, para articular e atrair a Copa do Mundo para c\u00e1. Estou confiante que vamos conseguir\u201d, completou Milena.<\/p>\n\n\n\n<p>Quem tamb\u00e9m esteve presente em mais uma edi\u00e7\u00e3o da Copa Internacional de MTB em Arax\u00e1 foi o Deputado Jo\u00e3o Bosco, um dos grandes incentivadores do evento no munic\u00edpio. \u201cTodos n\u00f3s de Arax\u00e1 somos muito gratos, ao Rog\u00e9rio Bernardes e sua equipe da Copa Internacional, que de forma incans\u00e1vel t\u00eam presenteado Arax\u00e1, a regi\u00e3o, Minas Gerais e o Brasil, com a realiza\u00e7\u00e3o deste evento, que \u00e9 um evento que tem o reconhecimento mundial, extrapolando nossas fronteiras. A CIMTB alcan\u00e7ou um sucesso t\u00e3o grande, que pessoas do outro lado do mundo vislumbram a realiza\u00e7\u00e3o da Copa do Mundo em Arax\u00e1. Isso n\u00e3o \u00e9 para qualquer cidade, qualquer estado. Se Arax\u00e1 est\u00e1 no foco a n\u00edvel mundial do ciclismo, \u00e9 por causa da CIMTB e das pessoas que fazem parte da organiza\u00e7\u00e3o dela\u201d, enalteceu o deputado.<\/p>\n\n\n\n<p>Empresa patrocinadora da CIMTB desde 2022, a CBMM tamb\u00e9m celebrou a parceria com a competi\u00e7\u00e3o por mais um ano.&nbsp;\u201cA partir de Arax\u00e1 nos tornamos l\u00edderes globais em nosso setor de tecnologia de materiais. Alavancar o desenvolvimento e proje\u00e7\u00e3o da regi\u00e3o atrav\u00e9s de uma plataforma crescente que integra esporte, cultura e educa\u00e7\u00e3o \u00e9 algo muito especial alinhado com nossas diretrizes sociais. No caso do mountain&nbsp;bike, ainda unimos uma voca\u00e7\u00e3o natural da regi\u00e3o com a tradi\u00e7\u00e3o e paix\u00e3o da cidade por esse esporte\u201d, disse Giuliano Fernandes, respons\u00e1vel pela comunica\u00e7\u00e3o e marketing corporativo da CBMM<\/p>\n\n\n\n<p><strong>Atra\u00e7\u00f5es dentro e fora das pistas<\/strong><br>Se dentro das pistas os melhores atletas do mundo deram show para o p\u00fablico, fora delas n\u00e3o faltaram in\u00fameras atra\u00e7\u00f5es para os mais variados gostos. Os aficionados pelo ciclismo tiveram oportunidade de tirar fotos com a lenda do ciclismo mundial, o franc\u00eas Julien Absalon. Shows e apresenta\u00e7\u00f5es se destacaram na programa\u00e7\u00e3o, como a vinda do chileno Karcocha, artista de rua mundialmente conhecido, e grupos de rock e de jazz de diversas regi\u00f5es do Pa\u00eds. Balonismo, pista para teste de bike e tamb\u00e9m uma pista para categoria mirim, \u00e1rea pet, pra\u00e7a de alimenta\u00e7\u00e3o completa e feira com as principais novidades do setor, tamb\u00e9m estiveram no card\u00e1pio.\u201dEstou bem impressionado. Eu sei que o Brasil tem muitos f\u00e3s do mountain bike. \u00c9 t\u00e3o legal ver essas pessoas aqui, os ciclistas que v\u00eam competir, mas tamb\u00e9m todo o p\u00fablico. Fiquei impressionado com a pista. \u00c9 uma pista de Copa do Mundo. V\u00e1rios trechos de alto n\u00edvel, como saltos e rock gardens. \u00c9 um evento realmente muito bacana, a Copa Internacional de Mountain Bike\u201d, comentou o franc\u00eas Julien Absalon, dono de um vasto curr\u00edculo no esporte, com dois ouros ol\u00edmpicos, cinco t\u00edtulos mundiais e 33 vit\u00f3rias em etapas da Copa do Mundo, recorde igualado por Nino Schurter em 2022.<\/p>\n\n\n\n<p><strong>Balan\u00e7o final da organiza\u00e7\u00e3o<\/strong><br>Ap\u00f3s a realiza\u00e7\u00e3o do evento, a sensa\u00e7\u00e3o da organiza\u00e7\u00e3o da CIMTB foi de que o dever mais uma vez foi bem cumprido, independentemente de todas as dificuldades e percal\u00e7os que um evento dessa magnitude tem que enfrentar.\u201dJ\u00e1 s\u00e3o 20 anos de muito trabalho em Arax\u00e1, al\u00e9m de uma vida toda organizando competi\u00e7\u00f5es de bicicleta por v\u00e1rios lugares do Brasil. Para n\u00f3s seria uma bela recompensa, de todo nosso esfor\u00e7o, poder realizar uma etapa da Copa do Mundo no munic\u00edpio ano que vem. N\u00e3o h\u00e1 nada certo para que isso aconte\u00e7a, mas, se caso venha ocorrer, ser\u00e1 a realiza\u00e7\u00e3o de um sonho\u201d, comentou Rog\u00e9rio Bernardes, organizador da CIMTB.<\/p>\n\n\n\n<p>\u201cTemos o interesse confirmado dos mais diversos campos, como poder executivo e legislativo de Arax\u00e1, executivo e legislativo do Estado de Minas Gerais, Governo Federal atrav\u00e9s da Lei de Incentivo ao Esporte, CBMM. Enfim, este conjunto de pessoas, junto com o trabalho da nossa equipe da CIMTB, empres\u00e1rios da cidade e associa\u00e7\u00f5es parceiras, como Mountain Bike BH e ACEAA (Associa\u00e7\u00e3o de Ciclismo e Esporte de Aventura de Arax\u00e1), \u00e9 o que pode fazer tudo se tornar poss\u00edvel\u201d, finalizou Rog\u00e9rio.<strong>Os campe\u00f5es de Arax\u00e1<\/strong><br>Confira a lista completa de todos os campe\u00f5es da 20\u00aa edi\u00e7\u00e3o da CIMTB em Arax\u00e1 no Short Track realizado na sexta-feira (14) e nas baterias 1 e 2 do s\u00e1bado (15): Warley Sabino (M\u00e1ster), Florencia Monsalvez (Geral Feminina), Juarez Machado (XCC E-Bike e XCO M\u00e1ster), Matheus Rezende (Cadete), Vinicius Howe (Teen), Raiza Goul\u00e3o (Super Elite Feminina XCC Classe 3), Martin Vidaurre (Super Elite Masculina XCC Classe 3), Patr\u00edcia Loureiro (E-MTB Pr\u00f3 Fem), Rubinho Valeriano (E-MTB Pr\u00f3 Masculino), Karen Olimpio (Super Elite Feminina XCO Classe 1) e Henrique Avancini (Super Elite Masculina XCO Classe 1).<\/p>\n\n\n\n<p>Nas disputas da Maratona, os campe\u00f5es foram: Jo\u00e3o Victor Alves (Ultra), Pedro Henrique Gomes (Hand Bike), Cicero Lima (PcD), Stefanye Lindolfo (E-MTB Feminina), Gustavo Couto (E-MTB Masculina), Pillar Corvalan (Open Feminina), Paulo Galv\u00e3o (Gravel), Ricardo Kenio (Peso Pesado), Janderson Lago (Seguran\u00e7a P\u00fablica), Jos\u00e9 Gon\u00e7alves e Flavio Moura (Dupla Masculina), Jos\u00e9 Umberto e Mariana Nunes (Dupla Mista\/Feminina), Flavio Alexandre e Augusto Garcia (Dupla Pr\u00f3), Jos\u00e9 Carlos Mendes (Veterano), Marden Braz (M\u00e1ster), Marlon de Melo (Cadete) e Antonio Boaventura (Expert).<\/p>\n\n\n\n<p>Por fim, a lista de campe\u00f5es do XCO realizado no domingo (16): Dilermando de F\u00e1tima&nbsp; (Over-65), Larry Pereira (Sub-65), Celso de Mello (Sub-60), Gustavo Jorge (Sub-55), Ana Claudia de Mello (Over-50), Emiliana Mara e Edivando de Souza Cruz (Sub-50), Jo\u00e3o Paulo Firmino (Sub-45), Larissa de Souza e Gelson Fernandes (Sub-40), Marcelo Leon (Sub-35), Gustavo Vilella (Sub-30), Cynthia Guadalupe e Vinicius Howe (J\u00fanior), Florencia Monsalvez e Leonardo Bernardes (Sub-17), Hani Rodrigues e Gabriel Freitas (Sub-15), Let\u00edcia de Oliveira e Pedro Henrique Ferri (Sub-12), Giuliana Morgen e Gustavo Xavier (Sub-23) e Raiza Goul\u00e3o e Martin Vidaurre (Super Elite).<\/p>\n\n\n\n<p><strong>Sobre a CBMM<br><\/strong>L\u00edder mundial na produ\u00e7\u00e3o e comercializa\u00e7\u00e3o de produtos de Ni\u00f3bio, a CBMM possui mais de 400 clientes, em 50 pa\u00edses. A companhia fornece produtos e tecnologia de ponta aos setores de infraestrutura, mobilidade, aeroespacial, sa\u00fade e energia. Fundada em 1955, em Arax\u00e1, Minas Gerais, a CBMM apoia iniciativas que visam o desenvolvimento socioecon\u00f4mico, cultural e esportivo nos locais onde atua, buscando beneficiar essas comunidades e auxiliar na forma\u00e7\u00e3o das pr\u00f3ximas gera\u00e7\u00f5es. Para mais informa\u00e7\u00f5es, visite:&nbsp;<a href=\"https:\/\/app.emailmanager.com\/c\/?21829.347.0.0.0.0.9.0.0.10.679.0.233091.0.1.6b0ac\" target=\"_blank\" rel=\"noreferrer noopener\">cbmm.com\/pt\/media-center<\/a>.<\/p>\n\n\n\n<p><strong>Sobre a SRAM<\/strong><br>SRAM LLC \u00e9 uma fabricante de componentes de bicicletas com sede em Chicago, Illinois, Estados Unidos, fundada em 1987. SRAM \u00e9 um acr\u00f4nimo que inclui os nomes de seus fundadores, Scott, Ray e Sam, baseada no sonho de criar uma experi\u00eancia mais divertida, eficiente e r\u00e1pida em uma bicicleta. Hoje, o grupo SRAM \u00e9 formado por uma equipe global de pessoas que oferece a mesma paix\u00e3o por melhorar a experi\u00eancia e expandir o potencial do ciclismo, detentora de marcas como: TIME, RockShox, Truvativ, Quarq e Zipp. Mais informa\u00e7\u00f5es:&nbsp;<a href=\"https:\/\/app.emailmanager.com\/c\/?21829.347.0.0.0.0.9.0.0.10.680.0.233091.0.1.144ea\" target=\"_blank\" rel=\"noreferrer noopener\">https:\/\/proparts.esp.br\/sram<\/a><\/p>\n\n\n\n<p><strong>Hist\u00f3ria da CIMTB<\/strong><br>A organiza\u00e7\u00e3o da CIMTB realizou sua primeira prova em 1996. Desde ent\u00e3o, vem inovando e contribuindo ativamente para o crescimento e fortalecimento do mountain bike e o mercado de bicicletas no Brasil. Contando pontos para o ranking mundial da Uni\u00e3o Cicl\u00edstica Internacional (UCI) desde 2004, a CIMTB tem sido seletiva para os Jogos Ol\u00edmpicos nos ciclos de Pequim 2008, Londres 2012, Rio 2016, T\u00f3quio 2020 e Paris 2024. Em 2022, a CIMTB aumentou ainda mais sua relev\u00e2ncia internacional, com a realiza\u00e7\u00e3o da etapa de abertura da Copa do Mundo Mercedes-Benz de Mountain Bike 2022, em Petr\u00f3polis. Al\u00e9m disso, foi respons\u00e1vel pela constru\u00e7\u00e3o da pista de mountain bike dos Jogos Ol\u00edmpicos Rio 2016, considerada uma das melhores da hist\u00f3ria dos Jogos desde 1996, primeiro ano do MTB em Olimp\u00edadas.<\/p>\n\n\n\n<p><strong>Mais informa\u00e7\u00f5es sobre a CIMTB:<\/strong><br>Site:&nbsp;<a href=\"https:\/\/app.emailmanager.com\/c\/?21829.347.0.0.0.0.9.0.0.10.681.0.233091.0.1.e3abf\" target=\"_blank\" rel=\"noreferrer noopener\">https:\/\/www.cimtb.com.br<\/a><br>Instagram:&nbsp;<a href=\"https:\/\/app.emailmanager.com\/c\/?21829.347.0.0.0.0.9.0.0.10.682.0.233091.0.1.dc977\" target=\"_blank\" rel=\"noreferrer noopener\">http:\/\/www.instagram.com\/cimtb<\/a><br>Facebook:&nbsp;<a href=\"https:\/\/app.emailmanager.com\/c\/?21829.347.0.0.0.0.9.0.0.10.683.0.233091.0.1.03213\" target=\"_blank\" rel=\"noreferrer noopener\">http:\/\/www.facebook.com\/cimtb\/<\/a><br>Twitter:&nbsp;<a href=\"https:\/\/app.emailmanager.com\/c\/?21829.347.0.0.0.0.9.0.0.10.684.0.233091.0.1.622f8\" target=\"_blank\" rel=\"noreferrer noopener\">http:\/\/www.twitter.com\/cimtb_oficial<\/a><\/p>\n\n\n\n<p><strong>Assessoria de Imprensa<br><\/strong>Gustavo Coelho<br><a href=\"https:\/\/app.emailmanager.com\/c\/?21829.347.0.0.0.0.9.0.0.10.685.0.233091.0.1.684b4\" target=\"_blank\" rel=\"noreferrer noopener\">press@cimtb.com.br<\/a><\/p>\n\n\n\n<p>( fotos \u00c9rika Mour\u00e3o)<\/p>\n","protected":false},"excerpt":{"rendered":"<p>A competi\u00e7\u00e3o bateu recorde de inscri\u00e7\u00f5es, com quase 1.800 registros para cerca de 1.400 participantes, e ofertou pontos importantes para<\/p>\n","protected":false},"author":2,"featured_media":4963,"comment_status":"open","ping_status":"open","sticky":false,"template":"","format":"standard","meta":{"footnotes":""},"categories":[9,11,15],"tags":[],"class_list":["post-4962","post","type-post","status-publish","format-standard","has-post-thumbnail","hentry","category-araxa","category-destaques","category-esportes"],"_links":{"self":[{"href":"http:\/\/blogdoarmindomaia.com.br\/index.php?rest_route=\/wp\/v2\/posts\/4962","targetHints":{"allow":["GET"]}}],"collection":[{"href":"http:\/\/blogdoarmindomaia.com.br\/index.php?rest_route=\/wp\/v2\/posts"}],"about":[{"href":"http:\/\/blogdoarmindomaia.com.br\/index.php?rest_route=\/wp\/v2\/types\/post"}],"author":[{"embeddable":true,"href":"http:\/\/blogdoarmindomaia.com.br\/index.php?rest_route=\/wp\/v2\/users\/2"}],"replies":[{"embeddable":true,"href":"http:\/\/blogdoarmindomaia.com.br\/index.php?rest_route=%2Fwp%2Fv2%2Fcomments&post=4962"}],"version-history":[{"count":1,"href":"http:\/\/blogdoarmindomaia.com.br\/index.php?rest_route=\/wp\/v2\/posts\/4962\/revisions"}],"predecessor-version":[{"id":4964,"href":"http:\/\/blogdoarmindomaia.com.br\/index.php?rest_route=\/wp\/v2\/posts\/4962\/revisions\/4964"}],"wp:featuredmedia":[{"embeddable":true,"href":"http:\/\/blogdoarmindomaia.com.br\/index.php?rest_route=\/wp\/v2\/media\/4963"}],"wp:attachment":[{"href":"http:\/\/blogdoarmindomaia.com.br\/index.php?rest_route=%2Fwp%2Fv2%2Fmedia&parent=4962"}],"wp:term":[{"taxonomy":"category","embeddable":true,"href":"http:\/\/blogdoarmindomaia.com.br\/index.php?rest_route=%2Fwp%2Fv2%2Fcategories&post=4962"},{"taxonomy":"post_tag","embeddable":true,"href":"http:\/\/blogdoarmindomaia.com.br\/index.php?rest_route=%2Fwp%2Fv2%2Ftags&post=4962"}],"curies":[{"name":"wp","href":"https:\/\/api.w.org\/{rel}","templated":true}]}}