{"id":497,"date":"2022-04-26T23:49:42","date_gmt":"2022-04-27T02:49:42","guid":{"rendered":"http:\/\/blogdoarmindomaia.com.br\/?p=497"},"modified":"2022-04-26T23:49:44","modified_gmt":"2022-04-27T02:49:44","slug":"forum-comunitario-debate-concurso-publico-da-fundacao-cultural-calmon-barreto","status":"publish","type":"post","link":"http:\/\/blogdoarmindomaia.com.br\/?p=497","title":{"rendered":"F\u00d3RUM COMUNIT\u00c1RIO DEBATE CONCURSO P\u00daBLICO DA FUNDA\u00c7\u00c3O CULTURAL CALMON BARRETO"},"content":{"rendered":"\n<p><\/p>\n\n\n\n<figure class=\"wp-block-image size-full is-style-default\"><img loading=\"lazy\" decoding=\"async\" width=\"1000\" height=\"750\" src=\"http:\/\/blogdoarmindomaia.com.br\/wp-content\/uploads\/2022\/04\/mesa-4.jpg\" alt=\"\" class=\"wp-image-499\" srcset=\"http:\/\/blogdoarmindomaia.com.br\/wp-content\/uploads\/2022\/04\/mesa-4.jpg 1000w, http:\/\/blogdoarmindomaia.com.br\/wp-content\/uploads\/2022\/04\/mesa-4-300x225.jpg 300w, http:\/\/blogdoarmindomaia.com.br\/wp-content\/uploads\/2022\/04\/mesa-4-768x576.jpg 768w\" sizes=\"auto, (max-width: 1000px) 100vw, 1000px\" \/><\/figure>\n\n\n\n<figure class=\"wp-block-image size-full is-style-default\"><img loading=\"lazy\" decoding=\"async\" width=\"1000\" height=\"750\" src=\"http:\/\/blogdoarmindomaia.com.br\/wp-content\/uploads\/2022\/04\/Mesa-1-1.jpg\" alt=\"\" class=\"wp-image-498\" srcset=\"http:\/\/blogdoarmindomaia.com.br\/wp-content\/uploads\/2022\/04\/Mesa-1-1.jpg 1000w, http:\/\/blogdoarmindomaia.com.br\/wp-content\/uploads\/2022\/04\/Mesa-1-1-300x225.jpg 300w, http:\/\/blogdoarmindomaia.com.br\/wp-content\/uploads\/2022\/04\/Mesa-1-1-768x576.jpg 768w\" sizes=\"auto, (max-width: 1000px) 100vw, 1000px\" \/><\/figure>\n\n\n\n<p>O plen\u00e1rio Vereador Guilherme Gotelip Neto recebeu na tarde desta segunda-feira (25), F\u00f3rum Comunit\u00e1rio para debater o Projeto de Lei n\u00ba76\/2022 que institui o quadro de cargos efetivos da Funda\u00e7\u00e3o Cultural Calmon Barreto (FCCB). A sess\u00e3o foi uma solicita\u00e7\u00e3o dos vereadores Luiz Carlos, Fernanda Castelha e Maristela Dutra e contou com a presen\u00e7a de representantes da Funda\u00e7\u00e3o Cultural Calmon Barreto, Procuradoria Jur\u00eddica do Munic\u00edpio, Secretaria Municipal de Fazenda Planejamento e Gest\u00e3o, Promotoria de Justi\u00e7a, Aspra (Associa\u00e7\u00e3o dos Servidores P\u00fablicos de Arax\u00e1), Sinplalto (Sindicato dos Servidores P\u00fablicos do Munic\u00edpio de Arax\u00e1), imprensa e comunidade.<\/p>\n\n\n\n<p>O objetivo do projeto \u00e9 atender uma determina\u00e7\u00e3o do Minist\u00e9rio P\u00fablico do Estado de Minas Gerais (MPMG) para regulamentar os cargos j\u00e1 existentes, substituir servidores contratados e criar um cadastro de reserva para implanta\u00e7\u00e3o de novos projetos ou substitui\u00e7\u00e3o de efetivos. A C\u00e2mara recebeu a mat\u00e9ria no dia 12 de abril e deve apreci\u00e1-la em breve.<\/p>\n\n\n\n<p>O promotor de Justi\u00e7a, Marcus Paulo Queiroz Macedo, foi o primeiro a usar a palavra. Ele esclareceu que o MP ajuizou uma A\u00e7\u00e3o de Execu\u00e7\u00e3o contra o Munic\u00edpio de Arax\u00e1 em 2017, sendo que em 2022 veio a determina\u00e7\u00e3o para regulariza\u00e7\u00e3o da situa\u00e7\u00e3o das contrata\u00e7\u00f5es tempor\u00e1rias da Prefeitura de uma forma geral, seja pela nomea\u00e7\u00e3o de servidores que foram aprovados em concursos anteriores ou atrav\u00e9s da realiza\u00e7\u00e3o de novos concursos.<\/p>\n\n\n\n<p>O promotor esclareceu que o Termo de Ajustamento de Conduta (TAC) firmado com o MP determina que a regulariza\u00e7\u00e3o precisa acontecer at\u00e9 o final do ano de 2022. Ele afirmou ainda que, no entendimento dele, \u00e9 necess\u00e1rio a realiza\u00e7\u00e3o de concurso, n\u00e3o somente para a FCCB, como tamb\u00e9m para outros setores da Administra\u00e7\u00e3o Municipal, direta e indireta.<\/p>\n\n\n\n<p>A presidente da FCCB, Cynthia Ver\u00e7osa, falou sobre o trabalho da Funda\u00e7\u00e3o, que hoje conta com sete museus, setor de arquivos, pesquisas e publica\u00e7\u00f5es, Escola Municipal de M\u00fasica Maestro Elias Porf\u00edrio de Azevedo, ateli\u00ea de tecelagem Hermantina Drummond, Teatro Municipal Maximiliano Rocha e sede.<\/p>\n\n\n\n<p>Cynthia explicou a necessidade dos 152 cargos providos atrav\u00e9s do concurso, para o bom funcionamento da institui\u00e7\u00e3o e para dar in\u00edcio a novos projetos como o Centro de Refer\u00eancia do Patrim\u00f4nio Cultural de Arax\u00e1 e a implanta\u00e7\u00e3o do Polo da Cozinha Mineira.<\/p>\n\n\n\n<p>Os vereadores presentes fizeram questionamentos sobre a mat\u00e9ria, pedindo mais detalhes sobre a qualifica\u00e7\u00e3o e carga hor\u00e1ria exigida para cada cargo, necessidade de valoriza\u00e7\u00e3o e regulamenta\u00e7\u00e3o dos servidores que j\u00e1 trabalham na FCCB desde o concurso de 1997, e melhorias para os demais servidores, principalmente para os professores de m\u00fasica, dan\u00e7a e artes c\u00eanicas.<\/p>\n\n\n\n<p><strong><em>Ascom CMA<\/em><\/strong><\/p>\n","protected":false},"excerpt":{"rendered":"<p>O plen\u00e1rio Vereador Guilherme Gotelip Neto recebeu na tarde desta segunda-feira (25), F\u00f3rum Comunit\u00e1rio para debater o Projeto de Lei<\/p>\n","protected":false},"author":2,"featured_media":498,"comment_status":"open","ping_status":"open","sticky":false,"template":"","format":"standard","meta":{"footnotes":""},"categories":[9,11],"tags":[],"class_list":["post-497","post","type-post","status-publish","format-standard","has-post-thumbnail","hentry","category-araxa","category-destaques"],"_links":{"self":[{"href":"http:\/\/blogdoarmindomaia.com.br\/index.php?rest_route=\/wp\/v2\/posts\/497","targetHints":{"allow":["GET"]}}],"collection":[{"href":"http:\/\/blogdoarmindomaia.com.br\/index.php?rest_route=\/wp\/v2\/posts"}],"about":[{"href":"http:\/\/blogdoarmindomaia.com.br\/index.php?rest_route=\/wp\/v2\/types\/post"}],"author":[{"embeddable":true,"href":"http:\/\/blogdoarmindomaia.com.br\/index.php?rest_route=\/wp\/v2\/users\/2"}],"replies":[{"embeddable":true,"href":"http:\/\/blogdoarmindomaia.com.br\/index.php?rest_route=%2Fwp%2Fv2%2Fcomments&post=497"}],"version-history":[{"count":1,"href":"http:\/\/blogdoarmindomaia.com.br\/index.php?rest_route=\/wp\/v2\/posts\/497\/revisions"}],"predecessor-version":[{"id":500,"href":"http:\/\/blogdoarmindomaia.com.br\/index.php?rest_route=\/wp\/v2\/posts\/497\/revisions\/500"}],"wp:featuredmedia":[{"embeddable":true,"href":"http:\/\/blogdoarmindomaia.com.br\/index.php?rest_route=\/wp\/v2\/media\/498"}],"wp:attachment":[{"href":"http:\/\/blogdoarmindomaia.com.br\/index.php?rest_route=%2Fwp%2Fv2%2Fmedia&parent=497"}],"wp:term":[{"taxonomy":"category","embeddable":true,"href":"http:\/\/blogdoarmindomaia.com.br\/index.php?rest_route=%2Fwp%2Fv2%2Fcategories&post=497"},{"taxonomy":"post_tag","embeddable":true,"href":"http:\/\/blogdoarmindomaia.com.br\/index.php?rest_route=%2Fwp%2Fv2%2Ftags&post=497"}],"curies":[{"name":"wp","href":"https:\/\/api.w.org\/{rel}","templated":true}]}}