{"id":4984,"date":"2023-05-03T11:31:03","date_gmt":"2023-05-03T14:31:03","guid":{"rendered":"http:\/\/blogdoarmindomaia.com.br\/?p=4984"},"modified":"2023-05-03T11:31:05","modified_gmt":"2023-05-03T14:31:05","slug":"cruzeiro-e-minas-arena-assinam-acordo-mediado-pelo-governo-de-minas","status":"publish","type":"post","link":"http:\/\/blogdoarmindomaia.com.br\/?p=4984","title":{"rendered":"Cruzeiro e Minas Arena assinam acordo mediado pelo Governo de Minas"},"content":{"rendered":"\n<figure class=\"wp-block-image size-full is-style-default\"><img loading=\"lazy\" decoding=\"async\" width=\"940\" height=\"350\" src=\"http:\/\/blogdoarmindomaia.com.br\/wp-content\/uploads\/2023\/05\/WhatsApp_Image_2023-04-28_at_18.23.45.jpeg\" alt=\"\" class=\"wp-image-4985\" srcset=\"http:\/\/blogdoarmindomaia.com.br\/wp-content\/uploads\/2023\/05\/WhatsApp_Image_2023-04-28_at_18.23.45.jpeg 940w, http:\/\/blogdoarmindomaia.com.br\/wp-content\/uploads\/2023\/05\/WhatsApp_Image_2023-04-28_at_18.23.45-300x112.jpeg 300w, http:\/\/blogdoarmindomaia.com.br\/wp-content\/uploads\/2023\/05\/WhatsApp_Image_2023-04-28_at_18.23.45-768x286.jpeg 768w\" sizes=\"auto, (max-width: 940px) 100vw, 940px\" \/><\/figure>\n\n\n\n<p>O acordo comercial entre a Minas Arena e o Cruzeiro foi selado em reuni\u00e3o realizada na tarde de sexta-feira (28\/4), com media\u00e7\u00e3o do&nbsp;<a href=\"https:\/\/www.mg.gov.br\/\" target=\"_blank\" rel=\"noreferrer noopener\">Governo de Minas<\/a>, por meio da&nbsp;<a href=\"http:\/\/www.infraestrutura.mg.gov.br\/\" target=\"_blank\" rel=\"noreferrer noopener\">Secretaria de Estado de Infraestrutura e Mobilidade (Seinfra)<\/a>. Um acordo vinculante com as premissas comerciais acordadas entre as partes foi assinado e servir\u00e1 como par\u00e2metro para o contrato que ser\u00e1 consolidado at\u00e9 o m\u00eas de julho e ter\u00e1 validade at\u00e9 dezembro de 2025.<\/p>\n\n\n\n<p>Com o acordo, o Cruzeiro volta a jogar no Mineir\u00e3o j\u00e1 no dia 10\/5, contra o Fluminense, em partida v\u00e1lida pelo Campeonato Brasileiro. O consenso foi viabilizado por interm\u00e9dio da Seinfra&nbsp;com a contribui\u00e7\u00e3o do Comit\u00ea de Esporte, Cultura e Lazer, que conta, ainda, com representantes da Assembleia Legislativa, da concession\u00e1ria Minas Arena, dos clubes Atl\u00e9tico, Cruzeiro e Am\u00e9rica, e das federa\u00e7\u00f5es de futebol.&nbsp;<\/p>\n\n\n\n<p>&#8220;Reconhecemos a disponibilidade e intermedia\u00e7\u00e3o do Governo do Estado nas negocia\u00e7\u00f5es, o que mostra um caminho importante de di\u00e1logo e colabora\u00e7\u00e3o, resultando em um recome\u00e7o cheio de expectativas para a volta do Cruzeiro ao Gigante da Pampulha, a casa do futebol mineiro&#8221;, destacou o diretor comercial do Mineir\u00e3o, Samuel Lloyd.<\/p>\n\n\n\n<p>O resultado das negocia\u00e7\u00f5es tamb\u00e9m foi bem recebido pelo Cruzeiro. \u201cEsse novo acordo traz um claro avan\u00e7o comercial nas tratativas, reconhece o valor do Cruzeiro, e representa a nossa volta ao Mineir\u00e3o. Nada disso seria poss\u00edvel sem a mobiliza\u00e7\u00e3o do Governo do Estado, atrav\u00e9s da Seinfra, na instaura\u00e7\u00e3o do Comit\u00ea de Esporte, Cultura e Lazer\u201d, disse Gabriel Lima, CEO do clube mineiro.<\/p>\n\n\n\n<p>Para o secret\u00e1rio de Estado de Infraestrutura e Mobilidade, Pedro Bruno, o acordo resguarda o interesse p\u00fablico e garante o consenso entre clube e concession\u00e1ria. \u201c\u00c9 gratificante poder contribuir com o di\u00e1logo construtivo e saber que os mineiros ser\u00e3o os principais beneficiados\u201d, comemorou.&nbsp;<\/p>\n\n\n\n<p>A Parceria P\u00fablico Privada (PPP) do Mineir\u00e3o foi celebrada em 2010, entre o N\u00facleo Gestor das Copas, a&nbsp;<a href=\"https:\/\/www.mg.gov.br\/planejamento\" target=\"_blank\" rel=\"noreferrer noopener\">Secretaria de Estado de Planejamento e Gest\u00e3o (Seplag)<\/a>&nbsp;e a Concession\u00e1ria Minas Arena Gest\u00e3o de Instala\u00e7\u00f5es Esportivas S.A. A concess\u00e3o previa a opera\u00e7\u00e3o e manuten\u00e7\u00e3o do Complexo do Mineir\u00e3o, precedida de obras de reforma e adequa\u00e7\u00e3o do Est\u00e1dio Governador Magalh\u00e3es Pinto, com o objetivo inicial de preparar o espa\u00e7o para ser uma das sedes da Copa do Mundo de 2014. O contrato tem vig\u00eancia de 27 anos.<\/p>\n","protected":false},"excerpt":{"rendered":"<p>O acordo comercial entre a Minas Arena e o Cruzeiro foi selado em reuni\u00e3o realizada na tarde de sexta-feira (28\/4),<\/p>\n","protected":false},"author":2,"featured_media":4985,"comment_status":"open","ping_status":"open","sticky":false,"template":"","format":"standard","meta":{"footnotes":""},"categories":[9,15],"tags":[],"class_list":["post-4984","post","type-post","status-publish","format-standard","has-post-thumbnail","hentry","category-araxa","category-esportes"],"_links":{"self":[{"href":"http:\/\/blogdoarmindomaia.com.br\/index.php?rest_route=\/wp\/v2\/posts\/4984","targetHints":{"allow":["GET"]}}],"collection":[{"href":"http:\/\/blogdoarmindomaia.com.br\/index.php?rest_route=\/wp\/v2\/posts"}],"about":[{"href":"http:\/\/blogdoarmindomaia.com.br\/index.php?rest_route=\/wp\/v2\/types\/post"}],"author":[{"embeddable":true,"href":"http:\/\/blogdoarmindomaia.com.br\/index.php?rest_route=\/wp\/v2\/users\/2"}],"replies":[{"embeddable":true,"href":"http:\/\/blogdoarmindomaia.com.br\/index.php?rest_route=%2Fwp%2Fv2%2Fcomments&post=4984"}],"version-history":[{"count":1,"href":"http:\/\/blogdoarmindomaia.com.br\/index.php?rest_route=\/wp\/v2\/posts\/4984\/revisions"}],"predecessor-version":[{"id":4986,"href":"http:\/\/blogdoarmindomaia.com.br\/index.php?rest_route=\/wp\/v2\/posts\/4984\/revisions\/4986"}],"wp:featuredmedia":[{"embeddable":true,"href":"http:\/\/blogdoarmindomaia.com.br\/index.php?rest_route=\/wp\/v2\/media\/4985"}],"wp:attachment":[{"href":"http:\/\/blogdoarmindomaia.com.br\/index.php?rest_route=%2Fwp%2Fv2%2Fmedia&parent=4984"}],"wp:term":[{"taxonomy":"category","embeddable":true,"href":"http:\/\/blogdoarmindomaia.com.br\/index.php?rest_route=%2Fwp%2Fv2%2Fcategories&post=4984"},{"taxonomy":"post_tag","embeddable":true,"href":"http:\/\/blogdoarmindomaia.com.br\/index.php?rest_route=%2Fwp%2Fv2%2Ftags&post=4984"}],"curies":[{"name":"wp","href":"https:\/\/api.w.org\/{rel}","templated":true}]}}