{"id":4987,"date":"2023-05-03T11:36:32","date_gmt":"2023-05-03T14:36:32","guid":{"rendered":"http:\/\/blogdoarmindomaia.com.br\/?p=4987"},"modified":"2023-05-03T11:36:34","modified_gmt":"2023-05-03T14:36:34","slug":"seminario-de-enfrentamento-a-violencia-infanto-juvenil-para-profissionais-da-educacao","status":"publish","type":"post","link":"http:\/\/blogdoarmindomaia.com.br\/?p=4987","title":{"rendered":"Semin\u00e1rio de Enfrentamento \u00e0 Viol\u00eancia Infanto-Juvenil para profissionais da Educa\u00e7\u00e3o"},"content":{"rendered":"\n<figure class=\"wp-block-image size-full is-style-default\"><img loading=\"lazy\" decoding=\"async\" width=\"1024\" height=\"683\" src=\"http:\/\/blogdoarmindomaia.com.br\/wp-content\/uploads\/2023\/05\/Seminario-de-Enfrentamento-a-Violencia-Infanto-Juvenil-pag-04.jpeg\" alt=\"\" class=\"wp-image-4988\" srcset=\"http:\/\/blogdoarmindomaia.com.br\/wp-content\/uploads\/2023\/05\/Seminario-de-Enfrentamento-a-Violencia-Infanto-Juvenil-pag-04.jpeg 1024w, http:\/\/blogdoarmindomaia.com.br\/wp-content\/uploads\/2023\/05\/Seminario-de-Enfrentamento-a-Violencia-Infanto-Juvenil-pag-04-300x200.jpeg 300w, http:\/\/blogdoarmindomaia.com.br\/wp-content\/uploads\/2023\/05\/Seminario-de-Enfrentamento-a-Violencia-Infanto-Juvenil-pag-04-768x512.jpeg 768w\" sizes=\"auto, (max-width: 1024px) 100vw, 1024px\" \/><\/figure>\n\n\n\n<p>A Secretaria Municipal de Educa\u00e7\u00e3o est\u00e1 promoveu o Semin\u00e1rio de Enfrentamento \u00e0 Viol\u00eancia Infanto-Juvenil. O evento acontece &nbsp;no Centro Cultural Uniarax\u00e1.<br><br>O semin\u00e1rio foi voltado para mais de 1.200 profissionais da Rede Municipal de Ensino, al\u00e9m de convidados da Rede Estadual e alunos das licenciaturas do Uniarax\u00e1 pelo canal do YouTube.<br><br>O objetivo foi refletir e discutir sobre as &#8220;Pequenas Viol\u00eancias&#8221; (simb\u00f3licas ou veladas) que acontecem dentro da escola e que podem culminar casos extremos.<br><br>A iniciativa faz parte do calend\u00e1rio de a\u00e7\u00f5es da equipe de dissemina\u00e7\u00e3o com a ado\u00e7\u00e3o de medidas preventivas para evitar a\u00e7\u00f5es de viol\u00eancia em suas depend\u00eancias escolares.<br><br>O semin\u00e1rio foi dividido em dois momentos: o primeiro com a participa\u00e7\u00e3o da psic\u00f3loga Let\u00edcia Britto, que aborda &#8220;Os sentidos e significados da doc\u00eancia na contemporaneidade\u201d, falando sobre o papel e o lugar do professor na forma\u00e7\u00e3o do aluno. No segundo momento, a advogada D\u00e9bora Melo aborda sobre \u201cAs consequ\u00eancias dos atos praticados no exerc\u00edcio da doc\u00eancia\u201d.<br><br>De acordo com a secret\u00e1ria municipal de Educa\u00e7\u00e3o, Zulma Moreira, para garantir uma escola mais segura \u00e9 importante a conscientiza\u00e7\u00e3o dos professores sobre o cumprimento de diretrizes e a\u00e7\u00f5es educativas eficazes que garantam a prote\u00e7\u00e3o de toda comunidade escolar.<\/p>\n\n\n\n<p>\u201cEsse semin\u00e1rio serve como um chamado \u00e0 a\u00e7\u00e3o para todos n\u00f3s. \u00c9 importante nos mantermos informados e atentos para saber como identificar situa\u00e7\u00f5es de viol\u00eancia, mas principalmente que saibamos entender e prevenir que essas circunst\u00e2ncias aconte\u00e7am\u201d, relata.<\/p>\n","protected":false},"excerpt":{"rendered":"<p>A Secretaria Municipal de Educa\u00e7\u00e3o est\u00e1 promoveu o Semin\u00e1rio de Enfrentamento \u00e0 Viol\u00eancia Infanto-Juvenil. O evento acontece &nbsp;no Centro Cultural<\/p>\n","protected":false},"author":2,"featured_media":4989,"comment_status":"open","ping_status":"open","sticky":false,"template":"","format":"standard","meta":{"footnotes":""},"categories":[9,11],"tags":[],"class_list":["post-4987","post","type-post","status-publish","format-standard","has-post-thumbnail","hentry","category-araxa","category-destaques"],"_links":{"self":[{"href":"http:\/\/blogdoarmindomaia.com.br\/index.php?rest_route=\/wp\/v2\/posts\/4987","targetHints":{"allow":["GET"]}}],"collection":[{"href":"http:\/\/blogdoarmindomaia.com.br\/index.php?rest_route=\/wp\/v2\/posts"}],"about":[{"href":"http:\/\/blogdoarmindomaia.com.br\/index.php?rest_route=\/wp\/v2\/types\/post"}],"author":[{"embeddable":true,"href":"http:\/\/blogdoarmindomaia.com.br\/index.php?rest_route=\/wp\/v2\/users\/2"}],"replies":[{"embeddable":true,"href":"http:\/\/blogdoarmindomaia.com.br\/index.php?rest_route=%2Fwp%2Fv2%2Fcomments&post=4987"}],"version-history":[{"count":1,"href":"http:\/\/blogdoarmindomaia.com.br\/index.php?rest_route=\/wp\/v2\/posts\/4987\/revisions"}],"predecessor-version":[{"id":4990,"href":"http:\/\/blogdoarmindomaia.com.br\/index.php?rest_route=\/wp\/v2\/posts\/4987\/revisions\/4990"}],"wp:featuredmedia":[{"embeddable":true,"href":"http:\/\/blogdoarmindomaia.com.br\/index.php?rest_route=\/wp\/v2\/media\/4989"}],"wp:attachment":[{"href":"http:\/\/blogdoarmindomaia.com.br\/index.php?rest_route=%2Fwp%2Fv2%2Fmedia&parent=4987"}],"wp:term":[{"taxonomy":"category","embeddable":true,"href":"http:\/\/blogdoarmindomaia.com.br\/index.php?rest_route=%2Fwp%2Fv2%2Fcategories&post=4987"},{"taxonomy":"post_tag","embeddable":true,"href":"http:\/\/blogdoarmindomaia.com.br\/index.php?rest_route=%2Fwp%2Fv2%2Ftags&post=4987"}],"curies":[{"name":"wp","href":"https:\/\/api.w.org\/{rel}","templated":true}]}}