{"id":4991,"date":"2023-05-03T11:40:57","date_gmt":"2023-05-03T14:40:57","guid":{"rendered":"http:\/\/blogdoarmindomaia.com.br\/?p=4991"},"modified":"2023-05-03T11:40:59","modified_gmt":"2023-05-03T14:40:59","slug":"policia-civil-em-araxa-recebe-novos-equipamentos-e-viatura","status":"publish","type":"post","link":"http:\/\/blogdoarmindomaia.com.br\/?p=4991","title":{"rendered":"Pol\u00edcia Civil em Arax\u00e1 recebe novos equipamentos e viatura"},"content":{"rendered":"\n<figure class=\"wp-block-image size-large is-style-default\"><img loading=\"lazy\" decoding=\"async\" width=\"1024\" height=\"656\" src=\"http:\/\/blogdoarmindomaia.com.br\/wp-content\/uploads\/2023\/05\/Policia-Civil-em-Araxa-recebe-novos-equipamentos-e-viatura-pag-07-1024x656.jpg\" alt=\"\" class=\"wp-image-4992\" srcset=\"http:\/\/blogdoarmindomaia.com.br\/wp-content\/uploads\/2023\/05\/Policia-Civil-em-Araxa-recebe-novos-equipamentos-e-viatura-pag-07-1024x656.jpg 1024w, http:\/\/blogdoarmindomaia.com.br\/wp-content\/uploads\/2023\/05\/Policia-Civil-em-Araxa-recebe-novos-equipamentos-e-viatura-pag-07-300x192.jpg 300w, http:\/\/blogdoarmindomaia.com.br\/wp-content\/uploads\/2023\/05\/Policia-Civil-em-Araxa-recebe-novos-equipamentos-e-viatura-pag-07-768x492.jpg 768w, http:\/\/blogdoarmindomaia.com.br\/wp-content\/uploads\/2023\/05\/Policia-Civil-em-Araxa-recebe-novos-equipamentos-e-viatura-pag-07-1536x984.jpg 1536w, http:\/\/blogdoarmindomaia.com.br\/wp-content\/uploads\/2023\/05\/Policia-Civil-em-Araxa-recebe-novos-equipamentos-e-viatura-pag-07-2048x1312.jpg 2048w\" sizes=\"auto, (max-width: 1024px) 100vw, 1024px\" \/><\/figure>\n\n\n\n<p>O governador Romeu Zema participou da entrega de novos equipamentos para a&nbsp;<a href=\"https:\/\/www.policiacivil.mg.gov.br\/\" target=\"_blank\" rel=\"noreferrer noopener\">Pol\u00edcia Civil de Minas Gerais (PCMG)<\/a>, em Arax\u00e1, na sexta-feira (28\/4). O material adquirido por meio de emenda parlamentar e fortalecer\u00e1 as atividades da corpora\u00e7\u00e3o no munic\u00edpio do Alto Parana\u00edba, ampliando a capacidade de atua\u00e7\u00e3o da for\u00e7a de seguran\u00e7a na prote\u00e7\u00e3o da popula\u00e7\u00e3o da regi\u00e3o.<\/p>\n\n\n\n<p>O investimento que supera R$ 640 mil foi utilizado para aquisi\u00e7\u00e3o de mais de 130 pistolas Glock de calibre nove mil\u00edmetros e um ve\u00edculo Renault Duster SUV com cela, que vai&nbsp;para a Delegacia de Prote\u00e7\u00e3o \u00e0 Fam\u00edlia de Arax\u00e1, al\u00e9m de equipamentos de escrit\u00f3rio como mesa, computador e ar-condicionado.<\/p>\n\n\n\n<p>Para a chefe da Pol\u00edcia Civil, delegada-geral Let\u00edcia Baptista Gamboge Reis, &#8220;isso \u00e9 mais seguran\u00e7a para o policial, que ter\u00e1 melhores equipamentos, e tamb\u00e9m para a popula\u00e7\u00e3o&#8221;, assegurou. &#8220;N\u00f3s temos a melhor Pol\u00edcia Civil do pa\u00eds, uma institui\u00e7\u00e3o de excel\u00eancia, com os melhores profissionais&#8221;, assinalou.<\/p>\n\n\n\n<p>O governador Romeu Zema destacou que os novos equipamentos se inserem nos esfor\u00e7os adotados pelo governo para garantir a melhor estrutura poss\u00edvel para os policiais de Minas. &#8220;N\u00f3s temos investido muito na quest\u00e3o da seguran\u00e7a p\u00fablica, com armamentos mais modernos, mais viaturas e digitaliza\u00e7\u00e3o das for\u00e7as de seguran\u00e7a, esta \u00faltima a\u00e7\u00e3o que busca tornar toda a comunica\u00e7\u00e3o imune aos criminosos. Tamb\u00e9m investimos na amplia\u00e7\u00e3o do quadro da Pol\u00edcia Civil&#8221;, citou, em men\u00e7\u00e3o&nbsp;<a href=\"https:\/\/www.agenciaminas.mg.gov.br\/noticia\/estado-reforca-seguranca-publica-com-nomeacao-de-599-novos-servidores-para-a-policia-civil\">\u00e0s 599 nomea\u00e7\u00f5es desta semana para a corpora\u00e7\u00e3o<\/a>, sendo 69 delegados, 257 escriv\u00e3es, 170 investigadores, 62 t\u00e9cnicos assistentes, 36 analistas, tr\u00eas peritos criminais e dois m\u00e9dicos-legistas.<\/p>\n\n\n\n<p>De 2019 a 2022, o&nbsp;<a href=\"https:\/\/www.mg.gov.br\/\" target=\"_blank\" rel=\"noreferrer noopener\">Governo de Minas<\/a>&nbsp;investiu R$ 300 milh\u00f5es na Pol\u00edcia Civil, beneficiando todas as regi\u00f5es do estado. Neste per\u00edodo, foram nomeados 1.487 policiais e 142 servidores administrativos, al\u00e9m de 70 novas sedes constru\u00eddas e 739 viaturas adquiridas.<\/p>\n\n\n\n<p>A Pol\u00edcia Civil de Minas Gerais teve mais de 1,7 milh\u00e3o de procedimentos instaurados e 1,1 milh\u00e3o de processos conclu\u00eddos ao longo desses 4 anos, quando foram realizadas 10.702 opera\u00e7\u00f5es policiais e 20.209 pris\u00f5es e apreens\u00f5es conclu\u00eddas.<\/p>\n","protected":false},"excerpt":{"rendered":"<p>O governador Romeu Zema participou da entrega de novos equipamentos para a&nbsp;Pol\u00edcia Civil de Minas Gerais (PCMG), em Arax\u00e1, na<\/p>\n","protected":false},"author":2,"featured_media":4992,"comment_status":"open","ping_status":"open","sticky":false,"template":"","format":"standard","meta":{"footnotes":""},"categories":[9,11],"tags":[],"class_list":["post-4991","post","type-post","status-publish","format-standard","has-post-thumbnail","hentry","category-araxa","category-destaques"],"_links":{"self":[{"href":"http:\/\/blogdoarmindomaia.com.br\/index.php?rest_route=\/wp\/v2\/posts\/4991","targetHints":{"allow":["GET"]}}],"collection":[{"href":"http:\/\/blogdoarmindomaia.com.br\/index.php?rest_route=\/wp\/v2\/posts"}],"about":[{"href":"http:\/\/blogdoarmindomaia.com.br\/index.php?rest_route=\/wp\/v2\/types\/post"}],"author":[{"embeddable":true,"href":"http:\/\/blogdoarmindomaia.com.br\/index.php?rest_route=\/wp\/v2\/users\/2"}],"replies":[{"embeddable":true,"href":"http:\/\/blogdoarmindomaia.com.br\/index.php?rest_route=%2Fwp%2Fv2%2Fcomments&post=4991"}],"version-history":[{"count":1,"href":"http:\/\/blogdoarmindomaia.com.br\/index.php?rest_route=\/wp\/v2\/posts\/4991\/revisions"}],"predecessor-version":[{"id":4993,"href":"http:\/\/blogdoarmindomaia.com.br\/index.php?rest_route=\/wp\/v2\/posts\/4991\/revisions\/4993"}],"wp:featuredmedia":[{"embeddable":true,"href":"http:\/\/blogdoarmindomaia.com.br\/index.php?rest_route=\/wp\/v2\/media\/4992"}],"wp:attachment":[{"href":"http:\/\/blogdoarmindomaia.com.br\/index.php?rest_route=%2Fwp%2Fv2%2Fmedia&parent=4991"}],"wp:term":[{"taxonomy":"category","embeddable":true,"href":"http:\/\/blogdoarmindomaia.com.br\/index.php?rest_route=%2Fwp%2Fv2%2Fcategories&post=4991"},{"taxonomy":"post_tag","embeddable":true,"href":"http:\/\/blogdoarmindomaia.com.br\/index.php?rest_route=%2Fwp%2Fv2%2Ftags&post=4991"}],"curies":[{"name":"wp","href":"https:\/\/api.w.org\/{rel}","templated":true}]}}