{"id":4994,"date":"2023-05-03T15:04:13","date_gmt":"2023-05-03T18:04:13","guid":{"rendered":"http:\/\/blogdoarmindomaia.com.br\/?p=4994"},"modified":"2023-05-03T15:04:15","modified_gmt":"2023-05-03T18:04:15","slug":"trilhas-de-futuro-tem-primeiros-formandos-em-araxa","status":"publish","type":"post","link":"http:\/\/blogdoarmindomaia.com.br\/?p=4994","title":{"rendered":"Trilhas de Futuro tem primeiros formandos em Arax\u00e1"},"content":{"rendered":"\n<figure class=\"wp-block-image size-full is-style-default\"><img loading=\"lazy\" decoding=\"async\" width=\"800\" height=\"533\" src=\"http:\/\/blogdoarmindomaia.com.br\/wp-content\/uploads\/2023\/05\/Trilhas-de-Futuro-tem-primeiros-formandos-em-Araxa-pag-07.jpeg\" alt=\"\" class=\"wp-image-4995\" srcset=\"http:\/\/blogdoarmindomaia.com.br\/wp-content\/uploads\/2023\/05\/Trilhas-de-Futuro-tem-primeiros-formandos-em-Araxa-pag-07.jpeg 800w, http:\/\/blogdoarmindomaia.com.br\/wp-content\/uploads\/2023\/05\/Trilhas-de-Futuro-tem-primeiros-formandos-em-Araxa-pag-07-300x200.jpeg 300w, http:\/\/blogdoarmindomaia.com.br\/wp-content\/uploads\/2023\/05\/Trilhas-de-Futuro-tem-primeiros-formandos-em-Araxa-pag-07-768x512.jpeg 768w\" sizes=\"auto, (max-width: 800px) 100vw, 800px\" \/><\/figure>\n\n\n\n<p>Arax\u00e1 formou seus primeiros 156 novos profissionais do Trilhas de Futuro, na \u00faltima sexta-feira (28\/4). O programa de cursos t\u00e9cnicos gratuitos do&nbsp;<a href=\"https:\/\/www.mg.gov.br\/\" target=\"_blank\" rel=\"noreferrer noopener\">Governo de Minas<\/a>&nbsp;diplomou a primeira turma do munic\u00edpio no Alto Parana\u00edba, em solenidade que teve a presen\u00e7a do governador Romeu Zema. Eles foram diplomados nos cursos t\u00e9cnicos de Edifica\u00e7\u00f5es, Eletromec\u00e2nica, Eletrot\u00e9cnica, Fabrica\u00e7\u00e3o Mec\u00e2nica, Seguran\u00e7a do Trabalho, Desenvolvimento de Sistemas, Eletroeletr\u00f4nica e Qualidade, por meio do Servi\u00e7o Nacional de Aprendizagem Industrial (Senai). A institui\u00e7\u00e3o \u00e9 uma das 181 parceiras do Governo de Minas para a disponibiliza\u00e7\u00e3o&nbsp;das disciplinas, e conta com 445 alunos matriculados.<\/p>\n\n\n\n<p>&#8220;Voc\u00eas est\u00e3o prontos para enfrentar os desafios do mercado de trabalho com confian\u00e7a e habilidade&#8221;, assinalou o gerente do Sesi\/Senai&nbsp;Arax\u00e1, Jefferson de Campos Cordeiro.<\/p>\n\n\n\n<p>Destaque do curso de Eletromec\u00e2nica e falando em nome dos 156 formandos, Lav\u00ednia Sim\u00f5es enalteceu o poder transformador da modalidade.<\/p>\n\n\n\n<p>&#8220;A educa\u00e7\u00e3o t\u00e9cnica de qualidade \u00e9 muito valiosa para o desenvolvimento de Minas Gerais&#8221;, disse, agradecendo todos os instrutores do Senai pelos ensinamentos<\/p>\n\n\n\n<p>Ao contar sobre os pr\u00f3prios desafios durante sua forma\u00e7\u00e3o profissional, o governador mineiro desejou aos formandos sucesso e que se mantenham em eterno processo de aprimoramento. &#8220;N\u00e3o fa\u00e7am aquilo que lhes \u00e9 pedido, fa\u00e7am mais! N\u00e3o para ganhar mais financeiramente, mas para nos qualificarmos e aprendermos mais&#8221;, aconselhou Zema aos novos profissionais do programa, que conta com 971 alunos do Trilhas de Futuro em Arax\u00e1 no momento, onde tamb\u00e9m est\u00e3o credenciadas a Escola Polit\u00e9cnica do Alto Parana\u00edba, a Escola T\u00e9cnica Santa Edwiges e o Servi\u00e7o Nacional de Aprendizagem Comercial (Senac).<\/p>\n\n\n\n<p>O Trilhas de Futuro \u00e9 uma iniciativa do Governo de Minas, por meio da&nbsp;<a href=\"https:\/\/www.educacao.mg.gov.br\/\" target=\"_blank\" rel=\"noreferrer noopener\">Secretaria de Estado de Educa\u00e7\u00e3o de Minas Gerais (SEE\/MG)<\/a>, que oferece cursos t\u00e9cnicos de forma\u00e7\u00e3o profissional, com perspectiva de empregabilidade, aproveitando a infraestrutura j\u00e1 existente e a expertise de institui\u00e7\u00f5es, p\u00fablicas e particulares, credenciadas para capacitarem os novos profissionais.<\/p>\n","protected":false},"excerpt":{"rendered":"<p>Arax\u00e1 formou seus primeiros 156 novos profissionais do Trilhas de Futuro, na \u00faltima sexta-feira (28\/4). O programa de cursos t\u00e9cnicos<\/p>\n","protected":false},"author":2,"featured_media":4995,"comment_status":"open","ping_status":"open","sticky":false,"template":"","format":"standard","meta":{"footnotes":""},"categories":[9,13],"tags":[],"class_list":["post-4994","post","type-post","status-publish","format-standard","has-post-thumbnail","hentry","category-araxa","category-educacao"],"_links":{"self":[{"href":"http:\/\/blogdoarmindomaia.com.br\/index.php?rest_route=\/wp\/v2\/posts\/4994","targetHints":{"allow":["GET"]}}],"collection":[{"href":"http:\/\/blogdoarmindomaia.com.br\/index.php?rest_route=\/wp\/v2\/posts"}],"about":[{"href":"http:\/\/blogdoarmindomaia.com.br\/index.php?rest_route=\/wp\/v2\/types\/post"}],"author":[{"embeddable":true,"href":"http:\/\/blogdoarmindomaia.com.br\/index.php?rest_route=\/wp\/v2\/users\/2"}],"replies":[{"embeddable":true,"href":"http:\/\/blogdoarmindomaia.com.br\/index.php?rest_route=%2Fwp%2Fv2%2Fcomments&post=4994"}],"version-history":[{"count":1,"href":"http:\/\/blogdoarmindomaia.com.br\/index.php?rest_route=\/wp\/v2\/posts\/4994\/revisions"}],"predecessor-version":[{"id":4996,"href":"http:\/\/blogdoarmindomaia.com.br\/index.php?rest_route=\/wp\/v2\/posts\/4994\/revisions\/4996"}],"wp:featuredmedia":[{"embeddable":true,"href":"http:\/\/blogdoarmindomaia.com.br\/index.php?rest_route=\/wp\/v2\/media\/4995"}],"wp:attachment":[{"href":"http:\/\/blogdoarmindomaia.com.br\/index.php?rest_route=%2Fwp%2Fv2%2Fmedia&parent=4994"}],"wp:term":[{"taxonomy":"category","embeddable":true,"href":"http:\/\/blogdoarmindomaia.com.br\/index.php?rest_route=%2Fwp%2Fv2%2Fcategories&post=4994"},{"taxonomy":"post_tag","embeddable":true,"href":"http:\/\/blogdoarmindomaia.com.br\/index.php?rest_route=%2Fwp%2Fv2%2Ftags&post=4994"}],"curies":[{"name":"wp","href":"https:\/\/api.w.org\/{rel}","templated":true}]}}