{"id":5003,"date":"2023-05-03T15:10:46","date_gmt":"2023-05-03T18:10:46","guid":{"rendered":"http:\/\/blogdoarmindomaia.com.br\/?p=5003"},"modified":"2023-05-03T15:10:48","modified_gmt":"2023-05-03T18:10:48","slug":"projeto-viva-a-vida-supera-expectativa-e-atende-mais-de-270-criancas-e-adolescentes-em-araxa","status":"publish","type":"post","link":"http:\/\/blogdoarmindomaia.com.br\/?p=5003","title":{"rendered":"Projeto Viva a Vida supera expectativa e atende mais de 270 crian\u00e7as e adolescentes em Arax\u00e1"},"content":{"rendered":"\n<figure class=\"wp-block-image size-full is-style-default\"><img loading=\"lazy\" decoding=\"async\" width=\"1024\" height=\"683\" src=\"http:\/\/blogdoarmindomaia.com.br\/wp-content\/uploads\/2023\/05\/Projeto-Viva-a-Vida-6.jpg\" alt=\"\" class=\"wp-image-5004\" srcset=\"http:\/\/blogdoarmindomaia.com.br\/wp-content\/uploads\/2023\/05\/Projeto-Viva-a-Vida-6.jpg 1024w, http:\/\/blogdoarmindomaia.com.br\/wp-content\/uploads\/2023\/05\/Projeto-Viva-a-Vida-6-300x200.jpg 300w, http:\/\/blogdoarmindomaia.com.br\/wp-content\/uploads\/2023\/05\/Projeto-Viva-a-Vida-6-768x512.jpg 768w\" sizes=\"auto, (max-width: 1024px) 100vw, 1024px\" \/><\/figure>\n\n\n\n<figure class=\"wp-block-image size-full is-style-default\"><img loading=\"lazy\" decoding=\"async\" width=\"1024\" height=\"683\" src=\"http:\/\/blogdoarmindomaia.com.br\/wp-content\/uploads\/2023\/05\/Projeto-Viva-a-Vida-14.jpg\" alt=\"\" class=\"wp-image-5005\" srcset=\"http:\/\/blogdoarmindomaia.com.br\/wp-content\/uploads\/2023\/05\/Projeto-Viva-a-Vida-14.jpg 1024w, http:\/\/blogdoarmindomaia.com.br\/wp-content\/uploads\/2023\/05\/Projeto-Viva-a-Vida-14-300x200.jpg 300w, http:\/\/blogdoarmindomaia.com.br\/wp-content\/uploads\/2023\/05\/Projeto-Viva-a-Vida-14-768x512.jpg 768w\" sizes=\"auto, (max-width: 1024px) 100vw, 1024px\" \/><\/figure>\n\n\n\n<figure class=\"wp-block-image size-full is-style-default\"><img loading=\"lazy\" decoding=\"async\" width=\"1024\" height=\"683\" src=\"http:\/\/blogdoarmindomaia.com.br\/wp-content\/uploads\/2023\/05\/Projeto-Viva-a-Vida-8.jpg\" alt=\"\" class=\"wp-image-5006\" srcset=\"http:\/\/blogdoarmindomaia.com.br\/wp-content\/uploads\/2023\/05\/Projeto-Viva-a-Vida-8.jpg 1024w, http:\/\/blogdoarmindomaia.com.br\/wp-content\/uploads\/2023\/05\/Projeto-Viva-a-Vida-8-300x200.jpg 300w, http:\/\/blogdoarmindomaia.com.br\/wp-content\/uploads\/2023\/05\/Projeto-Viva-a-Vida-8-768x512.jpg 768w\" sizes=\"auto, (max-width: 1024px) 100vw, 1024px\" \/><\/figure>\n\n\n\n<p>Desenvolver a coordena\u00e7\u00e3o motora e a habilidade social de crian\u00e7as e adolescentes. Este \u00e9 o papel do Projeto Viva a Vida, uma iniciativa da Prefeitura de Arax\u00e1 que busca promover atividades esportivas direcionadas ao p\u00fablico em situa\u00e7\u00e3o de vulnerabilidade de 6 a 17 anos atendido pelos N\u00facleos de Conviv\u00eancia, Centros de Refer\u00eancia de Assist\u00eancia Social (CRAS) e Centro de Refer\u00eancia Especializado em Assist\u00eancia Social (CREAS).<br><br>O projeto envolve as Secretarias Municipais de A\u00e7\u00e3o Social, de Esportes e de Educa\u00e7\u00e3o para que atividades de nata\u00e7\u00e3o, t\u00eanis e futebol possam ser oferecidas gratuitamente ao p\u00fablico beneficiado.<br><br>O projeto conta ainda com equipe t\u00e9cnica de psic\u00f3logos, assistente social e pedagogo para o desenvolvimento socioeducativo e a prote\u00e7\u00e3o da sa\u00fade f\u00edsica e mental dos alunos, combatendo o consumo de drogas e a viol\u00eancia e abuso infantil.<br><br>Os contemplados com o projeto recebem ainda uniformes (mai\u00f4s, sungas, camisetas, shorts, shorts-saias e t\u00eanis) e todo o material esportivo necess\u00e1rio para desenvolvimento das atividades. H\u00e1 tamb\u00e9m o fornecimento de lanche e transporte os alunos.<br><br>O Projeto Viva a Vida foi desenvolvido para atender 160 crian\u00e7as e adolescentes. No entanto, devido \u00e0 grande demanda, recebe atualmente 274 benefici\u00e1rios, al\u00e9m de contar com uma lista de espera que j\u00e1 possui 156 interessados.<br><br>As atividades s\u00e3o realizadas de ter\u00e7a a sexta, das 8h \u00e0s 11h e das 14h \u00e0s 17h, no sistema de contraturno escolar, no Centro Esportivo \u00c1lvaro Maneira (antigo ATC). Os interessados devem estar matriculados e frequentes na rede escolar p\u00fablica e as inscri\u00e7\u00f5es podem ser feitas atrav\u00e9s dos N\u00facleos de Conviv\u00eancia ou no pr\u00f3prio Centro Esportivo.<br><br>Segundo o prefeito Robson Magela, o projeto tem como objetivo promover oportunidades de acessibilidade, promo\u00e7\u00e3o social e humana, integridade f\u00edsica, psicol\u00f3gica e moral \u00e0s crian\u00e7as, adolescentes e tamb\u00e9m aos familiares.<br><br>\u201cO esporte n\u00e3o favorece apenas o desenvolvimento f\u00edsico, mas tamb\u00e9m oferece a oportunidade de fazer escolhas conscientes e exercer a cidadania desde cedo. Vemos crian\u00e7as e adolescentes criando mem\u00f3rias positivas para toda a vida, projetando para um futuro melhor\u201d, refor\u00e7a o prefeito.<br><br>De acordo com a coordenadora do projeto, Ana L\u00facia Silva, este \u00e9 um investimento imprescind\u00edvel para o futuro dos atendidos.<br><br>\u201cA expectativa \u00e9 que o n\u00famero de benefici\u00e1rios do projeto seja ainda mais ampliado e esperamos atender a todos no pr\u00f3ximo semestre. Todos os dias conhecemos hist\u00f3rias de jovens que participam do projeto e que est\u00e3o sendo transformados por interm\u00e9dio dele. E \u00e9 claro que queremos ver esta mudan\u00e7a no maior n\u00famero de pessoas poss\u00edveis\u201d, afirma a coordenadora.<br><\/p>\n","protected":false},"excerpt":{"rendered":"<p>Desenvolver a coordena\u00e7\u00e3o motora e a habilidade social de crian\u00e7as e adolescentes. Este \u00e9 o papel do Projeto Viva a<\/p>\n","protected":false},"author":2,"featured_media":5005,"comment_status":"open","ping_status":"open","sticky":false,"template":"","format":"standard","meta":{"footnotes":""},"categories":[9,11,15],"tags":[],"class_list":["post-5003","post","type-post","status-publish","format-standard","has-post-thumbnail","hentry","category-araxa","category-destaques","category-esportes"],"_links":{"self":[{"href":"http:\/\/blogdoarmindomaia.com.br\/index.php?rest_route=\/wp\/v2\/posts\/5003","targetHints":{"allow":["GET"]}}],"collection":[{"href":"http:\/\/blogdoarmindomaia.com.br\/index.php?rest_route=\/wp\/v2\/posts"}],"about":[{"href":"http:\/\/blogdoarmindomaia.com.br\/index.php?rest_route=\/wp\/v2\/types\/post"}],"author":[{"embeddable":true,"href":"http:\/\/blogdoarmindomaia.com.br\/index.php?rest_route=\/wp\/v2\/users\/2"}],"replies":[{"embeddable":true,"href":"http:\/\/blogdoarmindomaia.com.br\/index.php?rest_route=%2Fwp%2Fv2%2Fcomments&post=5003"}],"version-history":[{"count":1,"href":"http:\/\/blogdoarmindomaia.com.br\/index.php?rest_route=\/wp\/v2\/posts\/5003\/revisions"}],"predecessor-version":[{"id":5007,"href":"http:\/\/blogdoarmindomaia.com.br\/index.php?rest_route=\/wp\/v2\/posts\/5003\/revisions\/5007"}],"wp:featuredmedia":[{"embeddable":true,"href":"http:\/\/blogdoarmindomaia.com.br\/index.php?rest_route=\/wp\/v2\/media\/5005"}],"wp:attachment":[{"href":"http:\/\/blogdoarmindomaia.com.br\/index.php?rest_route=%2Fwp%2Fv2%2Fmedia&parent=5003"}],"wp:term":[{"taxonomy":"category","embeddable":true,"href":"http:\/\/blogdoarmindomaia.com.br\/index.php?rest_route=%2Fwp%2Fv2%2Fcategories&post=5003"},{"taxonomy":"post_tag","embeddable":true,"href":"http:\/\/blogdoarmindomaia.com.br\/index.php?rest_route=%2Fwp%2Fv2%2Ftags&post=5003"}],"curies":[{"name":"wp","href":"https:\/\/api.w.org\/{rel}","templated":true}]}}