{"id":5014,"date":"2023-05-04T15:29:19","date_gmt":"2023-05-04T18:29:19","guid":{"rendered":"http:\/\/blogdoarmindomaia.com.br\/?p=5014"},"modified":"2023-05-04T15:29:21","modified_gmt":"2023-05-04T18:29:21","slug":"minas-amplia-prazo-para-vacinacao-contra-a-meningite-c","status":"publish","type":"post","link":"http:\/\/blogdoarmindomaia.com.br\/?p=5014","title":{"rendered":"Minas amplia prazo para vacina\u00e7\u00e3o contra a meningite C"},"content":{"rendered":"\n<figure class=\"wp-block-image size-full is-style-default\"><img loading=\"lazy\" decoding=\"async\" width=\"940\" height=\"350\" src=\"http:\/\/blogdoarmindomaia.com.br\/wp-content\/uploads\/2023\/05\/Foto_meningite_Arquivo_SES_MG.jpg\" alt=\"\" class=\"wp-image-5016\" srcset=\"http:\/\/blogdoarmindomaia.com.br\/wp-content\/uploads\/2023\/05\/Foto_meningite_Arquivo_SES_MG.jpg 940w, http:\/\/blogdoarmindomaia.com.br\/wp-content\/uploads\/2023\/05\/Foto_meningite_Arquivo_SES_MG-300x112.jpg 300w, http:\/\/blogdoarmindomaia.com.br\/wp-content\/uploads\/2023\/05\/Foto_meningite_Arquivo_SES_MG-768x286.jpg 768w\" sizes=\"auto, (max-width: 940px) 100vw, 940px\" \/><\/figure>\n\n\n\n<p>A\u00a0<a rel=\"noreferrer noopener\" href=\"https:\/\/www.saude.mg.gov.br\/\" target=\"_blank\">Secretaria de Estado de Sa\u00fade de Minas Gerais (SES-MG)<\/a>\u00a0ampliou o prazo para a vacina\u00e7\u00e3o contra a meningite C no estado at\u00e9 o dia 30\/7\/2023 para todos os mineiros que tenham 16 anos de idade ou mais\u00a0e ainda n\u00e3o se imunizaram contra a doen\u00e7a. A orienta\u00e7\u00e3o \u00e9 que as pessoas procurem a Unidade B\u00e1sica de Sa\u00fade mais pr\u00f3xima para avalia\u00e7\u00e3o do cart\u00e3o de vacina. O imunizante \u00e9 gratuito, oferecido pelo Sistema \u00danico de Sa\u00fade. A amplia\u00e7\u00e3o se deve \u00e0 intensa procura pela vacina nos munic\u00edpios de Minas nos \u00faltimos dias e, principalmente, \u00e0 import\u00e2ncia de garantir a imuniza\u00e7\u00e3o da popula\u00e7\u00e3o ao agravo. A doen\u00e7a meningoc\u00f3cica \u00e9 uma infec\u00e7\u00e3o das membranas que recobrem o c\u00e9rebro e est\u00e1 entre as doen\u00e7as imunopreven\u00edveis mais temidas pela popula\u00e7\u00e3o. Ela \u00e9 causada pela bact\u00e9ria meningococo e \u00e9 mais grave quando atinge a corrente sangu\u00ednea, provocando infec\u00e7\u00e3o generalizada. Os casos graves podem evoluir para o \u00f3bito em at\u00e9 24 horas. Em 2023, tr\u00eas pessoas j\u00e1 morreram por doen\u00e7a meningog\u00f3cica em Minas Gerais. Em 2022, foram 22 \u00f3bitos pela doen\u00e7a. Al\u00e9m do p\u00fablico-alvo ampliado contemplado nesta etapa da campanha, a vacina \u00e9 disponibilizada nos Centros de Refer\u00eancia para Imunobiol\u00f3gicos Especiais (Crie), conforme Manual dos Crie\u00a0e na rotina de vacina\u00e7\u00e3o da crian\u00e7a, estabelecido pelo Calend\u00e1rio Nacional de Vacina\u00e7\u00e3o. O esquema prim\u00e1rio da vacina \u00e9 composto por duas doses que devem ser administradas aos 3 e 5 meses de vida. A dose de refor\u00e7o deve ser aplicada, preferencialmente, aos 12 anos de idade, seguindo a orienta\u00e7\u00e3o do Programa Nacional de Imuniza\u00e7\u00f5es. As crian\u00e7as que por algum motivo perderam a oportunidade de receber a vacina nas idades indicadas, poder\u00e3o ser vacinadas at\u00e9 os 4 anos, 11 meses e 29 dias, conforme Instru\u00e7\u00e3o Normativa do Calend\u00e1rio Nacional de Vacina\u00e7\u00e3o do Minist\u00e9rio da Sa\u00fade.<\/p>\n","protected":false},"excerpt":{"rendered":"<p>A\u00a0Secretaria de Estado de Sa\u00fade de Minas Gerais (SES-MG)\u00a0ampliou o prazo para a vacina\u00e7\u00e3o contra a meningite C no estado<\/p>\n","protected":false},"author":2,"featured_media":5016,"comment_status":"open","ping_status":"open","sticky":false,"template":"","format":"standard","meta":{"footnotes":""},"categories":[9,29],"tags":[],"class_list":["post-5014","post","type-post","status-publish","format-standard","has-post-thumbnail","hentry","category-araxa","category-saude"],"_links":{"self":[{"href":"http:\/\/blogdoarmindomaia.com.br\/index.php?rest_route=\/wp\/v2\/posts\/5014","targetHints":{"allow":["GET"]}}],"collection":[{"href":"http:\/\/blogdoarmindomaia.com.br\/index.php?rest_route=\/wp\/v2\/posts"}],"about":[{"href":"http:\/\/blogdoarmindomaia.com.br\/index.php?rest_route=\/wp\/v2\/types\/post"}],"author":[{"embeddable":true,"href":"http:\/\/blogdoarmindomaia.com.br\/index.php?rest_route=\/wp\/v2\/users\/2"}],"replies":[{"embeddable":true,"href":"http:\/\/blogdoarmindomaia.com.br\/index.php?rest_route=%2Fwp%2Fv2%2Fcomments&post=5014"}],"version-history":[{"count":1,"href":"http:\/\/blogdoarmindomaia.com.br\/index.php?rest_route=\/wp\/v2\/posts\/5014\/revisions"}],"predecessor-version":[{"id":5017,"href":"http:\/\/blogdoarmindomaia.com.br\/index.php?rest_route=\/wp\/v2\/posts\/5014\/revisions\/5017"}],"wp:featuredmedia":[{"embeddable":true,"href":"http:\/\/blogdoarmindomaia.com.br\/index.php?rest_route=\/wp\/v2\/media\/5016"}],"wp:attachment":[{"href":"http:\/\/blogdoarmindomaia.com.br\/index.php?rest_route=%2Fwp%2Fv2%2Fmedia&parent=5014"}],"wp:term":[{"taxonomy":"category","embeddable":true,"href":"http:\/\/blogdoarmindomaia.com.br\/index.php?rest_route=%2Fwp%2Fv2%2Fcategories&post=5014"},{"taxonomy":"post_tag","embeddable":true,"href":"http:\/\/blogdoarmindomaia.com.br\/index.php?rest_route=%2Fwp%2Fv2%2Ftags&post=5014"}],"curies":[{"name":"wp","href":"https:\/\/api.w.org\/{rel}","templated":true}]}}