{"id":5018,"date":"2023-05-04T15:33:41","date_gmt":"2023-05-04T18:33:41","guid":{"rendered":"http:\/\/blogdoarmindomaia.com.br\/?p=5018"},"modified":"2023-05-04T15:33:43","modified_gmt":"2023-05-04T18:33:43","slug":"governo-de-minas-anuncia-em-araxa-recuperacao-de-rodovias-do-triangulo-e-alto-paranaiba","status":"publish","type":"post","link":"http:\/\/blogdoarmindomaia.com.br\/?p=5018","title":{"rendered":"Governo de Minas anuncia em Arax\u00e1 recupera\u00e7\u00e3o de rodovias do Tri\u00e2ngulo e Alto Parana\u00edba"},"content":{"rendered":"\n<figure class=\"wp-block-image size-full is-style-default\"><img loading=\"lazy\" decoding=\"async\" width=\"940\" height=\"350\" src=\"http:\/\/blogdoarmindomaia.com.br\/wp-content\/uploads\/2023\/05\/Governo-de-Minas-anuncia-em-Araxa-recuperacao-de-rodovias-pag-07.jpg\" alt=\"\" class=\"wp-image-5019\" srcset=\"http:\/\/blogdoarmindomaia.com.br\/wp-content\/uploads\/2023\/05\/Governo-de-Minas-anuncia-em-Araxa-recuperacao-de-rodovias-pag-07.jpg 940w, http:\/\/blogdoarmindomaia.com.br\/wp-content\/uploads\/2023\/05\/Governo-de-Minas-anuncia-em-Araxa-recuperacao-de-rodovias-pag-07-300x112.jpg 300w, http:\/\/blogdoarmindomaia.com.br\/wp-content\/uploads\/2023\/05\/Governo-de-Minas-anuncia-em-Araxa-recuperacao-de-rodovias-pag-07-768x286.jpg 768w\" sizes=\"auto, (max-width: 940px) 100vw, 940px\" \/><\/figure>\n\n\n\n<p>O&nbsp;<a href=\"https:\/\/www.mg.gov.br\/\" target=\"_blank\" rel=\"noreferrer noopener\">Governo de Minas<\/a>&nbsp;publicou, no s\u00e1bado (29\/4), por meio do&nbsp;<a href=\"\" target=\"_blank\" rel=\"noreferrer noopener\">Departamento de Edifica\u00e7\u00f5es e Estradas de Rodagem de Minas Gerais (DER-MG)<\/a>, cinco editais de licita\u00e7\u00e3o para obras de recupera\u00e7\u00e3o do pavimento asf\u00e1ltico em sete trechos do Tri\u00e2ngulo Mineiro e Alto Parana\u00edba.<\/p>\n\n\n\n<p>O conjunto de interven\u00e7\u00f5es conta com investimentos de R$ 142 milh\u00f5es que ir\u00e3o contemplar melhorias em 220 quil\u00f4metros de rodovias. Dentre as melhorias est\u00e3o n\u00e3o apenas a restaura\u00e7\u00e3o do pavimento, como tamb\u00e9m dos dispositivos de drenagem, al\u00e9m da nova sinaliza\u00e7\u00e3o horizontal e vertical ao longo dos segmentos.<\/p>\n\n\n\n<p>O edital 025\/2023 vai contemplar as obras de recupera\u00e7\u00e3o funcional de 29 quil\u00f4metros da MG-190, no trecho compreendido entre os entroncamentos da BR-262 e da MG-464, pr\u00f3ximo ao munic\u00edpio de Sacramento. J\u00e1 o edital 026\/2023 se refere aos 107 quil\u00f4metros da MG-428, no trecho que se inicia no entroncamento da BR-262, em Arax\u00e1, e vai at\u00e9 a divisa entre Minas Gerais e S\u00e3o Paulo. A previs\u00e3o \u00e9 que somente estes dois editais movimentem um total de R$ 88 milh\u00f5es em obras de melhorias.<\/p>\n\n\n\n<p>A recupera\u00e7\u00e3o funcional do pavimento na MGC-464, no trecho de 51 quil\u00f4metros entre o entroncamento da BR-050 e a AMG-2520, fazem parte do edital 030\/2023. J\u00e1 os 24 quil\u00f4metros da rodovia LMG-827, entre Pratinha e o trevo da BR-262, est\u00e3o previstos no edital 031\/2023. O valor das obras previstas nos dois editais \u00e9 de cerca de R$ 49 milh\u00f5es.<\/p>\n\n\n\n<p>O edital 033\/2023, por sua vez, engloba os tr\u00eas \u00faltimos segmentos rodovi\u00e1rios: a LMG-733 &#8211; entre MGC-455 (Pirajuba) e a cidade de Frutal -, a MGC-455, entre Campo Florido e Pirajuba, e a MGC-455, que receber\u00e1 novo pavimento no trevo para Pirajuba.<\/p>\n","protected":false},"excerpt":{"rendered":"<p>O&nbsp;Governo de Minas&nbsp;publicou, no s\u00e1bado (29\/4), por meio do&nbsp;Departamento de Edifica\u00e7\u00f5es e Estradas de Rodagem de Minas Gerais (DER-MG), cinco<\/p>\n","protected":false},"author":2,"featured_media":5019,"comment_status":"open","ping_status":"open","sticky":false,"template":"","format":"standard","meta":{"footnotes":""},"categories":[9,8],"tags":[],"class_list":["post-5018","post","type-post","status-publish","format-standard","has-post-thumbnail","hentry","category-araxa","category-cidades"],"_links":{"self":[{"href":"http:\/\/blogdoarmindomaia.com.br\/index.php?rest_route=\/wp\/v2\/posts\/5018","targetHints":{"allow":["GET"]}}],"collection":[{"href":"http:\/\/blogdoarmindomaia.com.br\/index.php?rest_route=\/wp\/v2\/posts"}],"about":[{"href":"http:\/\/blogdoarmindomaia.com.br\/index.php?rest_route=\/wp\/v2\/types\/post"}],"author":[{"embeddable":true,"href":"http:\/\/blogdoarmindomaia.com.br\/index.php?rest_route=\/wp\/v2\/users\/2"}],"replies":[{"embeddable":true,"href":"http:\/\/blogdoarmindomaia.com.br\/index.php?rest_route=%2Fwp%2Fv2%2Fcomments&post=5018"}],"version-history":[{"count":1,"href":"http:\/\/blogdoarmindomaia.com.br\/index.php?rest_route=\/wp\/v2\/posts\/5018\/revisions"}],"predecessor-version":[{"id":5020,"href":"http:\/\/blogdoarmindomaia.com.br\/index.php?rest_route=\/wp\/v2\/posts\/5018\/revisions\/5020"}],"wp:featuredmedia":[{"embeddable":true,"href":"http:\/\/blogdoarmindomaia.com.br\/index.php?rest_route=\/wp\/v2\/media\/5019"}],"wp:attachment":[{"href":"http:\/\/blogdoarmindomaia.com.br\/index.php?rest_route=%2Fwp%2Fv2%2Fmedia&parent=5018"}],"wp:term":[{"taxonomy":"category","embeddable":true,"href":"http:\/\/blogdoarmindomaia.com.br\/index.php?rest_route=%2Fwp%2Fv2%2Fcategories&post=5018"},{"taxonomy":"post_tag","embeddable":true,"href":"http:\/\/blogdoarmindomaia.com.br\/index.php?rest_route=%2Fwp%2Fv2%2Ftags&post=5018"}],"curies":[{"name":"wp","href":"https:\/\/api.w.org\/{rel}","templated":true}]}}