{"id":5022,"date":"2023-05-04T15:48:05","date_gmt":"2023-05-04T18:48:05","guid":{"rendered":"http:\/\/blogdoarmindomaia.com.br\/?p=5022"},"modified":"2023-05-04T15:48:07","modified_gmt":"2023-05-04T18:48:07","slug":"audiencia-publica-debateu-projetos-de-lei-de-cargos-e-salarios-da-prefeitura","status":"publish","type":"post","link":"http:\/\/blogdoarmindomaia.com.br\/?p=5022","title":{"rendered":"Audi\u00eancia p\u00fablica debateu projetos de lei de cargos e sal\u00e1rios da Prefeitura"},"content":{"rendered":"\n<figure class=\"wp-block-image size-large is-style-default\"><img loading=\"lazy\" decoding=\"async\" width=\"1024\" height=\"682\" src=\"http:\/\/blogdoarmindomaia.com.br\/wp-content\/uploads\/2023\/05\/Audiencia-publica-debateu-projetos-de-lei-de-cargos-e-salarios-da-Prefeitura-pag-04-1024x682.jpeg\" alt=\"\" class=\"wp-image-5023\" srcset=\"http:\/\/blogdoarmindomaia.com.br\/wp-content\/uploads\/2023\/05\/Audiencia-publica-debateu-projetos-de-lei-de-cargos-e-salarios-da-Prefeitura-pag-04-1024x682.jpeg 1024w, http:\/\/blogdoarmindomaia.com.br\/wp-content\/uploads\/2023\/05\/Audiencia-publica-debateu-projetos-de-lei-de-cargos-e-salarios-da-Prefeitura-pag-04-300x200.jpeg 300w, http:\/\/blogdoarmindomaia.com.br\/wp-content\/uploads\/2023\/05\/Audiencia-publica-debateu-projetos-de-lei-de-cargos-e-salarios-da-Prefeitura-pag-04-768x512.jpeg 768w, http:\/\/blogdoarmindomaia.com.br\/wp-content\/uploads\/2023\/05\/Audiencia-publica-debateu-projetos-de-lei-de-cargos-e-salarios-da-Prefeitura-pag-04-1536x1023.jpeg 1536w, http:\/\/blogdoarmindomaia.com.br\/wp-content\/uploads\/2023\/05\/Audiencia-publica-debateu-projetos-de-lei-de-cargos-e-salarios-da-Prefeitura-pag-04.jpeg 1600w\" sizes=\"auto, (max-width: 1024px) 100vw, 1024px\" \/><\/figure>\n\n\n\n<p>Projetos de interesse do servidor p\u00fablico de Arax\u00e1 estiveram em pauta na audi\u00eancia p\u00fablica promovida na semana passada (26). O evento foi realizado pela Comiss\u00e3o da C\u00e2mara Municipal que analisa a tramita\u00e7\u00e3o desses projetos no Legislativo araxaense. Por conta da reforma do telhado no plen\u00e1rio Guilherme Gotelip Neto, a audi\u00eancia p\u00fablica teve que ser realizada no audit\u00f3rio da Prefeitura de Arax\u00e1 repleto de servidores interessados pelo tema. O presidente do Sindicato dos Servidores P\u00fablicos Municipais das Prefeituras, C\u00e2maras e Autarquias da Microrregi\u00e3o do Planalto de Arax\u00e1 (Sinplalto), Hely Aires, e membros da diretoria, Marlene Apolin\u00e1rio, Juliana Guaraldo, Vanilda Gon\u00e7alves, Terezinha Carvalho, Dr Jos\u00e9 Oswaldo da Silveira, Cristiane Andrade, Maria Ivanete, Paulo Soares e Carlos Alberto prestigiaram a audi\u00eancia p\u00fablica.<\/p>\n\n\n\n<p><\/p>\n\n\n\n<p>Os projetos s\u00e3o o Plano de Cargos e Sal\u00e1rios do Servidor P\u00fablico (n\u00b0 06\/2023) e o Plano de Carreira, Remunera\u00e7\u00e3o e Valoriza\u00e7\u00e3o dos Profissionais da Educa\u00e7\u00e3o (n\u00b0 07\/2023) que tramitam pelas comiss\u00f5es da C\u00e2mara desde o \u00faltimo dia 28 de fevereiro, data marcada pelo envio desses projetos do Executivo para o Legislativo.<\/p>\n\n\n\n<p>Essa tramita\u00e7\u00e3o est\u00e1 sendo acompanhada por uma comiss\u00e3o especial de an\u00e1lise dos projetos. Segundo o presidente da comiss\u00e3o, vereador Jairinho Borges, a audi\u00eancia p\u00fablica foi um momento de esclarecimento. Durante audi\u00eancia, a Prefeitura de Arax\u00e1 foi representada pelo procurador-geral do Munic\u00edpio, Jonathan Renaud de Oliveira Ferreira, pela secret\u00e1ria de Educa\u00e7\u00e3o, Zulma Moreira, e pelo assessor de Recursos Humanos e Administra\u00e7\u00e3o, Juliano Oliveira. Para Jonathan, a Prefeitura est\u00e1 atenta e realiza estudos no intuito de conceder ao servidor tudo que for poss\u00edvel dentro da lei e assim proporcionar a justi\u00e7a salarial.<\/p>\n","protected":false},"excerpt":{"rendered":"<p>Projetos de interesse do servidor p\u00fablico de Arax\u00e1 estiveram em pauta na audi\u00eancia p\u00fablica promovida na semana passada (26). O<\/p>\n","protected":false},"author":2,"featured_media":5023,"comment_status":"open","ping_status":"open","sticky":false,"template":"","format":"standard","meta":{"footnotes":""},"categories":[9,11],"tags":[],"class_list":["post-5022","post","type-post","status-publish","format-standard","has-post-thumbnail","hentry","category-araxa","category-destaques"],"_links":{"self":[{"href":"http:\/\/blogdoarmindomaia.com.br\/index.php?rest_route=\/wp\/v2\/posts\/5022","targetHints":{"allow":["GET"]}}],"collection":[{"href":"http:\/\/blogdoarmindomaia.com.br\/index.php?rest_route=\/wp\/v2\/posts"}],"about":[{"href":"http:\/\/blogdoarmindomaia.com.br\/index.php?rest_route=\/wp\/v2\/types\/post"}],"author":[{"embeddable":true,"href":"http:\/\/blogdoarmindomaia.com.br\/index.php?rest_route=\/wp\/v2\/users\/2"}],"replies":[{"embeddable":true,"href":"http:\/\/blogdoarmindomaia.com.br\/index.php?rest_route=%2Fwp%2Fv2%2Fcomments&post=5022"}],"version-history":[{"count":1,"href":"http:\/\/blogdoarmindomaia.com.br\/index.php?rest_route=\/wp\/v2\/posts\/5022\/revisions"}],"predecessor-version":[{"id":5024,"href":"http:\/\/blogdoarmindomaia.com.br\/index.php?rest_route=\/wp\/v2\/posts\/5022\/revisions\/5024"}],"wp:featuredmedia":[{"embeddable":true,"href":"http:\/\/blogdoarmindomaia.com.br\/index.php?rest_route=\/wp\/v2\/media\/5023"}],"wp:attachment":[{"href":"http:\/\/blogdoarmindomaia.com.br\/index.php?rest_route=%2Fwp%2Fv2%2Fmedia&parent=5022"}],"wp:term":[{"taxonomy":"category","embeddable":true,"href":"http:\/\/blogdoarmindomaia.com.br\/index.php?rest_route=%2Fwp%2Fv2%2Fcategories&post=5022"},{"taxonomy":"post_tag","embeddable":true,"href":"http:\/\/blogdoarmindomaia.com.br\/index.php?rest_route=%2Fwp%2Fv2%2Ftags&post=5022"}],"curies":[{"name":"wp","href":"https:\/\/api.w.org\/{rel}","templated":true}]}}