{"id":5028,"date":"2023-05-08T11:07:39","date_gmt":"2023-05-08T14:07:39","guid":{"rendered":"http:\/\/blogdoarmindomaia.com.br\/?p=5028"},"modified":"2023-05-08T11:07:41","modified_gmt":"2023-05-08T14:07:41","slug":"encontro-sesi-de-artes-cenicas-2023-tera-palco-aberto-para-artistas-locais","status":"publish","type":"post","link":"http:\/\/blogdoarmindomaia.com.br\/?p=5028","title":{"rendered":"Encontro SESI de Artes C\u00eanicas 2023 ter\u00e1 palco aberto para artistas locais"},"content":{"rendered":"\n<figure class=\"wp-block-image size-large is-style-default\"><img loading=\"lazy\" decoding=\"async\" width=\"819\" height=\"1024\" src=\"http:\/\/blogdoarmindomaia.com.br\/wp-content\/uploads\/2023\/05\/ESAC_Lancamento_Feed-01-1-819x1024.png\" alt=\"\" class=\"wp-image-5029\" srcset=\"http:\/\/blogdoarmindomaia.com.br\/wp-content\/uploads\/2023\/05\/ESAC_Lancamento_Feed-01-1-819x1024.png 819w, http:\/\/blogdoarmindomaia.com.br\/wp-content\/uploads\/2023\/05\/ESAC_Lancamento_Feed-01-1-240x300.png 240w, http:\/\/blogdoarmindomaia.com.br\/wp-content\/uploads\/2023\/05\/ESAC_Lancamento_Feed-01-1-768x960.png 768w, http:\/\/blogdoarmindomaia.com.br\/wp-content\/uploads\/2023\/05\/ESAC_Lancamento_Feed-01-1.png 1080w\" sizes=\"auto, (max-width: 819px) 100vw, 819px\" \/><\/figure>\n\n\n\n<p>O 29\u00ba Encontro SESI de Artes C\u00eanicas acontecer\u00e1 entre o dia 20 de maio a 18 de<\/p>\n\n\n\n<p>junho de 2023 nas cidades de Arax\u00e1, Concei\u00e7\u00e3o das Alagoas, Nova Ponte, Pirajuba e Uberaba. Este chamamento \u00e9 exclusivo para o palco local que ter\u00e1 em Arax\u00e1 durante o festival. Na Terra de Beja v\u00e1rias atividades de dan\u00e7a, m\u00fasica, circo, teatro e oficinas ocorrem entre os dias 9 e 25 de junho, com toda a agenda de a\u00e7\u00f5es culturais gratuita.<\/p>\n\n\n\n<p>Ser\u00e3o selecionadas propostas de artistas que tenham na trajet\u00f3ria v\u00ednculo com munic\u00edpios de Arax\u00e1 e da regi\u00e3o do Vale do Rio Grande. As inscri\u00e7\u00f5es se encerraram no \u00faltimo final de semana. Ser\u00e3o shows de m\u00fasica individuais, shows de bandas em qualquer estilo, teatro, circo, e performance. Sendo necess\u00e1rio que a apresenta\u00e7\u00e3o seja de classifica\u00e7\u00e3o livre.<\/p>\n\n\n\n<p>Ser\u00e3o selecionadas duas propostas para cada dia de programa\u00e7\u00e3o de palco local, duas apresenta\u00e7\u00f5es para as noites de 10.06, 11.06 e 16.06 no estacionamento da Funda\u00e7\u00e3o Cultural Calmon Barreto, duas para as manh\u00e3s dos dias 11 e 26 de junho na Feira do bairro Urciano Lemos. A escolha dos contemplados ser\u00e1 feita por uma comiss\u00e3o julgadora, formada pela organiza\u00e7\u00e3o do 29\u00ba Encontro SESI de Artes C\u00eanicas, edi\u00e7\u00e3o Arax\u00e1. Aproveite a oportunidade e a ajuda de custo que ser\u00e1 fornecida para apresentar seu trabalho cultural.<\/p>\n\n\n\n<p>O 29\u00ba Encontro SESI de Artes C\u00eanicas \u00e9 realizado atrav\u00e9s da Lei Federal de Incentivo \u00e0 Cultura, patroc\u00ednio da CBMM (Companhia Brasileira de Metalurgia e Minera\u00e7\u00e3o), Usina Santo \u00c2ngelo e Usina Uberaba. Apoiado pela Prefeitura Municipal de Arax\u00e1. Apoio Cultural: Centro Cultural Uniarax\u00e1 e Funda\u00e7\u00e3o Cultural Calmon Barreto. #vemproencontrosesi<\/p>\n","protected":false},"excerpt":{"rendered":"<p>O 29\u00ba Encontro SESI de Artes C\u00eanicas acontecer\u00e1 entre o dia 20 de maio a 18 de junho de 2023<\/p>\n","protected":false},"author":2,"featured_media":5029,"comment_status":"open","ping_status":"open","sticky":false,"template":"","format":"standard","meta":{"footnotes":""},"categories":[9,5],"tags":[],"class_list":["post-5028","post","type-post","status-publish","format-standard","has-post-thumbnail","hentry","category-araxa","category-arte-e-cultura"],"_links":{"self":[{"href":"http:\/\/blogdoarmindomaia.com.br\/index.php?rest_route=\/wp\/v2\/posts\/5028","targetHints":{"allow":["GET"]}}],"collection":[{"href":"http:\/\/blogdoarmindomaia.com.br\/index.php?rest_route=\/wp\/v2\/posts"}],"about":[{"href":"http:\/\/blogdoarmindomaia.com.br\/index.php?rest_route=\/wp\/v2\/types\/post"}],"author":[{"embeddable":true,"href":"http:\/\/blogdoarmindomaia.com.br\/index.php?rest_route=\/wp\/v2\/users\/2"}],"replies":[{"embeddable":true,"href":"http:\/\/blogdoarmindomaia.com.br\/index.php?rest_route=%2Fwp%2Fv2%2Fcomments&post=5028"}],"version-history":[{"count":1,"href":"http:\/\/blogdoarmindomaia.com.br\/index.php?rest_route=\/wp\/v2\/posts\/5028\/revisions"}],"predecessor-version":[{"id":5030,"href":"http:\/\/blogdoarmindomaia.com.br\/index.php?rest_route=\/wp\/v2\/posts\/5028\/revisions\/5030"}],"wp:featuredmedia":[{"embeddable":true,"href":"http:\/\/blogdoarmindomaia.com.br\/index.php?rest_route=\/wp\/v2\/media\/5029"}],"wp:attachment":[{"href":"http:\/\/blogdoarmindomaia.com.br\/index.php?rest_route=%2Fwp%2Fv2%2Fmedia&parent=5028"}],"wp:term":[{"taxonomy":"category","embeddable":true,"href":"http:\/\/blogdoarmindomaia.com.br\/index.php?rest_route=%2Fwp%2Fv2%2Fcategories&post=5028"},{"taxonomy":"post_tag","embeddable":true,"href":"http:\/\/blogdoarmindomaia.com.br\/index.php?rest_route=%2Fwp%2Fv2%2Ftags&post=5028"}],"curies":[{"name":"wp","href":"https:\/\/api.w.org\/{rel}","templated":true}]}}