{"id":5031,"date":"2023-05-08T11:12:43","date_gmt":"2023-05-08T14:12:43","guid":{"rendered":"http:\/\/blogdoarmindomaia.com.br\/?p=5031"},"modified":"2023-05-08T11:12:45","modified_gmt":"2023-05-08T14:12:45","slug":"o-que-vi-por-onde-andei-exposicao-de-fotografia-de-celso-flavio-no-museu-da-imagem-e-do-som","status":"publish","type":"post","link":"http:\/\/blogdoarmindomaia.com.br\/?p=5031","title":{"rendered":"\u201cO que vi por onde andei\u201d : Exposi\u00e7\u00e3o de fotografia\u00a0 de Celso Fl\u00e1vio no Museu da Imagem e do Som"},"content":{"rendered":"\n<figure class=\"wp-block-image size-large is-style-default\"><img loading=\"lazy\" decoding=\"async\" width=\"1024\" height=\"715\" src=\"http:\/\/blogdoarmindomaia.com.br\/wp-content\/uploads\/2023\/05\/1eddfb50-26c2-4f3f-8f33-65733e499eb4-1024x715.jpg\" alt=\"\" class=\"wp-image-5033\" srcset=\"http:\/\/blogdoarmindomaia.com.br\/wp-content\/uploads\/2023\/05\/1eddfb50-26c2-4f3f-8f33-65733e499eb4-1024x715.jpg 1024w, http:\/\/blogdoarmindomaia.com.br\/wp-content\/uploads\/2023\/05\/1eddfb50-26c2-4f3f-8f33-65733e499eb4-300x209.jpg 300w, http:\/\/blogdoarmindomaia.com.br\/wp-content\/uploads\/2023\/05\/1eddfb50-26c2-4f3f-8f33-65733e499eb4-768x536.jpg 768w, http:\/\/blogdoarmindomaia.com.br\/wp-content\/uploads\/2023\/05\/1eddfb50-26c2-4f3f-8f33-65733e499eb4-1536x1072.jpg 1536w, http:\/\/blogdoarmindomaia.com.br\/wp-content\/uploads\/2023\/05\/1eddfb50-26c2-4f3f-8f33-65733e499eb4-130x90.jpg 130w, http:\/\/blogdoarmindomaia.com.br\/wp-content\/uploads\/2023\/05\/1eddfb50-26c2-4f3f-8f33-65733e499eb4.jpg 1600w\" sizes=\"auto, (max-width: 1024px) 100vw, 1024px\" \/><\/figure>\n\n\n\n<figure class=\"wp-block-image size-large is-style-default\"><img loading=\"lazy\" decoding=\"async\" width=\"1024\" height=\"736\" src=\"http:\/\/blogdoarmindomaia.com.br\/wp-content\/uploads\/2023\/05\/4792e245-d7cd-4180-85fc-fb33cced5e07-1024x736.jpg\" alt=\"\" class=\"wp-image-5034\" srcset=\"http:\/\/blogdoarmindomaia.com.br\/wp-content\/uploads\/2023\/05\/4792e245-d7cd-4180-85fc-fb33cced5e07-1024x736.jpg 1024w, http:\/\/blogdoarmindomaia.com.br\/wp-content\/uploads\/2023\/05\/4792e245-d7cd-4180-85fc-fb33cced5e07-300x216.jpg 300w, http:\/\/blogdoarmindomaia.com.br\/wp-content\/uploads\/2023\/05\/4792e245-d7cd-4180-85fc-fb33cced5e07-768x552.jpg 768w, http:\/\/blogdoarmindomaia.com.br\/wp-content\/uploads\/2023\/05\/4792e245-d7cd-4180-85fc-fb33cced5e07-1536x1104.jpg 1536w, http:\/\/blogdoarmindomaia.com.br\/wp-content\/uploads\/2023\/05\/4792e245-d7cd-4180-85fc-fb33cced5e07.jpg 1600w\" sizes=\"auto, (max-width: 1024px) 100vw, 1024px\" \/><\/figure>\n\n\n\n<figure class=\"wp-block-image size-large is-style-default\"><img loading=\"lazy\" decoding=\"async\" width=\"1024\" height=\"697\" src=\"http:\/\/blogdoarmindomaia.com.br\/wp-content\/uploads\/2023\/05\/84506f8d-12ac-4af8-97e3-1702b5145dc2-1024x697.jpg\" alt=\"\" class=\"wp-image-5035\" srcset=\"http:\/\/blogdoarmindomaia.com.br\/wp-content\/uploads\/2023\/05\/84506f8d-12ac-4af8-97e3-1702b5145dc2-1024x697.jpg 1024w, http:\/\/blogdoarmindomaia.com.br\/wp-content\/uploads\/2023\/05\/84506f8d-12ac-4af8-97e3-1702b5145dc2-300x204.jpg 300w, http:\/\/blogdoarmindomaia.com.br\/wp-content\/uploads\/2023\/05\/84506f8d-12ac-4af8-97e3-1702b5145dc2-768x523.jpg 768w, http:\/\/blogdoarmindomaia.com.br\/wp-content\/uploads\/2023\/05\/84506f8d-12ac-4af8-97e3-1702b5145dc2-1536x1045.jpg 1536w, http:\/\/blogdoarmindomaia.com.br\/wp-content\/uploads\/2023\/05\/84506f8d-12ac-4af8-97e3-1702b5145dc2.jpg 1600w\" sizes=\"auto, (max-width: 1024px) 100vw, 1024px\" \/><\/figure>\n\n\n\n<figure class=\"wp-block-image size-large is-style-default\"><img loading=\"lazy\" decoding=\"async\" width=\"1024\" height=\"740\" src=\"http:\/\/blogdoarmindomaia.com.br\/wp-content\/uploads\/2023\/05\/d2d5e47b-7afc-4fc5-b4e0-5e4bab2c7ee6-1024x740.jpg\" alt=\"\" class=\"wp-image-5036\" srcset=\"http:\/\/blogdoarmindomaia.com.br\/wp-content\/uploads\/2023\/05\/d2d5e47b-7afc-4fc5-b4e0-5e4bab2c7ee6-1024x740.jpg 1024w, http:\/\/blogdoarmindomaia.com.br\/wp-content\/uploads\/2023\/05\/d2d5e47b-7afc-4fc5-b4e0-5e4bab2c7ee6-300x217.jpg 300w, http:\/\/blogdoarmindomaia.com.br\/wp-content\/uploads\/2023\/05\/d2d5e47b-7afc-4fc5-b4e0-5e4bab2c7ee6-768x555.jpg 768w, http:\/\/blogdoarmindomaia.com.br\/wp-content\/uploads\/2023\/05\/d2d5e47b-7afc-4fc5-b4e0-5e4bab2c7ee6-1536x1111.jpg 1536w, http:\/\/blogdoarmindomaia.com.br\/wp-content\/uploads\/2023\/05\/d2d5e47b-7afc-4fc5-b4e0-5e4bab2c7ee6.jpg 1600w\" sizes=\"auto, (max-width: 1024px) 100vw, 1024px\" \/><\/figure>\n\n\n\n<figure class=\"wp-block-image size-large is-style-default\"><img loading=\"lazy\" decoding=\"async\" width=\"1024\" height=\"737\" src=\"http:\/\/blogdoarmindomaia.com.br\/wp-content\/uploads\/2023\/05\/d9b42ceb-0b6f-409f-86b8-c5f45d6493d3-1024x737.jpg\" alt=\"\" class=\"wp-image-5037\" srcset=\"http:\/\/blogdoarmindomaia.com.br\/wp-content\/uploads\/2023\/05\/d9b42ceb-0b6f-409f-86b8-c5f45d6493d3-1024x737.jpg 1024w, http:\/\/blogdoarmindomaia.com.br\/wp-content\/uploads\/2023\/05\/d9b42ceb-0b6f-409f-86b8-c5f45d6493d3-300x216.jpg 300w, http:\/\/blogdoarmindomaia.com.br\/wp-content\/uploads\/2023\/05\/d9b42ceb-0b6f-409f-86b8-c5f45d6493d3-768x553.jpg 768w, http:\/\/blogdoarmindomaia.com.br\/wp-content\/uploads\/2023\/05\/d9b42ceb-0b6f-409f-86b8-c5f45d6493d3-1536x1106.jpg 1536w, http:\/\/blogdoarmindomaia.com.br\/wp-content\/uploads\/2023\/05\/d9b42ceb-0b6f-409f-86b8-c5f45d6493d3.jpg 1600w\" sizes=\"auto, (max-width: 1024px) 100vw, 1024px\" \/><\/figure>\n\n\n\n<p>Est\u00e1 acontecendo no Museu da Imagem e do Som em Arax\u00e1, a Mostra de Fotografias do araxaense Celso Fl\u00e1vio. Segundo o fot\u00f3grafo, \u201c trata-se de uma mostra com&nbsp; 30 imagens que retratam um pouco de minhas andan\u00e7as por Arax\u00e1 e regi\u00e3o (Tapira, Desemboque e parte da Serra da Canastra) Sul da Bahia e Rio de Janeiro. Nestes caminhos sempre procurei valorizar as riquezas culturais do sert\u00e3o, as manifesta\u00e7\u00f5es folcl\u00f3ricas, o cotidiano da vida rural e personagens que encontramos nestas caminhadas\u201d. Ainda de acordo com Celsinho, \u201c \u00e9 &nbsp;por isso o t\u00edtulo desta exposi\u00e7\u00e3o \u00e9: \u201cO que vi por onde andei\u201d . O fot\u00f3grafo araxaense revela tamb\u00e9m que, \u201c&nbsp; eu sou um fot\u00f3grafo autodidata que sempre busquei o conhecimento em fotografia, principalmente, vendo trabalhos de grandes fot\u00f3grafos como Araqu\u00e9m Alc\u00e2ntara, Cartier Bresson, Sebasti\u00e3o Salgado e outros, e al\u00e9m disso, junto com outros dois amigos que me ensinaram muito, Gladstone Pereira e Lobo Junior, onde por muito tempo a gente se reunia para estudar tanto os equipamentos fotogr\u00e1ficos como tamb\u00e9m as t\u00e9cnicas para uma boa captura de imagens,&nbsp; com esta parceria fui aprendendo n\u00e3o s\u00f3 o controle da c\u00e2mara mas tamb\u00e9m aprendendo a olhar e ver o que realmente me inspira quando saio para fotografar\u201d.<\/p>\n\n\n\n<p>Celso Fl\u00e1vio ainda conta que o estilo de foto que mais me aproximo s\u00e3o as imagens &nbsp;de rua, fotografia documental e conceitual.&nbsp; Por isso gosto de mostrar o que muitas vezes passa despercebido para a maioria das pessoas como, as emo\u00e7\u00f5es humanas, a f\u00e9, as manifesta\u00e7\u00f5es culturais, a vida no campo e etc\u201d.<\/p>\n\n\n\n<p>A mostra de fotografias; \u201c O que vi por onde andei\u201d, de Celso Fl\u00e1vio, ficar\u00e1 aberta a visita\u00e7\u00e3o p\u00fablica at\u00e9 o final deste m\u00eas de maio. O Museu da Imagem e do Som de Arax\u00e1, fica situado na Pra\u00e7a Coronel Adolfo, 9 no antigo pr\u00e9dio da C\u00e2mara Municipal, no centro de Arax\u00e1.&nbsp;<\/p>\n","protected":false},"excerpt":{"rendered":"<p>Est\u00e1 acontecendo no Museu da Imagem e do Som em Arax\u00e1, a Mostra de Fotografias do araxaense Celso Fl\u00e1vio. Segundo<\/p>\n","protected":false},"author":2,"featured_media":5033,"comment_status":"open","ping_status":"open","sticky":false,"template":"","format":"standard","meta":{"footnotes":""},"categories":[9,5,11],"tags":[],"class_list":["post-5031","post","type-post","status-publish","format-standard","has-post-thumbnail","hentry","category-araxa","category-arte-e-cultura","category-destaques"],"_links":{"self":[{"href":"http:\/\/blogdoarmindomaia.com.br\/index.php?rest_route=\/wp\/v2\/posts\/5031","targetHints":{"allow":["GET"]}}],"collection":[{"href":"http:\/\/blogdoarmindomaia.com.br\/index.php?rest_route=\/wp\/v2\/posts"}],"about":[{"href":"http:\/\/blogdoarmindomaia.com.br\/index.php?rest_route=\/wp\/v2\/types\/post"}],"author":[{"embeddable":true,"href":"http:\/\/blogdoarmindomaia.com.br\/index.php?rest_route=\/wp\/v2\/users\/2"}],"replies":[{"embeddable":true,"href":"http:\/\/blogdoarmindomaia.com.br\/index.php?rest_route=%2Fwp%2Fv2%2Fcomments&post=5031"}],"version-history":[{"count":1,"href":"http:\/\/blogdoarmindomaia.com.br\/index.php?rest_route=\/wp\/v2\/posts\/5031\/revisions"}],"predecessor-version":[{"id":5038,"href":"http:\/\/blogdoarmindomaia.com.br\/index.php?rest_route=\/wp\/v2\/posts\/5031\/revisions\/5038"}],"wp:featuredmedia":[{"embeddable":true,"href":"http:\/\/blogdoarmindomaia.com.br\/index.php?rest_route=\/wp\/v2\/media\/5033"}],"wp:attachment":[{"href":"http:\/\/blogdoarmindomaia.com.br\/index.php?rest_route=%2Fwp%2Fv2%2Fmedia&parent=5031"}],"wp:term":[{"taxonomy":"category","embeddable":true,"href":"http:\/\/blogdoarmindomaia.com.br\/index.php?rest_route=%2Fwp%2Fv2%2Fcategories&post=5031"},{"taxonomy":"post_tag","embeddable":true,"href":"http:\/\/blogdoarmindomaia.com.br\/index.php?rest_route=%2Fwp%2Fv2%2Ftags&post=5031"}],"curies":[{"name":"wp","href":"https:\/\/api.w.org\/{rel}","templated":true}]}}