{"id":5042,"date":"2023-05-08T11:18:41","date_gmt":"2023-05-08T14:18:41","guid":{"rendered":"http:\/\/blogdoarmindomaia.com.br\/?p=5042"},"modified":"2023-05-08T11:18:43","modified_gmt":"2023-05-08T14:18:43","slug":"capacitacao-do-projeto-escola-magica-para-professores","status":"publish","type":"post","link":"http:\/\/blogdoarmindomaia.com.br\/?p=5042","title":{"rendered":"Capacita\u00e7\u00e3o do Projeto Escola M\u00e1gica para professores"},"content":{"rendered":"\n<figure class=\"wp-block-image size-large is-style-default\"><img loading=\"lazy\" decoding=\"async\" width=\"1024\" height=\"771\" src=\"http:\/\/blogdoarmindomaia.com.br\/wp-content\/uploads\/2023\/05\/Projeto-Escola-Magica-1024x771.jpeg\" alt=\"\" class=\"wp-image-5043\" srcset=\"http:\/\/blogdoarmindomaia.com.br\/wp-content\/uploads\/2023\/05\/Projeto-Escola-Magica-1024x771.jpeg 1024w, http:\/\/blogdoarmindomaia.com.br\/wp-content\/uploads\/2023\/05\/Projeto-Escola-Magica-300x226.jpeg 300w, http:\/\/blogdoarmindomaia.com.br\/wp-content\/uploads\/2023\/05\/Projeto-Escola-Magica-768x578.jpeg 768w, http:\/\/blogdoarmindomaia.com.br\/wp-content\/uploads\/2023\/05\/Projeto-Escola-Magica-1536x1156.jpeg 1536w, http:\/\/blogdoarmindomaia.com.br\/wp-content\/uploads\/2023\/05\/Projeto-Escola-Magica.jpeg 1600w\" sizes=\"auto, (max-width: 1024px) 100vw, 1024px\" \/><\/figure>\n\n\n\n<p>Com o intuito de educar crian\u00e7as de forma l\u00fadica e diferente, a Prefeitura de Arax\u00e1 implantou o projeto Escola M\u00e1gica para alunos do Tempo Integral das escolas p\u00fablicas municipais. A iniciativa trata-se de uma plataforma de ensino online, com a utiliza\u00e7\u00e3o de material para-did\u00e1tico em que os alunos podem aplicar os conhecimentos por meio de m\u00e1gicas.&nbsp; O projeto acontece mediante a uma parceria da Secretaria Municipal de Educa\u00e7\u00e3o e CBMM.<br><br>Neste m\u00eas de abril, os professores da rede municipal de ensino participaram de uma capacita\u00e7\u00e3o para a utiliza\u00e7\u00e3o correta do material pedag\u00f3gico. E, agora, ter\u00e3o acesso a uma plataforma, na qual poder\u00e3o se capacitar mais para a aplica\u00e7\u00e3o do projeto. O treinamento foi ministrado pela professora L\u00facia Gomes, que faz parte da equipe dos M\u00e1gicos Henry Vargas e Klauss Dur\u00e3es<br><br>O \u201cKit L\u00fadico Educacional\u201d, disponibilizado para a execu\u00e7\u00e3o do projeto, faz com que professores e crian\u00e7as encontrem diversas atividades interativas que os ajudam a ensinar e aprender de maneira mais divertida e l\u00fadica, desenvolvendo outras habilidades e intelig\u00eancias m\u00faltiplas, como a intelig\u00eancia interpessoal e a intrapessoal, comunica\u00e7\u00e3o, orat\u00f3ria, mudan\u00e7a de perspectivas, disciplina, intelig\u00eancia l\u00f3gico-matem\u00e1tica, coordena\u00e7\u00e3o motora, percep\u00e7\u00e3o perif\u00e9rica, criatividade e inova\u00e7\u00e3o.<br><br>De acordo do o coordenador do Ensino Integral, Germano Lemos, a previs\u00e3o para o in\u00edcio da aplica\u00e7\u00e3o do projeto nas escolas municipais ser\u00e1 no m\u00eas de maio. \u201cEsse curso foi muito importante para preparar os professores a saber como lidar com os materiais, que ser\u00e3o distribu\u00eddos para as 59 turmas de tempo integral na cidade. Esse projeto propicia que os alunos reforcem os conte\u00fados aprendidos na sala de aula e desenvolvam habilidades que melhoram o desempenho escolar\u201d, explica.<\/p>\n","protected":false},"excerpt":{"rendered":"<p>Com o intuito de educar crian\u00e7as de forma l\u00fadica e diferente, a Prefeitura de Arax\u00e1 implantou o projeto Escola M\u00e1gica<\/p>\n","protected":false},"author":2,"featured_media":5043,"comment_status":"open","ping_status":"open","sticky":false,"template":"","format":"standard","meta":{"footnotes":""},"categories":[9,11,13],"tags":[],"class_list":["post-5042","post","type-post","status-publish","format-standard","has-post-thumbnail","hentry","category-araxa","category-destaques","category-educacao"],"_links":{"self":[{"href":"http:\/\/blogdoarmindomaia.com.br\/index.php?rest_route=\/wp\/v2\/posts\/5042","targetHints":{"allow":["GET"]}}],"collection":[{"href":"http:\/\/blogdoarmindomaia.com.br\/index.php?rest_route=\/wp\/v2\/posts"}],"about":[{"href":"http:\/\/blogdoarmindomaia.com.br\/index.php?rest_route=\/wp\/v2\/types\/post"}],"author":[{"embeddable":true,"href":"http:\/\/blogdoarmindomaia.com.br\/index.php?rest_route=\/wp\/v2\/users\/2"}],"replies":[{"embeddable":true,"href":"http:\/\/blogdoarmindomaia.com.br\/index.php?rest_route=%2Fwp%2Fv2%2Fcomments&post=5042"}],"version-history":[{"count":1,"href":"http:\/\/blogdoarmindomaia.com.br\/index.php?rest_route=\/wp\/v2\/posts\/5042\/revisions"}],"predecessor-version":[{"id":5044,"href":"http:\/\/blogdoarmindomaia.com.br\/index.php?rest_route=\/wp\/v2\/posts\/5042\/revisions\/5044"}],"wp:featuredmedia":[{"embeddable":true,"href":"http:\/\/blogdoarmindomaia.com.br\/index.php?rest_route=\/wp\/v2\/media\/5043"}],"wp:attachment":[{"href":"http:\/\/blogdoarmindomaia.com.br\/index.php?rest_route=%2Fwp%2Fv2%2Fmedia&parent=5042"}],"wp:term":[{"taxonomy":"category","embeddable":true,"href":"http:\/\/blogdoarmindomaia.com.br\/index.php?rest_route=%2Fwp%2Fv2%2Fcategories&post=5042"},{"taxonomy":"post_tag","embeddable":true,"href":"http:\/\/blogdoarmindomaia.com.br\/index.php?rest_route=%2Fwp%2Fv2%2Ftags&post=5042"}],"curies":[{"name":"wp","href":"https:\/\/api.w.org\/{rel}","templated":true}]}}