{"id":5045,"date":"2023-05-08T11:21:08","date_gmt":"2023-05-08T14:21:08","guid":{"rendered":"http:\/\/blogdoarmindomaia.com.br\/?p=5045"},"modified":"2023-05-08T11:21:10","modified_gmt":"2023-05-08T14:21:10","slug":"ampliado-o-atendimento-medico-nas-esfs-de-araxa","status":"publish","type":"post","link":"http:\/\/blogdoarmindomaia.com.br\/?p=5045","title":{"rendered":"Ampliado o atendimento m\u00e9dico nas ESFs de Arax\u00e1"},"content":{"rendered":"\n<figure class=\"wp-block-image size-full is-style-default\"><img loading=\"lazy\" decoding=\"async\" width=\"1024\" height=\"683\" src=\"http:\/\/blogdoarmindomaia.com.br\/wp-content\/uploads\/2023\/05\/Ampliado-o-atendimento-medico-nas-ESFs-de-Araxa-pagg-03.jpeg\" alt=\"\" class=\"wp-image-5046\" srcset=\"http:\/\/blogdoarmindomaia.com.br\/wp-content\/uploads\/2023\/05\/Ampliado-o-atendimento-medico-nas-ESFs-de-Araxa-pagg-03.jpeg 1024w, http:\/\/blogdoarmindomaia.com.br\/wp-content\/uploads\/2023\/05\/Ampliado-o-atendimento-medico-nas-ESFs-de-Araxa-pagg-03-300x200.jpeg 300w, http:\/\/blogdoarmindomaia.com.br\/wp-content\/uploads\/2023\/05\/Ampliado-o-atendimento-medico-nas-ESFs-de-Araxa-pagg-03-768x512.jpeg 768w\" sizes=\"auto, (max-width: 1024px) 100vw, 1024px\" \/><\/figure>\n\n\n\n<p>A Prefeitura de Arax\u00e1 ampliou o atendimento m\u00e9dico nas Estrat\u00e9gias de Sa\u00fade da Fam\u00edlia (ESFs) com a contrata\u00e7\u00e3o de seis novos m\u00e9dicos. A iniciativa faz parte do processo seletivo de recomposi\u00e7\u00e3o dos quadros da Secretaria Municipal de Sa\u00fade e tem o objetivo de suprir a demanda da popula\u00e7\u00e3o.<br><br>De acordo com a secret\u00e1ria municipal de Sa\u00fade, Cristiane Gon\u00e7alves Pereira, a contrata\u00e7\u00e3o de novos m\u00e9dicos contribuir\u00e1 com a agilidade no atendimento nas ESFs. \u201cCom a contrata\u00e7\u00e3o dos seis novos m\u00e9dicos as ESFs est\u00e3o com suas equipes completas, o que garante um melhor acompanhamento dos usu\u00e1rios em suas necessidades referentes a tratamentos, preven\u00e7\u00e3o e promo\u00e7\u00e3o \u00e0 sa\u00fade\u201d, explica.<br><br>O processo seletivo foi divulgado em janeiro com oito vagas para contrata\u00e7\u00e3o de m\u00e9dicos, sendo seis vagas preenchidas. Em breve, um novo processo seletivo ser\u00e1 aberto para contrata\u00e7\u00e3o de mais dois m\u00e9dicos. Este processo ir\u00e1 oferecer a remunera\u00e7\u00e3o de R$ 14.020,93, mais Adicional de Produtividade R$ 3.505,23, para jornada de 40 horas semanais.<br><\/p>\n","protected":false},"excerpt":{"rendered":"<p>A Prefeitura de Arax\u00e1 ampliou o atendimento m\u00e9dico nas Estrat\u00e9gias de Sa\u00fade da Fam\u00edlia (ESFs) com a contrata\u00e7\u00e3o de seis<\/p>\n","protected":false},"author":2,"featured_media":5046,"comment_status":"open","ping_status":"open","sticky":false,"template":"","format":"standard","meta":{"footnotes":""},"categories":[9,11,29],"tags":[],"class_list":["post-5045","post","type-post","status-publish","format-standard","has-post-thumbnail","hentry","category-araxa","category-destaques","category-saude"],"_links":{"self":[{"href":"http:\/\/blogdoarmindomaia.com.br\/index.php?rest_route=\/wp\/v2\/posts\/5045","targetHints":{"allow":["GET"]}}],"collection":[{"href":"http:\/\/blogdoarmindomaia.com.br\/index.php?rest_route=\/wp\/v2\/posts"}],"about":[{"href":"http:\/\/blogdoarmindomaia.com.br\/index.php?rest_route=\/wp\/v2\/types\/post"}],"author":[{"embeddable":true,"href":"http:\/\/blogdoarmindomaia.com.br\/index.php?rest_route=\/wp\/v2\/users\/2"}],"replies":[{"embeddable":true,"href":"http:\/\/blogdoarmindomaia.com.br\/index.php?rest_route=%2Fwp%2Fv2%2Fcomments&post=5045"}],"version-history":[{"count":1,"href":"http:\/\/blogdoarmindomaia.com.br\/index.php?rest_route=\/wp\/v2\/posts\/5045\/revisions"}],"predecessor-version":[{"id":5047,"href":"http:\/\/blogdoarmindomaia.com.br\/index.php?rest_route=\/wp\/v2\/posts\/5045\/revisions\/5047"}],"wp:featuredmedia":[{"embeddable":true,"href":"http:\/\/blogdoarmindomaia.com.br\/index.php?rest_route=\/wp\/v2\/media\/5046"}],"wp:attachment":[{"href":"http:\/\/blogdoarmindomaia.com.br\/index.php?rest_route=%2Fwp%2Fv2%2Fmedia&parent=5045"}],"wp:term":[{"taxonomy":"category","embeddable":true,"href":"http:\/\/blogdoarmindomaia.com.br\/index.php?rest_route=%2Fwp%2Fv2%2Fcategories&post=5045"},{"taxonomy":"post_tag","embeddable":true,"href":"http:\/\/blogdoarmindomaia.com.br\/index.php?rest_route=%2Fwp%2Fv2%2Ftags&post=5045"}],"curies":[{"name":"wp","href":"https:\/\/api.w.org\/{rel}","templated":true}]}}