{"id":505,"date":"2022-04-27T00:08:00","date_gmt":"2022-04-27T03:08:00","guid":{"rendered":"http:\/\/blogdoarmindomaia.com.br\/?p=505"},"modified":"2022-04-27T00:08:03","modified_gmt":"2022-04-27T03:08:03","slug":"em-carta-vice-mauro-chaves-revela-que-rompeu-politicamente-com-o-prefeito-robson-magela","status":"publish","type":"post","link":"http:\/\/blogdoarmindomaia.com.br\/?p=505","title":{"rendered":"Em carta, Vice Mauro Chaves revela que rompeu politicamente com o prefeito Robson Magela: \u00a0"},"content":{"rendered":"\n<figure class=\"wp-block-image size-full is-style-default\"><img loading=\"lazy\" decoding=\"async\" width=\"1024\" height=\"683\" src=\"http:\/\/blogdoarmindomaia.com.br\/wp-content\/uploads\/2022\/04\/001_mauro_posse.jpg\" alt=\"\" class=\"wp-image-507\" srcset=\"http:\/\/blogdoarmindomaia.com.br\/wp-content\/uploads\/2022\/04\/001_mauro_posse.jpg 1024w, http:\/\/blogdoarmindomaia.com.br\/wp-content\/uploads\/2022\/04\/001_mauro_posse-300x200.jpg 300w, http:\/\/blogdoarmindomaia.com.br\/wp-content\/uploads\/2022\/04\/001_mauro_posse-768x512.jpg 768w\" sizes=\"auto, (max-width: 1024px) 100vw, 1024px\" \/><\/figure>\n\n\n\n<p>O assunto que dominou Arax\u00e1 no cen\u00e1rio pol\u00edtico na tarde de ter\u00e7a-feira, dia 26 de abril de 2022, foi uma carta divulgada pelo vice-prefeito de Arax\u00e1, Mauro Chaves, onde ele relata alguns motivos que o levaram a romper politicamente com o prefeito Robson Magela. Logo ap\u00f3s divulgar a carta nas redes sociais, Mauro em entrevista ao rep\u00f3rter Willian Tardelli da R\u00e1dio Cidade, tamb\u00e9m surpreendeu a todos ao dizer que tamb\u00e9m n\u00e3o ser\u00e1 mais candidato a deputado federal nas elei\u00e7\u00f5es vindouras.<\/p>\n\n\n\n<p>Confira a baixo na \u00edntegra a carta de Mauro Chaves:<\/p>\n\n\n\n<figure class=\"wp-block-image size-large is-style-default\"><img loading=\"lazy\" decoding=\"async\" width=\"702\" height=\"1024\" src=\"http:\/\/blogdoarmindomaia.com.br\/wp-content\/uploads\/2022\/04\/Carta-Mauro-702x1024.jpg\" alt=\"\" class=\"wp-image-506\" srcset=\"http:\/\/blogdoarmindomaia.com.br\/wp-content\/uploads\/2022\/04\/Carta-Mauro-702x1024.jpg 702w, http:\/\/blogdoarmindomaia.com.br\/wp-content\/uploads\/2022\/04\/Carta-Mauro-206x300.jpg 206w, http:\/\/blogdoarmindomaia.com.br\/wp-content\/uploads\/2022\/04\/Carta-Mauro.jpg 720w\" sizes=\"auto, (max-width: 702px) 100vw, 702px\" \/><\/figure>\n","protected":false},"excerpt":{"rendered":"<p>O assunto que dominou Arax\u00e1 no cen\u00e1rio pol\u00edtico na tarde de ter\u00e7a-feira, dia 26 de abril de 2022, foi uma<\/p>\n","protected":false},"author":2,"featured_media":507,"comment_status":"open","ping_status":"open","sticky":false,"template":"","format":"standard","meta":{"footnotes":""},"categories":[9,11],"tags":[],"class_list":["post-505","post","type-post","status-publish","format-standard","has-post-thumbnail","hentry","category-araxa","category-destaques"],"_links":{"self":[{"href":"http:\/\/blogdoarmindomaia.com.br\/index.php?rest_route=\/wp\/v2\/posts\/505","targetHints":{"allow":["GET"]}}],"collection":[{"href":"http:\/\/blogdoarmindomaia.com.br\/index.php?rest_route=\/wp\/v2\/posts"}],"about":[{"href":"http:\/\/blogdoarmindomaia.com.br\/index.php?rest_route=\/wp\/v2\/types\/post"}],"author":[{"embeddable":true,"href":"http:\/\/blogdoarmindomaia.com.br\/index.php?rest_route=\/wp\/v2\/users\/2"}],"replies":[{"embeddable":true,"href":"http:\/\/blogdoarmindomaia.com.br\/index.php?rest_route=%2Fwp%2Fv2%2Fcomments&post=505"}],"version-history":[{"count":1,"href":"http:\/\/blogdoarmindomaia.com.br\/index.php?rest_route=\/wp\/v2\/posts\/505\/revisions"}],"predecessor-version":[{"id":508,"href":"http:\/\/blogdoarmindomaia.com.br\/index.php?rest_route=\/wp\/v2\/posts\/505\/revisions\/508"}],"wp:featuredmedia":[{"embeddable":true,"href":"http:\/\/blogdoarmindomaia.com.br\/index.php?rest_route=\/wp\/v2\/media\/507"}],"wp:attachment":[{"href":"http:\/\/blogdoarmindomaia.com.br\/index.php?rest_route=%2Fwp%2Fv2%2Fmedia&parent=505"}],"wp:term":[{"taxonomy":"category","embeddable":true,"href":"http:\/\/blogdoarmindomaia.com.br\/index.php?rest_route=%2Fwp%2Fv2%2Fcategories&post=505"},{"taxonomy":"post_tag","embeddable":true,"href":"http:\/\/blogdoarmindomaia.com.br\/index.php?rest_route=%2Fwp%2Fv2%2Ftags&post=505"}],"curies":[{"name":"wp","href":"https:\/\/api.w.org\/{rel}","templated":true}]}}