{"id":5058,"date":"2023-05-08T15:03:52","date_gmt":"2023-05-08T18:03:52","guid":{"rendered":"http:\/\/blogdoarmindomaia.com.br\/?p=5058"},"modified":"2023-05-08T15:03:54","modified_gmt":"2023-05-08T18:03:54","slug":"cine-familia-na-praca-sera-realizado-em-araxa","status":"publish","type":"post","link":"http:\/\/blogdoarmindomaia.com.br\/?p=5058","title":{"rendered":"Cine Fam\u00edlia na Pra\u00e7a ser\u00e1 realizado em Arax\u00e1"},"content":{"rendered":"\n<figure class=\"wp-block-image size-large is-style-default\"><img loading=\"lazy\" decoding=\"async\" width=\"1024\" height=\"1024\" src=\"http:\/\/blogdoarmindomaia.com.br\/wp-content\/uploads\/2023\/05\/Cine-Familia-2-1024x1024.jpeg\" alt=\"\" class=\"wp-image-5059\" srcset=\"http:\/\/blogdoarmindomaia.com.br\/wp-content\/uploads\/2023\/05\/Cine-Familia-2-1024x1024.jpeg 1024w, http:\/\/blogdoarmindomaia.com.br\/wp-content\/uploads\/2023\/05\/Cine-Familia-2-300x300.jpeg 300w, http:\/\/blogdoarmindomaia.com.br\/wp-content\/uploads\/2023\/05\/Cine-Familia-2-150x150.jpeg 150w, http:\/\/blogdoarmindomaia.com.br\/wp-content\/uploads\/2023\/05\/Cine-Familia-2-768x768.jpeg 768w, http:\/\/blogdoarmindomaia.com.br\/wp-content\/uploads\/2023\/05\/Cine-Familia-2-1536x1536.jpeg 1536w, http:\/\/blogdoarmindomaia.com.br\/wp-content\/uploads\/2023\/05\/Cine-Familia-2.jpeg 1600w\" sizes=\"auto, (max-width: 1024px) 100vw, 1024px\" \/><\/figure>\n\n\n\n<p>Arax\u00e1 recebe, na pr\u00f3xima quinta-feira (11), mais uma edi\u00e7\u00e3o do projeto itinerante Cine Fam\u00edlia na Pra\u00e7a. A apresenta\u00e7\u00e3o acontece no P\u00e1tio da Funda\u00e7\u00e3o Cultural Calmon Barreto, a partir das 18h. Com acesso gratuito, ser\u00e3o exibidos dois filmes nacionais de classifica\u00e7\u00e3o indicativa livre e adequados para toda fam\u00edlia.<br><br>O primeiro, \u201dTurma da M\u00f4nica: La\u00e7os\u201d \u00e9 um filme brasileiro de aventura e com\u00e9dia lan\u00e7ado em 2019, baseado nas hist\u00f3rias em quadrinhos criadas por Mauricio de Sousa.<br><br>J\u00e1 o segundo filme, \u201cDetetives do Pr\u00e9dio Azul 3 \u2013 Uma Aventura no Fim do Mundo\u201d, ser\u00e1 exibido \u00e0s 20h. Ele conta a hist\u00f3ria de um grupo de amigos que viaja o mundo para chegar no ponto mais congelante do planeta para encontrar uma rel\u00edquia em formato de colar que era, na verdade, uma das metades do valioso \u2018Medalh\u00e3o de Uzur\u2019, respons\u00e1vel por controlar e manipular toda a magia existente no mundo.<br>&nbsp;<br><strong>Estrutura<\/strong><br><br>Para garantir o conforto do p\u00fablico, ser\u00e3o disponibilizadas 600 cadeiras com apoio de bra\u00e7o, al\u00e9m de passarela com carpete vermelho e ilumina\u00e7\u00e3o c\u00eanica.<br><br>A estrutura ainda contemplar\u00e1 sistema de proje\u00e7\u00e3o a laser de alta defini\u00e7\u00e3o e uma tela de 40m\u00b2 e banheiros qu\u00edmicos.<br><br>Para o coordenador Marcelo Mamede, o Cine Fam\u00edlia na Pra\u00e7a, retorna a Arax\u00e1 com toda dedica\u00e7\u00e3o e carinho das \u00faltimas edi\u00e7\u00f5es.<br><br>\u201cEsta \u00e9 a segunda vez que estaremos na cidade onde fomos muito bem recebidos pelo p\u00fablico que compareceu em peso. Temos uma verdadeira paix\u00e3o por esse projeto, por isso h\u00e1 um intenso envolvimento de toda a equipe levarmos uma experi\u00eancia de cinema a c\u00e9u aberto para a popula\u00e7\u00e3o\u201d, destaca Marcelo.<br><br>O evento \u00e9 realizado pela Moinho Cultural com apoio da Prefeitura de Arax\u00e1 atrav\u00e9s da Secret\u00e1ria Municipal de Desenvolvimento Econ\u00f4mico, Inova\u00e7\u00e3o e Turismo e da Funda\u00e7\u00e3o Cultural Calmon Barreto. Tem o patroc\u00ednio da Algar Telecom, por meio da Lei Estadual de Incentivo \u00e0 Cultura de Minas Gerais.<br><\/p>\n","protected":false},"excerpt":{"rendered":"<p>Arax\u00e1 recebe, na pr\u00f3xima quinta-feira (11), mais uma edi\u00e7\u00e3o do projeto itinerante Cine Fam\u00edlia na Pra\u00e7a. A apresenta\u00e7\u00e3o acontece no<\/p>\n","protected":false},"author":2,"featured_media":5059,"comment_status":"open","ping_status":"open","sticky":false,"template":"","format":"standard","meta":{"footnotes":""},"categories":[9,5],"tags":[],"class_list":["post-5058","post","type-post","status-publish","format-standard","has-post-thumbnail","hentry","category-araxa","category-arte-e-cultura"],"_links":{"self":[{"href":"http:\/\/blogdoarmindomaia.com.br\/index.php?rest_route=\/wp\/v2\/posts\/5058","targetHints":{"allow":["GET"]}}],"collection":[{"href":"http:\/\/blogdoarmindomaia.com.br\/index.php?rest_route=\/wp\/v2\/posts"}],"about":[{"href":"http:\/\/blogdoarmindomaia.com.br\/index.php?rest_route=\/wp\/v2\/types\/post"}],"author":[{"embeddable":true,"href":"http:\/\/blogdoarmindomaia.com.br\/index.php?rest_route=\/wp\/v2\/users\/2"}],"replies":[{"embeddable":true,"href":"http:\/\/blogdoarmindomaia.com.br\/index.php?rest_route=%2Fwp%2Fv2%2Fcomments&post=5058"}],"version-history":[{"count":1,"href":"http:\/\/blogdoarmindomaia.com.br\/index.php?rest_route=\/wp\/v2\/posts\/5058\/revisions"}],"predecessor-version":[{"id":5060,"href":"http:\/\/blogdoarmindomaia.com.br\/index.php?rest_route=\/wp\/v2\/posts\/5058\/revisions\/5060"}],"wp:featuredmedia":[{"embeddable":true,"href":"http:\/\/blogdoarmindomaia.com.br\/index.php?rest_route=\/wp\/v2\/media\/5059"}],"wp:attachment":[{"href":"http:\/\/blogdoarmindomaia.com.br\/index.php?rest_route=%2Fwp%2Fv2%2Fmedia&parent=5058"}],"wp:term":[{"taxonomy":"category","embeddable":true,"href":"http:\/\/blogdoarmindomaia.com.br\/index.php?rest_route=%2Fwp%2Fv2%2Fcategories&post=5058"},{"taxonomy":"post_tag","embeddable":true,"href":"http:\/\/blogdoarmindomaia.com.br\/index.php?rest_route=%2Fwp%2Fv2%2Ftags&post=5058"}],"curies":[{"name":"wp","href":"https:\/\/api.w.org\/{rel}","templated":true}]}}