{"id":5072,"date":"2023-05-09T11:18:52","date_gmt":"2023-05-09T14:18:52","guid":{"rendered":"http:\/\/blogdoarmindomaia.com.br\/?p=5072"},"modified":"2023-05-09T11:18:54","modified_gmt":"2023-05-09T14:18:54","slug":"maio-furta-cor-prefeitura-promove-acoes-de-valorizacao-a-saude-mental-materna","status":"publish","type":"post","link":"http:\/\/blogdoarmindomaia.com.br\/?p=5072","title":{"rendered":"Maio Furta-Cor: Prefeitura promove a\u00e7\u00f5es de valoriza\u00e7\u00e3o \u00e0 sa\u00fade mental materna"},"content":{"rendered":"\n<figure class=\"wp-block-image size-large is-style-default\"><img loading=\"lazy\" decoding=\"async\" width=\"1024\" height=\"653\" src=\"http:\/\/blogdoarmindomaia.com.br\/wp-content\/uploads\/2023\/05\/Maio-Furta-Cor-pag-04-1024x653.jpeg\" alt=\"\" class=\"wp-image-5073\" srcset=\"http:\/\/blogdoarmindomaia.com.br\/wp-content\/uploads\/2023\/05\/Maio-Furta-Cor-pag-04-1024x653.jpeg 1024w, http:\/\/blogdoarmindomaia.com.br\/wp-content\/uploads\/2023\/05\/Maio-Furta-Cor-pag-04-300x191.jpeg 300w, http:\/\/blogdoarmindomaia.com.br\/wp-content\/uploads\/2023\/05\/Maio-Furta-Cor-pag-04-768x490.jpeg 768w, http:\/\/blogdoarmindomaia.com.br\/wp-content\/uploads\/2023\/05\/Maio-Furta-Cor-pag-04.jpeg 1080w\" sizes=\"auto, (max-width: 1024px) 100vw, 1024px\" \/><\/figure>\n\n\n\n<p>Em alus\u00e3o ao M\u00eas das M\u00e3es, a Prefeitura de Arax\u00e1 promove a campanha Maio Furta-Cor. Ao longo deste m\u00eas as salas de espera das Unidades de Sa\u00fade recebem palestras para abordar temas voltados \u00e0 sa\u00fade e bem-estar mental das mulheres, especialmente \u00e0s m\u00e3es, gestantes e pu\u00e9rperas.<br><br>O objetivo \u00e9 sensibilizar a popula\u00e7\u00e3o para a causa da sa\u00fade mental materna. A programa\u00e7\u00e3o \u00e9 totalmente gratuita, aberta \u00e0 comunidade e conta com psic\u00f3logas, gestantes e m\u00e3es para abordar os desafios e viv\u00eancias da maternidade.<br><br>As atividades acontecem nas duas primeiras semanas do m\u00eas de maio, no per\u00edodo da manh\u00e3 e da tarde, e s\u00e3o realizadas na Uninorte (segundas e quintas); Unisul (quartas) e Unileste (quintas).<br><br>O movimento busca criar uma rede de relacionamento entre m\u00e3es e mulheres que v\u00e3o se tornar m\u00e3es e proporcionar a elas momentos de acolhimento e fortalecimento.<br><br>Al\u00e9m das rodas de conversa, no s\u00e1bado, dia 13 de maio, haver\u00e1 a \u201cMarcha Maio Furta-Cor \u2013 Sa\u00fade Mental Materna Importa\u201d, a partir das 9h, no Cal\u00e7ad\u00e3o da rua Oleg\u00e1rio Maciel (pr\u00f3ximo ao banco Ita\u00fa).<\/p>\n","protected":false},"excerpt":{"rendered":"<p>Em alus\u00e3o ao M\u00eas das M\u00e3es, a Prefeitura de Arax\u00e1 promove a campanha Maio Furta-Cor. Ao longo deste m\u00eas as<\/p>\n","protected":false},"author":2,"featured_media":5073,"comment_status":"open","ping_status":"open","sticky":false,"template":"","format":"standard","meta":{"footnotes":""},"categories":[9,11,29],"tags":[],"class_list":["post-5072","post","type-post","status-publish","format-standard","has-post-thumbnail","hentry","category-araxa","category-destaques","category-saude"],"_links":{"self":[{"href":"http:\/\/blogdoarmindomaia.com.br\/index.php?rest_route=\/wp\/v2\/posts\/5072","targetHints":{"allow":["GET"]}}],"collection":[{"href":"http:\/\/blogdoarmindomaia.com.br\/index.php?rest_route=\/wp\/v2\/posts"}],"about":[{"href":"http:\/\/blogdoarmindomaia.com.br\/index.php?rest_route=\/wp\/v2\/types\/post"}],"author":[{"embeddable":true,"href":"http:\/\/blogdoarmindomaia.com.br\/index.php?rest_route=\/wp\/v2\/users\/2"}],"replies":[{"embeddable":true,"href":"http:\/\/blogdoarmindomaia.com.br\/index.php?rest_route=%2Fwp%2Fv2%2Fcomments&post=5072"}],"version-history":[{"count":1,"href":"http:\/\/blogdoarmindomaia.com.br\/index.php?rest_route=\/wp\/v2\/posts\/5072\/revisions"}],"predecessor-version":[{"id":5074,"href":"http:\/\/blogdoarmindomaia.com.br\/index.php?rest_route=\/wp\/v2\/posts\/5072\/revisions\/5074"}],"wp:featuredmedia":[{"embeddable":true,"href":"http:\/\/blogdoarmindomaia.com.br\/index.php?rest_route=\/wp\/v2\/media\/5073"}],"wp:attachment":[{"href":"http:\/\/blogdoarmindomaia.com.br\/index.php?rest_route=%2Fwp%2Fv2%2Fmedia&parent=5072"}],"wp:term":[{"taxonomy":"category","embeddable":true,"href":"http:\/\/blogdoarmindomaia.com.br\/index.php?rest_route=%2Fwp%2Fv2%2Fcategories&post=5072"},{"taxonomy":"post_tag","embeddable":true,"href":"http:\/\/blogdoarmindomaia.com.br\/index.php?rest_route=%2Fwp%2Fv2%2Ftags&post=5072"}],"curies":[{"name":"wp","href":"https:\/\/api.w.org\/{rel}","templated":true}]}}