{"id":5080,"date":"2023-05-10T11:38:59","date_gmt":"2023-05-10T14:38:59","guid":{"rendered":"http:\/\/blogdoarmindomaia.com.br\/?p=5080"},"modified":"2023-05-10T11:39:01","modified_gmt":"2023-05-10T14:39:01","slug":"programa-araxa-empreendedora-ja-realizou-mais-de-9-mil-atendimentos","status":"publish","type":"post","link":"http:\/\/blogdoarmindomaia.com.br\/?p=5080","title":{"rendered":"Programa Arax\u00e1 Empreendedora j\u00e1 realizou mais de 9 mil atendimentos"},"content":{"rendered":"\n<figure class=\"wp-block-image size-full is-style-default\"><img loading=\"lazy\" decoding=\"async\" width=\"1024\" height=\"683\" src=\"http:\/\/blogdoarmindomaia.com.br\/wp-content\/uploads\/2023\/05\/Programa-Araxa-Empreendedora-ja-realizou-mais-de-9-mil-atendimentos-pag-04.jpeg\" alt=\"\" class=\"wp-image-5081\" srcset=\"http:\/\/blogdoarmindomaia.com.br\/wp-content\/uploads\/2023\/05\/Programa-Araxa-Empreendedora-ja-realizou-mais-de-9-mil-atendimentos-pag-04.jpeg 1024w, http:\/\/blogdoarmindomaia.com.br\/wp-content\/uploads\/2023\/05\/Programa-Araxa-Empreendedora-ja-realizou-mais-de-9-mil-atendimentos-pag-04-300x200.jpeg 300w, http:\/\/blogdoarmindomaia.com.br\/wp-content\/uploads\/2023\/05\/Programa-Araxa-Empreendedora-ja-realizou-mais-de-9-mil-atendimentos-pag-04-768x512.jpeg 768w\" sizes=\"auto, (max-width: 1024px) 100vw, 1024px\" \/><\/figure>\n\n\n\n<p>Facilitar a abertura de novas empresas e gerar mais empregos no munic\u00edpio, o Programa Arax\u00e1 Empreendedora, por meio da Sala Mineira do Empreendedor, realiza um trabalho de aux\u00edlio na abertura ou regulariza\u00e7\u00e3o de Microempreendedores Individuais, cursos de qualifica\u00e7\u00e3o e capacita\u00e7\u00e3o, assessoria jur\u00eddica e orienta\u00e7\u00e3o para as linhas de cr\u00e9ditos. Desde sua implanta\u00e7\u00e3o, em agosto de 2021, j\u00e1 foram realizados 9.164 atendimentos voltados para os Microempreendedores Individuais (MEIs).<br><br>Somente em 2022 foram mais de 950 formaliza\u00e7\u00e3o e legaliza\u00e7\u00e3o de empresas, 1.583 emiss\u00f5es de Documento de Arrecada\u00e7\u00e3o Simplificado (DAS), 690 cadastros e emiss\u00e3o de notas fiscais, 562 emiss\u00f5es de Declara\u00e7\u00e3o Anual do Simples Nacional (DASN), 627 renegocia\u00e7\u00f5es de d\u00edvidas do Simples Nacional, 177 altera\u00e7\u00f5es cadastrais, entre outros.<br><br>Quanto \u00e0s Microempresas (MEs) e as Empresas de Pequeno Porte (EPPs) que s\u00e3o atendidas por meio da Junta Comercial do Estado de Minas Gerais (Jucemg), foram mais de 6.592 atendimentos, sendo 4.630 an\u00e1lises, 439 aberturas de novas empresas, 291 baixas e 1.232 altera\u00e7\u00f5es, entre diversos outros atendimentos.<br><br>A Sala Mineira do Empreendedor \u00e9 o resultado de uma parceria entre a Prefeitura de Arax\u00e1, Governo de Minas Gerais, Sebrae Minas, Junta Comercial do Estado de Minas Gerais (Jucemg) e Sindicato do Com\u00e9rcio de Arax\u00e1 (Sindicom\u00e9rcio Arax\u00e1).<br><br>S\u00e3o oferecidos, em parceria com o Sebrae, v\u00e1rias oficinas gratuitas para capacita\u00e7\u00e3o aos empres\u00e1rios, palestras, cursos online, distribui\u00e7\u00e3o de material informativo, al\u00e9m da Sala Mineira Itinerante, que presta atendimento mensal no evento \u201cPrefeitura no Bairro\u201d no \u00faltimo s\u00e1bado de cada m\u00eas, facilitando para os empreendedores que n\u00e3o disp\u00f5em de tempo nos hor\u00e1rios normais de atendimento.<br><br>De acordo com a agente Sebastiana Sousa, al\u00e9m dessas a\u00e7\u00f5es, j\u00e1 foram desenvolvidos dois projetos fundamentais &#8211; \u201cLixo Zero\u201d, implantado, como piloto no Centro Educacional Infantil Gabriela Mistral, e o \u201cJuro Zero\u201d, que est\u00e1 em tramita\u00e7\u00e3o na C\u00e2mara Municipal.<br><br>\u201cNossos objetivos para o ano de 2023 s\u00e3o o de conquistar o \u201cSelo Sebrae Refer\u00eancia em Atendimento\u201d, finalizar a implanta\u00e7\u00e3o do Projeto \u201cJuro Zero\u201d, que possibilitar\u00e1 empr\u00e9stimo aos MEIs, MEs e Startups, com juros subsidiados pela Prefeitura de Arax\u00e1\u2019, diz.<br><br>\u201cAl\u00e9m disso, queremos implantar o Projeto \u201c Cadastro de Fornecedores para Compras P\u00fablicas\u201d, possibilitando aos \u201cPequenos Neg\u00f3cios\u201d participar dos Chamamentos P\u00fablicos e Contratos de Presta\u00e7\u00e3o de Servi\u00e7os para a prefeitura; divulgar os editais de Licita\u00e7\u00f5es e manter atualizado o \u201cMural de Oportunidades\u201d na Sala Mineira; promover a 1\u00aa Mostra de produtos MEI de Arax\u00e1\u201d \u2013 \u201c1\u00aa Expomei Arax\u00e1\u201d; oferecer novos cursos, oficinas, palestras e consultorias para capacita\u00e7\u00e3o constante dos Empreendedores\u201d, afirma Sebastiana.<br><br>A Sala Mineira do Empreendedor fica na sede do Sindicom\u00e9rcio Arax\u00e1, na rua Dr. Edmar Cunha, n\u00ba 260, no bairro Santa Terezinha. O atendimento tamb\u00e9m \u00e9 realizado por meio do WhatsApp (34) 9900-3357. Possui ainda o Instagram (@salamineiraaraxa), onde s\u00e3o divulgadas as principais informa\u00e7\u00f5es para o MEI.<\/p>\n","protected":false},"excerpt":{"rendered":"<p>Facilitar a abertura de novas empresas e gerar mais empregos no munic\u00edpio, o Programa Arax\u00e1 Empreendedora, por meio da Sala<\/p>\n","protected":false},"author":2,"featured_media":5081,"comment_status":"open","ping_status":"open","sticky":false,"template":"","format":"standard","meta":{"footnotes":""},"categories":[9,11],"tags":[],"class_list":["post-5080","post","type-post","status-publish","format-standard","has-post-thumbnail","hentry","category-araxa","category-destaques"],"_links":{"self":[{"href":"http:\/\/blogdoarmindomaia.com.br\/index.php?rest_route=\/wp\/v2\/posts\/5080","targetHints":{"allow":["GET"]}}],"collection":[{"href":"http:\/\/blogdoarmindomaia.com.br\/index.php?rest_route=\/wp\/v2\/posts"}],"about":[{"href":"http:\/\/blogdoarmindomaia.com.br\/index.php?rest_route=\/wp\/v2\/types\/post"}],"author":[{"embeddable":true,"href":"http:\/\/blogdoarmindomaia.com.br\/index.php?rest_route=\/wp\/v2\/users\/2"}],"replies":[{"embeddable":true,"href":"http:\/\/blogdoarmindomaia.com.br\/index.php?rest_route=%2Fwp%2Fv2%2Fcomments&post=5080"}],"version-history":[{"count":1,"href":"http:\/\/blogdoarmindomaia.com.br\/index.php?rest_route=\/wp\/v2\/posts\/5080\/revisions"}],"predecessor-version":[{"id":5082,"href":"http:\/\/blogdoarmindomaia.com.br\/index.php?rest_route=\/wp\/v2\/posts\/5080\/revisions\/5082"}],"wp:featuredmedia":[{"embeddable":true,"href":"http:\/\/blogdoarmindomaia.com.br\/index.php?rest_route=\/wp\/v2\/media\/5081"}],"wp:attachment":[{"href":"http:\/\/blogdoarmindomaia.com.br\/index.php?rest_route=%2Fwp%2Fv2%2Fmedia&parent=5080"}],"wp:term":[{"taxonomy":"category","embeddable":true,"href":"http:\/\/blogdoarmindomaia.com.br\/index.php?rest_route=%2Fwp%2Fv2%2Fcategories&post=5080"},{"taxonomy":"post_tag","embeddable":true,"href":"http:\/\/blogdoarmindomaia.com.br\/index.php?rest_route=%2Fwp%2Fv2%2Ftags&post=5080"}],"curies":[{"name":"wp","href":"https:\/\/api.w.org\/{rel}","templated":true}]}}