{"id":5096,"date":"2023-05-11T14:25:12","date_gmt":"2023-05-11T17:25:12","guid":{"rendered":"http:\/\/blogdoarmindomaia.com.br\/?p=5096"},"modified":"2023-05-11T14:25:14","modified_gmt":"2023-05-11T17:25:14","slug":"iniciadas-as-negociacoes-no-ministerio-da-educacao-para-implantacao-de-faculdade-federal-em-araxa","status":"publish","type":"post","link":"http:\/\/blogdoarmindomaia.com.br\/?p=5096","title":{"rendered":"Iniciadas as \u00a0negocia\u00e7\u00f5es no Minist\u00e9rio da Educa\u00e7\u00e3o para implanta\u00e7\u00e3o de faculdade federal em Arax\u00e1"},"content":{"rendered":"\n<figure class=\"wp-block-image size-full is-style-default\"><img loading=\"lazy\" decoding=\"async\" width=\"1024\" height=\"683\" src=\"http:\/\/blogdoarmindomaia.com.br\/wp-content\/uploads\/2023\/05\/Iniciadas-as-negociacoes-no-Ministerio-da-Educacao-pag-07.jpeg\" alt=\"\" class=\"wp-image-5097\" srcset=\"http:\/\/blogdoarmindomaia.com.br\/wp-content\/uploads\/2023\/05\/Iniciadas-as-negociacoes-no-Ministerio-da-Educacao-pag-07.jpeg 1024w, http:\/\/blogdoarmindomaia.com.br\/wp-content\/uploads\/2023\/05\/Iniciadas-as-negociacoes-no-Ministerio-da-Educacao-pag-07-300x200.jpeg 300w, http:\/\/blogdoarmindomaia.com.br\/wp-content\/uploads\/2023\/05\/Iniciadas-as-negociacoes-no-Ministerio-da-Educacao-pag-07-768x512.jpeg 768w\" sizes=\"auto, (max-width: 1024px) 100vw, 1024px\" \/><\/figure>\n\n\n\n<p>Uma comitiva de Arax\u00e1 apresentou projetos de inten\u00e7\u00e3o para viabilizar um campus universit\u00e1rio federal para a cidade durante uma reuni\u00e3o realizada na Secretaria de Ensino Superior do Minist\u00e9rio da Educa\u00e7\u00e3o (MEC), em Bras\u00edlia, no \u00faltimo final de semana (3). Os documentos protocolados ser\u00e3o analisados pelo MEC, levando em conta os projetos de expans\u00e3o da rede federal e quest\u00f5es or\u00e7ament\u00e1rias. O prefeito Robson Magela foi representado pela secret\u00e1ria municipal de Educa\u00e7\u00e3o, Zulma Moreira, e tamb\u00e9m fizeram parte da comitiva o deputado estadual Bosco, o reitor do Uniarax\u00e1, Jos\u00e9 Oscar de Melo, os vereadores Raphael Rios e Professora Leni Nobre, o advogado Carlos Orlandi e o professor Jales Andr\u00e9. A comitiva foi acompanhada pelo assessor Jo\u00e3o Miguel, do deputado federal Miguel \u00c2ngelo.<br><\/p>\n","protected":false},"excerpt":{"rendered":"<p>Uma comitiva de Arax\u00e1 apresentou projetos de inten\u00e7\u00e3o para viabilizar um campus universit\u00e1rio federal para a cidade durante uma reuni\u00e3o<\/p>\n","protected":false},"author":2,"featured_media":5097,"comment_status":"open","ping_status":"open","sticky":false,"template":"","format":"standard","meta":{"footnotes":""},"categories":[9,11],"tags":[],"class_list":["post-5096","post","type-post","status-publish","format-standard","has-post-thumbnail","hentry","category-araxa","category-destaques"],"_links":{"self":[{"href":"http:\/\/blogdoarmindomaia.com.br\/index.php?rest_route=\/wp\/v2\/posts\/5096","targetHints":{"allow":["GET"]}}],"collection":[{"href":"http:\/\/blogdoarmindomaia.com.br\/index.php?rest_route=\/wp\/v2\/posts"}],"about":[{"href":"http:\/\/blogdoarmindomaia.com.br\/index.php?rest_route=\/wp\/v2\/types\/post"}],"author":[{"embeddable":true,"href":"http:\/\/blogdoarmindomaia.com.br\/index.php?rest_route=\/wp\/v2\/users\/2"}],"replies":[{"embeddable":true,"href":"http:\/\/blogdoarmindomaia.com.br\/index.php?rest_route=%2Fwp%2Fv2%2Fcomments&post=5096"}],"version-history":[{"count":1,"href":"http:\/\/blogdoarmindomaia.com.br\/index.php?rest_route=\/wp\/v2\/posts\/5096\/revisions"}],"predecessor-version":[{"id":5098,"href":"http:\/\/blogdoarmindomaia.com.br\/index.php?rest_route=\/wp\/v2\/posts\/5096\/revisions\/5098"}],"wp:featuredmedia":[{"embeddable":true,"href":"http:\/\/blogdoarmindomaia.com.br\/index.php?rest_route=\/wp\/v2\/media\/5097"}],"wp:attachment":[{"href":"http:\/\/blogdoarmindomaia.com.br\/index.php?rest_route=%2Fwp%2Fv2%2Fmedia&parent=5096"}],"wp:term":[{"taxonomy":"category","embeddable":true,"href":"http:\/\/blogdoarmindomaia.com.br\/index.php?rest_route=%2Fwp%2Fv2%2Fcategories&post=5096"},{"taxonomy":"post_tag","embeddable":true,"href":"http:\/\/blogdoarmindomaia.com.br\/index.php?rest_route=%2Fwp%2Fv2%2Ftags&post=5096"}],"curies":[{"name":"wp","href":"https:\/\/api.w.org\/{rel}","templated":true}]}}