{"id":5099,"date":"2023-05-11T14:28:47","date_gmt":"2023-05-11T17:28:47","guid":{"rendered":"http:\/\/blogdoarmindomaia.com.br\/?p=5099"},"modified":"2023-05-11T14:28:49","modified_gmt":"2023-05-11T17:28:49","slug":"araxa-esta-com-inscricoes-abertas-para-o-3o-festival-paralimpico-brasileiro","status":"publish","type":"post","link":"http:\/\/blogdoarmindomaia.com.br\/?p=5099","title":{"rendered":"Arax\u00e1 est\u00e1 com inscri\u00e7\u00f5es abertas para o 3\u00ba Festival Paral\u00edmpico Brasileiro"},"content":{"rendered":"\n<figure class=\"wp-block-image size-full is-style-default\"><img loading=\"lazy\" decoding=\"async\" width=\"1024\" height=\"683\" src=\"http:\/\/blogdoarmindomaia.com.br\/wp-content\/uploads\/2023\/05\/3o-Festival-Paralimpico-Brasileiro.jpeg\" alt=\"\" class=\"wp-image-5100\" srcset=\"http:\/\/blogdoarmindomaia.com.br\/wp-content\/uploads\/2023\/05\/3o-Festival-Paralimpico-Brasileiro.jpeg 1024w, http:\/\/blogdoarmindomaia.com.br\/wp-content\/uploads\/2023\/05\/3o-Festival-Paralimpico-Brasileiro-300x200.jpeg 300w, http:\/\/blogdoarmindomaia.com.br\/wp-content\/uploads\/2023\/05\/3o-Festival-Paralimpico-Brasileiro-768x512.jpeg 768w\" sizes=\"auto, (max-width: 1024px) 100vw, 1024px\" \/><\/figure>\n\n\n\n<p>Esporte e inclus\u00e3o! Arax\u00e1 vai sediar pelo terceiro ano consecutivo o Festival Paral\u00edmpico Brasileiro, destinado a crian\u00e7as e adolescentes de 8 a 17 anos. O evento acontece no dia 20 de maio, na Pra\u00e7a da Juventude, no bairro Urciano Lemos, com organiza\u00e7\u00e3o da Secretaria Municipal de Esportes, por meio da Assessoria de Esportes Especializados.<br><br>O festival \u00e9 promovido pelo Comit\u00ea Paral\u00edmpico Brasileiro e acontece em 70 cidades-sedes do pa\u00eds para celebrar o Dia Nacional do Atleta Paral\u00edmpico. O objetivo \u00e9 proporcionar aos participantes a inclus\u00e3o, a viv\u00eancia, a experi\u00eancia e socializa\u00e7\u00e3o de crian\u00e7as com ou sem defici\u00eancia por meio dos esportes paral\u00edmpicos.<br><br>O festival possui quatro modalidades paral\u00edmpicas, sendo atletismo, bocha, goalball e voleibol sentado. Em 2023, o evento ser\u00e1 realizado em duas etapas, sendo uma no dia 20 de maio, e a segunda em 23 de setembro.<br><br>De acordo com secret\u00e1rio municipal de Esportes, Jos\u00e9 Antunes Soares J\u00fanior (Ded\u00e9), \u00e9 de enorme import\u00e2ncia o papel da Administra\u00e7\u00e3o Municipal em proporcionar a crian\u00e7as e adolescentes um evento esportivo de abrang\u00eancia nacional.<br><br>\u201c\u00c9 com muita alegria que recebemos mais uma vez em nossa cidade o Festival Paral\u00edmpico Brasileiro, um momento de inclus\u00e3o social extremamente necess\u00e1rio para o p\u00fablico-alvo, al\u00e9m de conhecerem novas modalidades no evento\u201d, destaca.<br><br><strong>Inscri\u00e7\u00f5es<\/strong><br><br>As inscri\u00e7\u00f5es est\u00e3o abertas e podem ser realizadas na sede da Assessoria Municipal de Esportes Especializados, na Pra\u00e7a da Juventude &#8211; avenida Ant\u00f4nio Afonso do Vale, s\/n, bairro Urciano Lemos. O hor\u00e1rio de atendimento \u00e9 de segunda a sexta-feira, das 8h \u00e0s 12h e das 14h \u00e0s 18h.<br><br>P\u00fablico: Crian\u00e7as e adolescentes de 8 a 17 anos com ou sem defici\u00eancia, praticantes ou n\u00e3o de esportes paral\u00edmpicos. A inscri\u00e7\u00e3o dever\u00e1 ser feita por um respons\u00e1vel (adulto) pela crian\u00e7a \/ adolescente. S\u00e3o necess\u00e1rios documentos pessoais do menor e do respons\u00e1vel.<br><strong><br>3\u00ba Festival Paral\u00edmpico Brasileiro<\/strong><br><br>&#8211; Modalidades: atletismo, bocha, goalball e voleibol sentado;<br><br>&#8211; P\u00fablico alvo: crian\u00e7as e adolescentes de 8 a 17 anos;<br><br>&#8211; Data do evento: 20 de setembro de 2023;<br><br>&#8211; Local: Pra\u00e7a da Juventude &#8211; av. Ant\u00f4nio Afonso Vale, s\/n, Urciano Lemos;<br><br>&#8211; Hor\u00e1rio: 8h30 \u00e0s 12h;<br><br>&#8211; Mais informa\u00e7\u00f5es: (34) 3669-8055.<br><\/p>\n","protected":false},"excerpt":{"rendered":"<p>Esporte e inclus\u00e3o! Arax\u00e1 vai sediar pelo terceiro ano consecutivo o Festival Paral\u00edmpico Brasileiro, destinado a crian\u00e7as e adolescentes de<\/p>\n","protected":false},"author":2,"featured_media":5100,"comment_status":"open","ping_status":"open","sticky":false,"template":"","format":"standard","meta":{"footnotes":""},"categories":[9,11,15],"tags":[],"class_list":["post-5099","post","type-post","status-publish","format-standard","has-post-thumbnail","hentry","category-araxa","category-destaques","category-esportes"],"_links":{"self":[{"href":"http:\/\/blogdoarmindomaia.com.br\/index.php?rest_route=\/wp\/v2\/posts\/5099","targetHints":{"allow":["GET"]}}],"collection":[{"href":"http:\/\/blogdoarmindomaia.com.br\/index.php?rest_route=\/wp\/v2\/posts"}],"about":[{"href":"http:\/\/blogdoarmindomaia.com.br\/index.php?rest_route=\/wp\/v2\/types\/post"}],"author":[{"embeddable":true,"href":"http:\/\/blogdoarmindomaia.com.br\/index.php?rest_route=\/wp\/v2\/users\/2"}],"replies":[{"embeddable":true,"href":"http:\/\/blogdoarmindomaia.com.br\/index.php?rest_route=%2Fwp%2Fv2%2Fcomments&post=5099"}],"version-history":[{"count":1,"href":"http:\/\/blogdoarmindomaia.com.br\/index.php?rest_route=\/wp\/v2\/posts\/5099\/revisions"}],"predecessor-version":[{"id":5101,"href":"http:\/\/blogdoarmindomaia.com.br\/index.php?rest_route=\/wp\/v2\/posts\/5099\/revisions\/5101"}],"wp:featuredmedia":[{"embeddable":true,"href":"http:\/\/blogdoarmindomaia.com.br\/index.php?rest_route=\/wp\/v2\/media\/5100"}],"wp:attachment":[{"href":"http:\/\/blogdoarmindomaia.com.br\/index.php?rest_route=%2Fwp%2Fv2%2Fmedia&parent=5099"}],"wp:term":[{"taxonomy":"category","embeddable":true,"href":"http:\/\/blogdoarmindomaia.com.br\/index.php?rest_route=%2Fwp%2Fv2%2Fcategories&post=5099"},{"taxonomy":"post_tag","embeddable":true,"href":"http:\/\/blogdoarmindomaia.com.br\/index.php?rest_route=%2Fwp%2Fv2%2Ftags&post=5099"}],"curies":[{"name":"wp","href":"https:\/\/api.w.org\/{rel}","templated":true}]}}