{"id":512,"date":"2022-04-29T19:19:57","date_gmt":"2022-04-29T22:19:57","guid":{"rendered":"http:\/\/blogdoarmindomaia.com.br\/?p=512"},"modified":"2022-04-29T19:20:00","modified_gmt":"2022-04-29T22:20:00","slug":"prefeitura-de-araxa-disponibiliza-mais-de-40-servicos-gratuitos-a-populacao-neste-sabado-no-bairro-boa-vista","status":"publish","type":"post","link":"http:\/\/blogdoarmindomaia.com.br\/?p=512","title":{"rendered":"Prefeitura de Arax\u00e1 disponibiliza mais de 40 servi\u00e7os gratuitos \u00e0 popula\u00e7\u00e3o neste s\u00e1bado no bairro Boa Vista"},"content":{"rendered":"\n<p><\/p>\n\n\n\n<figure class=\"wp-block-image size-full is-style-default\"><img loading=\"lazy\" decoding=\"async\" width=\"1024\" height=\"683\" src=\"http:\/\/blogdoarmindomaia.com.br\/wp-content\/uploads\/2022\/04\/prefeitura-no-bairro-4.jpg\" alt=\"\" class=\"wp-image-513\" srcset=\"http:\/\/blogdoarmindomaia.com.br\/wp-content\/uploads\/2022\/04\/prefeitura-no-bairro-4.jpg 1024w, http:\/\/blogdoarmindomaia.com.br\/wp-content\/uploads\/2022\/04\/prefeitura-no-bairro-4-300x200.jpg 300w, http:\/\/blogdoarmindomaia.com.br\/wp-content\/uploads\/2022\/04\/prefeitura-no-bairro-4-768x512.jpg 768w\" sizes=\"auto, (max-width: 1024px) 100vw, 1024px\" \/><\/figure>\n\n\n\n<p>Um governo mais participativo e democr\u00e1tico. A 2\u00aa edi\u00e7\u00e3o do programa Prefeitura no Bairro acontece neste s\u00e1bado (30) na Escola Municipal Auxiliadora Paiva, das 8h \u00e0s 12h (entrada pelo gin\u00e1sio). Moradores dos bairros Boa Vista, S\u00e3o Domingos e toda a Regi\u00e3o Oeste ter\u00e3o \u00e0 disposi\u00e7\u00e3o mais de 40 servi\u00e7os gratuitos oferecidos pelo munic\u00edpio. O objetivo \u00e9 levar a\u00e7\u00f5es e projetos da Administra\u00e7\u00e3o Municipal mais pr\u00f3ximo ao cidad\u00e3o e tornar mais eficiente as estrat\u00e9gias para solu\u00e7\u00e3o dos desafios da gest\u00e3o p\u00fablica.<\/p>\n\n\n\n<p>Emiss\u00e3o da 1\u00aa via de identidade, vacina\u00e7\u00e3o contra a gripe e Covid (para a receber a aplica\u00e7\u00e3o \u00e9 imprescind\u00edvel a apresenta\u00e7\u00e3o de documentos pessoais e cart\u00e3o de vacina), acesso a programas sociais (Renda B\u00e1sica, Alimentando Quem Precisa, M\u00e3os \u00e0 Obra, Belo Banho, Aux\u00edlio Moradia para mulheres v\u00edtimas de viol\u00eancia dom\u00e9stica), orienta\u00e7\u00e3o para a abertura de empresas, atividades esportivas e muitos outros projetos desenvolvidos pela Prefeitura de Arax\u00e1.<\/p>\n\n\n\n<p>Por meio de um canal de comunica\u00e7\u00e3o direto com a popula\u00e7\u00e3o, o Prefeitura no Bairro colocar\u00e1 \u00e0 disposi\u00e7\u00e3o da comunidade todo o suporte da Administra\u00e7\u00e3o Municipal, reunindo a\u00e7\u00f5es nas \u00e1reas de A\u00e7\u00e3o Social, Sa\u00fade, Seguran\u00e7a, Cidadania, Infraestrutura, Direitos Humanos, Acolhimento \u00e0 Mulher, Educa\u00e7\u00e3o, Meio Ambiente, Trabalho e Emprego, Habita\u00e7\u00e3o, Cultura, Esporte, Lazer e Agricultura. O Gabinete do Prefeito e a Secretaria Municipal de Governo tamb\u00e9m estar\u00e3o \u00e0 disposi\u00e7\u00e3o para ouvir as demandas dos cidad\u00e3os.<\/p>\n\n\n\n<p>A primeira edi\u00e7\u00e3o do programa aconteceu no dia 26 de mar\u00e7o e reuniu mais de 1.000 pessoas no N\u00facleo de Conviv\u00eancia do Bairro Bom Jesus. Os moradores destacaram a import\u00e2ncia do projeto e elogiaram a a\u00e7\u00e3o da prefeitura. O programa prev\u00ea um evento peri\u00f3dico, uma vez por m\u00eas, e contemplar\u00e1 todas as regi\u00f5es da cidade.<\/p>\n\n\n\n<p><strong>2\u00aa Edi\u00e7\u00e3o Prefeitura no Bairro<br><\/strong>Dia: S\u00e1bado \u2013 30\/04<br>Local: Escola Municipal Auxiliadora Paiva (entrada pelo gin\u00e1sio)<br>Endere\u00e7o: R. Jos\u00e9 de Andrade Freitas, 350 &#8211; S\u00e3o Domingos<br>Hor\u00e1rio: 8h \u00e0s 12h<br>Principais servi\u00e7os que ser\u00e3o oferecidos \u00e0 popula\u00e7\u00e3o<\/p>\n\n\n\n<p><strong>GABINETE DO PREFEITO E SECRETARIA DE GOVERNO<br><\/strong>\u2022 Atendimento<\/p>\n\n\n\n<p><strong>SA\u00daDE<br><\/strong>\u2022 Vacina\u00e7\u00e3o contra a Covid-19;<br>\u2022 Orienta\u00e7\u00e3o Nutricional;<br>\u2022 Atualiza\u00e7\u00e3o do Cart\u00e3o do SUS;<br>\u2022 Orienta\u00e7\u00f5es sobre Sa\u00fade da Mulher;<br>\u2022 Aferi\u00e7\u00e3o de press\u00e3o arterial;<br>\u2022 Orienta\u00e7\u00e3o Postural.<\/p>\n\n\n\n<p><strong>SOCIAL<br><\/strong>\u2022 Informa\u00e7\u00f5es e Cadastro de Programa M\u00e3os \u00e0 Obra;<br>\u2022 Cadastro do Programa Planta Popular (Habitacional);<br>\u2022 Atualiza\u00e7\u00e3o do Cadastro \u00danico;<br>\u2022 Cadastro do Programa Renda B\u00e1sica;<br>\u2022 Orienta\u00e7\u00e3o do ID Jovem;<br>\u2022 Atendimento e Acolhimento \u00e0 Mulher;<br>\u2022 Doa\u00e7\u00e3o de Mudas (Pequeno Jardineiro);<br>\u2022 Cadastro Acessuas e Confec\u00e7\u00e3o de Curr\u00edculos.<\/p>\n\n\n\n<p><strong>PROCON<br><\/strong>\u2022 Atendimento ao p\u00fablico para reclama\u00e7\u00f5es relativas ao consumo, finan\u00e7as, telefonia e outras.<\/p>\n\n\n\n<p><strong>SINE<\/strong><br>\u2022 Atendimento sobre vagas de emprego e cadastro de trabalhadores.<\/p>\n\n\n\n<p><strong>DESENVOLVIMENTO ECON\u00d4MICO<br><\/strong>\u2022 Sala do Empreendedor: como abrir sua pr\u00f3pria empresa;<br>\u2022 Orienta\u00e7\u00e3o sobre o Projeto Arax\u00e1 Empreendedora;<br>\u2022 Inscri\u00e7\u00f5es para cursos de qualifica\u00e7\u00e3o e capacita\u00e7\u00e3o.<\/p>\n\n\n\n<p><strong>TURISMO<\/strong><br>\u2022 Apresenta\u00e7\u00e3o do Plano Municipal do Turismo;<br>\u2022 Amostra dos Pontos Tur\u00edsticos da cidade;<br>\u2022 Amostra de Produtos.<\/p>\n\n\n\n<p><strong>IPDSA &#8211; MEIO AMBIENTE<br><\/strong>\u2022 Recolhimento de eletroeletr\u00f4nicos (pilhas, baterias, celulares, etc);<br>\u2022 Requerimento de poda de \u00e1rvores em cal\u00e7ada;<br>\u2022 Coleta de material recicl\u00e1vel.<\/p>\n\n\n\n<p><strong>EDUCA\u00c7\u00c3O<br><\/strong>\u2022 Orienta\u00e7\u00e3o para educa\u00e7\u00e3o dos filhos;<br>\u2022 Busca ativa de crian\u00e7as de 0 a 5 anos que est\u00e3o fora da escola;<br>\u2022 Busca Ativa de Jovens e Adultos que n\u00e3o completaram o ensino fundamental;<br>\u2022 Biblioteca M\u00f3vel e Conta\u00e7\u00e3o de Hist\u00f3rias.<\/p>\n\n\n\n<p><strong>OBRAS<br><\/strong>\u2022 Apresenta\u00e7\u00e3o de Projetos das Obras da Prefeitura;<br>\u2022 Requerimento de Tapa-Buracos;<br>\u2022 Requerimento de Limpeza Urbana;<br>\u2022 Requerimento de Ilumina\u00e7\u00e3o P\u00fablica.<\/p>\n\n\n\n<p><strong>AGRICULTURA E PECU\u00c1RIA<br><\/strong>\u2022 Cadastro de Produtores;<br>\u2022 Como obter o SIM (Selo de Inspe\u00e7\u00e3o Municipal);<br>\u2022 Inscri\u00e7\u00f5es de Programas.<\/p>\n\n\n\n<p><strong>ESPORTE<\/strong><br>\u2022 Recrea\u00e7\u00e3o;<br>\u2022 Gin\u00e1stica para Terceira Idade;<br>\u2022 Dan\u00e7a (Zumba);<br>\u2022 Projeto Viva a Vida;<br>\u2022 Aula Funcional.<\/p>\n\n\n\n<p><strong>FAZENDA<br><\/strong>\u2022 Rec\u00e1lculo de parcelas atrasadas de IPTU e D\u00edvida Ativa;<br>\u2022 Emiss\u00e3o de guias de IPTU;<br>\u2022 Isen\u00e7\u00e3o de IPTU para aposentados e pensionistas;<br>\u2022 Orienta\u00e7\u00f5es tribut\u00e1rias;<br>\u2022 Orienta\u00e7\u00f5es e preenchimentos de requerimentos de isen\u00e7\u00f5es e outros.<\/p>\n\n\n\n<p><strong>SEGURAN\u00c7A P\u00daBLICA<br><\/strong>\u2022 Pr\u00e9-agendamento de emiss\u00e3o de Identidade;<br>\u2022 Emiss\u00e3o de Cart\u00e3o de Estacionamento para Idoso;<br>\u2022 Emiss\u00e3o de Estacionamento para Deficiente.<\/p>\n\n\n\n<p><strong>CULTURA<br><\/strong>\u2022 Cadastro de Artistas;<br>\u2022 Apresenta\u00e7\u00e3o Musical.<\/p>\n\n\n\n<p><strong>IPREMA<br><\/strong>\u2022 Orienta\u00e7\u00e3o Previdenci\u00e1ria (Regime Geral e Iprema).<\/p>\n\n\n\n<p><strong>VIGIL\u00c2NCIA EM SA\u00daDE<br><\/strong>\u2022 Atendimentos Cerest;<br>\u2022 Exames CTA;<br>\u2022 Orienta\u00e7\u00e3o Dengue e Animal Pe\u00e7onhentos.<\/p>\n","protected":false},"excerpt":{"rendered":"<p>Um governo mais participativo e democr\u00e1tico. A 2\u00aa edi\u00e7\u00e3o do programa Prefeitura no Bairro acontece neste s\u00e1bado (30) na Escola<\/p>\n","protected":false},"author":2,"featured_media":513,"comment_status":"open","ping_status":"open","sticky":false,"template":"","format":"standard","meta":{"footnotes":""},"categories":[9,11],"tags":[],"class_list":["post-512","post","type-post","status-publish","format-standard","has-post-thumbnail","hentry","category-araxa","category-destaques"],"_links":{"self":[{"href":"http:\/\/blogdoarmindomaia.com.br\/index.php?rest_route=\/wp\/v2\/posts\/512","targetHints":{"allow":["GET"]}}],"collection":[{"href":"http:\/\/blogdoarmindomaia.com.br\/index.php?rest_route=\/wp\/v2\/posts"}],"about":[{"href":"http:\/\/blogdoarmindomaia.com.br\/index.php?rest_route=\/wp\/v2\/types\/post"}],"author":[{"embeddable":true,"href":"http:\/\/blogdoarmindomaia.com.br\/index.php?rest_route=\/wp\/v2\/users\/2"}],"replies":[{"embeddable":true,"href":"http:\/\/blogdoarmindomaia.com.br\/index.php?rest_route=%2Fwp%2Fv2%2Fcomments&post=512"}],"version-history":[{"count":1,"href":"http:\/\/blogdoarmindomaia.com.br\/index.php?rest_route=\/wp\/v2\/posts\/512\/revisions"}],"predecessor-version":[{"id":514,"href":"http:\/\/blogdoarmindomaia.com.br\/index.php?rest_route=\/wp\/v2\/posts\/512\/revisions\/514"}],"wp:featuredmedia":[{"embeddable":true,"href":"http:\/\/blogdoarmindomaia.com.br\/index.php?rest_route=\/wp\/v2\/media\/513"}],"wp:attachment":[{"href":"http:\/\/blogdoarmindomaia.com.br\/index.php?rest_route=%2Fwp%2Fv2%2Fmedia&parent=512"}],"wp:term":[{"taxonomy":"category","embeddable":true,"href":"http:\/\/blogdoarmindomaia.com.br\/index.php?rest_route=%2Fwp%2Fv2%2Fcategories&post=512"},{"taxonomy":"post_tag","embeddable":true,"href":"http:\/\/blogdoarmindomaia.com.br\/index.php?rest_route=%2Fwp%2Fv2%2Ftags&post=512"}],"curies":[{"name":"wp","href":"https:\/\/api.w.org\/{rel}","templated":true}]}}