{"id":5120,"date":"2023-05-12T11:45:10","date_gmt":"2023-05-12T14:45:10","guid":{"rendered":"http:\/\/blogdoarmindomaia.com.br\/?p=5120"},"modified":"2023-05-12T11:45:13","modified_gmt":"2023-05-12T14:45:13","slug":"grupo-zema-comemora-exatos-100-anos-nesta-sexta-feira-12-em-evento-de-gala-em-araxa-cidade-de-sua-fundacao-e-sede","status":"publish","type":"post","link":"http:\/\/blogdoarmindomaia.com.br\/?p=5120","title":{"rendered":"Grupo Zema comemora exatos 100 anos nesta sexta-feira (12) em evento de gala em Arax\u00e1, cidade de sua funda\u00e7\u00e3o e sede"},"content":{"rendered":"\n<figure class=\"wp-block-image size-full is-style-default\"><img loading=\"lazy\" decoding=\"async\" width=\"800\" height=\"599\" src=\"http:\/\/blogdoarmindomaia.com.br\/wp-content\/uploads\/2023\/05\/zema-cda.jpg\" alt=\"\" class=\"wp-image-5121\" srcset=\"http:\/\/blogdoarmindomaia.com.br\/wp-content\/uploads\/2023\/05\/zema-cda.jpg 800w, http:\/\/blogdoarmindomaia.com.br\/wp-content\/uploads\/2023\/05\/zema-cda-300x225.jpg 300w, http:\/\/blogdoarmindomaia.com.br\/wp-content\/uploads\/2023\/05\/zema-cda-768x575.jpg 768w\" sizes=\"auto, (max-width: 800px) 100vw, 800px\" \/><\/figure>\n\n\n\n<p><em>Maior rede mineira de varejo celebra tradi\u00e7\u00e3o e futuro, se orgulha de origem familiar e j\u00e1 tra\u00e7a planos pensando nos pr\u00f3ximos 100 anos<\/em><\/p>\n\n\n\n<p><strong>S\u00e3o Paulo, 12 de maio de 2023. &nbsp;<\/strong><strong>O<\/strong> Grupo Zema, uma das marcas mais respeitadas em Minas e com novo olhar para o Brasil e expans\u00e3o digital, completa exatos 100 anos nesta sexta-feira, 12 de maio de 2023. O evento de gala que marca um s\u00e9culo da empresa ocorre \u00e0s 19h no requintado espa\u00e7o Gran Hall, em Arax\u00e1, cidade da funda\u00e7\u00e3o e sede do grupo. Ser\u00e3o 370 convidados selecionados, entre fam\u00edlia, colaboradores, ex-colaboradores, fornecedores, parceiros, entidades e imprensa. <strong><\/strong><\/p>\n\n\n\n<p>Al\u00e9m de algumas surpresas preparadas pelo grupo para a noite especial, cinquenta homenageados escolhidos a dedo como pessoas importantes na hist\u00f3ria da empresa ir\u00e3o receber a Medalha M\u00e9rito Ricardo Zema. O auge da festa ser\u00e1 o lan\u00e7amento oficial do document\u00e1rio Grupo Zema 100 anos. \u201cDesafios e conquistas marcaram este s\u00e9culo e, para come\u00e7ar o pr\u00f3ximo com tudo, \u00e9 necess\u00e1rio agora celebrar, com as pessoas, com toda energia e positividade essa rica hist\u00f3ria\u201d, afirma o Head de Marketing e E-commerce, Bruno Ferreira, um dos respons\u00e1veis pela organiza\u00e7\u00e3o do evento.<\/p>\n\n\n\n<p>Fundado em Arax\u00e1 em 12 de maio de 1923 pelo imigrante italiano Domingos Zema e com rica hist\u00f3ria de compromisso com a economia regional, a companhia une solidez de uma gest\u00e3o pautada em valores inegoci\u00e1veis e no jeito mineiro. Al\u00e9m do investimento de R$ 5 milh\u00f5es em a\u00e7\u00f5es para a data, o grupo tem como principal foco investir em tecnologias para todos os seus neg\u00f3cios, construindo um ecossistema pautada na multicanalidade e com avan\u00e7o do digital.<\/p>\n\n\n\n<p><strong>Sobre o Grupo<\/strong><\/p>\n\n\n\n<p>Com 5.100 funcion\u00e1rios diretos em seis estados, o Grupo Zema tem 80% do seu faturamento em Minas Gerais e atua em mais de 16 estados, por meio de 470 lojas, parceiros e correspondentes da Zema Financeira e do Cons\u00f3rcio Zema. Com o Zema.com, o e-commerce j\u00e1 abrange todo o territ\u00f3rio nacional, tendo atendido em 2022 mais de 3.600 munic\u00edpios com entregas de compras feitas pelo site de ponta a ponta do pa\u00eds. Maior rede mineira de varejo e h\u00e1 23 anos com o selo Great Place To Work, o grupo faturou R$ 2,2 bilh\u00f5es em 2022 e j\u00e1 projeta chegar a R$ 2,5 bilh\u00f5es em 2023. Saiba mais sobre a hist\u00f3ria: <a href=\"https:\/\/portal.zema.com\/nossa-historia\/\">Portal Zema &#8211; Nossa Hist\u00f3ria<\/a><strong> <\/strong><strong><em>&nbsp;<\/em><\/strong><\/p>\n\n\n\n<p><strong><u>Corporate Affairs, Press &amp; PR<\/u><\/strong><\/p>\n","protected":false},"excerpt":{"rendered":"<p>Maior rede mineira de varejo celebra tradi\u00e7\u00e3o e futuro, se orgulha de origem familiar e j\u00e1 tra\u00e7a planos pensando nos<\/p>\n","protected":false},"author":2,"featured_media":5121,"comment_status":"open","ping_status":"open","sticky":false,"template":"","format":"standard","meta":{"footnotes":""},"categories":[9,11],"tags":[],"class_list":["post-5120","post","type-post","status-publish","format-standard","has-post-thumbnail","hentry","category-araxa","category-destaques"],"_links":{"self":[{"href":"http:\/\/blogdoarmindomaia.com.br\/index.php?rest_route=\/wp\/v2\/posts\/5120","targetHints":{"allow":["GET"]}}],"collection":[{"href":"http:\/\/blogdoarmindomaia.com.br\/index.php?rest_route=\/wp\/v2\/posts"}],"about":[{"href":"http:\/\/blogdoarmindomaia.com.br\/index.php?rest_route=\/wp\/v2\/types\/post"}],"author":[{"embeddable":true,"href":"http:\/\/blogdoarmindomaia.com.br\/index.php?rest_route=\/wp\/v2\/users\/2"}],"replies":[{"embeddable":true,"href":"http:\/\/blogdoarmindomaia.com.br\/index.php?rest_route=%2Fwp%2Fv2%2Fcomments&post=5120"}],"version-history":[{"count":1,"href":"http:\/\/blogdoarmindomaia.com.br\/index.php?rest_route=\/wp\/v2\/posts\/5120\/revisions"}],"predecessor-version":[{"id":5122,"href":"http:\/\/blogdoarmindomaia.com.br\/index.php?rest_route=\/wp\/v2\/posts\/5120\/revisions\/5122"}],"wp:featuredmedia":[{"embeddable":true,"href":"http:\/\/blogdoarmindomaia.com.br\/index.php?rest_route=\/wp\/v2\/media\/5121"}],"wp:attachment":[{"href":"http:\/\/blogdoarmindomaia.com.br\/index.php?rest_route=%2Fwp%2Fv2%2Fmedia&parent=5120"}],"wp:term":[{"taxonomy":"category","embeddable":true,"href":"http:\/\/blogdoarmindomaia.com.br\/index.php?rest_route=%2Fwp%2Fv2%2Fcategories&post=5120"},{"taxonomy":"post_tag","embeddable":true,"href":"http:\/\/blogdoarmindomaia.com.br\/index.php?rest_route=%2Fwp%2Fv2%2Ftags&post=5120"}],"curies":[{"name":"wp","href":"https:\/\/api.w.org\/{rel}","templated":true}]}}