{"id":5126,"date":"2023-05-15T11:02:48","date_gmt":"2023-05-15T14:02:48","guid":{"rendered":"http:\/\/blogdoarmindomaia.com.br\/?p=5126"},"modified":"2023-05-15T11:02:51","modified_gmt":"2023-05-15T14:02:51","slug":"iniciada-a-construcao-do-cemei-terezinha-cortes","status":"publish","type":"post","link":"http:\/\/blogdoarmindomaia.com.br\/?p=5126","title":{"rendered":"Iniciada a constru\u00e7\u00e3o do Cemei Terezinha C\u00f4rtes"},"content":{"rendered":"\n<figure class=\"wp-block-image size-full is-style-default\"><img loading=\"lazy\" decoding=\"async\" width=\"1024\" height=\"683\" src=\"http:\/\/blogdoarmindomaia.com.br\/wp-content\/uploads\/2023\/05\/Cemei-Terezinha-Cortes-5.jpeg\" alt=\"\" class=\"wp-image-5127\" srcset=\"http:\/\/blogdoarmindomaia.com.br\/wp-content\/uploads\/2023\/05\/Cemei-Terezinha-Cortes-5.jpeg 1024w, http:\/\/blogdoarmindomaia.com.br\/wp-content\/uploads\/2023\/05\/Cemei-Terezinha-Cortes-5-300x200.jpeg 300w, http:\/\/blogdoarmindomaia.com.br\/wp-content\/uploads\/2023\/05\/Cemei-Terezinha-Cortes-5-768x512.jpeg 768w\" sizes=\"auto, (max-width: 1024px) 100vw, 1024px\" \/><\/figure>\n\n\n\n<p>A Prefeitura de Arax\u00e1 est\u00e1 executando a constru\u00e7\u00e3o do Centro Municipal de Educa\u00e7\u00e3o Infantil (Cemei) Terezinha C\u00f4rtes, no bairro Jardim Europa. A futura unidade vai atender cerca 160 crian\u00e7as de 4 meses a 5 anos.<br><br>O Cemei est\u00e1 sendo constru\u00eddo em uma \u00e1rea de 4.550 m\u00b2 e vai contar com oito salas multiuso, salas com sol\u00e1rio, frald\u00e1rio, ilumina\u00e7\u00e3o em LED, acessibilidade, cozinha e sala de professores.<br><br>A secret\u00e1ria municipal de Educa\u00e7\u00e3o, Zulma Moreira, destaca que o futuro Cemei atende uma antiga demanda da regi\u00e3o de moradores da regi\u00e3o do Jardim Europa. \u201c\u00c9 um local que est\u00e1 crescendo e se desenvolvendo. Ent\u00e3o a constru\u00e7\u00e3o de uma creche p\u00fablica era uma das principais reivindica\u00e7\u00f5es naquele setor, e que agora a atual gest\u00e3o est\u00e1 atendendo\u201d, diz.<br><br>De acordo com o prefeito Robson Magela, a constru\u00e7\u00e3o do Cemei Terezinha C\u00f4rtes possibilita uma educa\u00e7\u00e3o de mais qualidade para a comunidade escolar e mais seguran\u00e7a para as fam\u00edlias. \u201cA constru\u00e7\u00e3o dessa creche no Jardim Europa era mais um sonho e que vai atender v\u00e1rias crian\u00e7as. A regi\u00e3o n\u00e3o tinha uma creche e os pais precisam buscar vagas em outros bairros. Mas, em breve, essa realidade ser\u00e1 outra\u201d, conclui.<\/p>\n","protected":false},"excerpt":{"rendered":"<p>A Prefeitura de Arax\u00e1 est\u00e1 executando a constru\u00e7\u00e3o do Centro Municipal de Educa\u00e7\u00e3o Infantil (Cemei) Terezinha C\u00f4rtes, no bairro Jardim<\/p>\n","protected":false},"author":2,"featured_media":5127,"comment_status":"open","ping_status":"open","sticky":false,"template":"","format":"standard","meta":{"footnotes":""},"categories":[9,13],"tags":[],"class_list":["post-5126","post","type-post","status-publish","format-standard","has-post-thumbnail","hentry","category-araxa","category-educacao"],"_links":{"self":[{"href":"http:\/\/blogdoarmindomaia.com.br\/index.php?rest_route=\/wp\/v2\/posts\/5126","targetHints":{"allow":["GET"]}}],"collection":[{"href":"http:\/\/blogdoarmindomaia.com.br\/index.php?rest_route=\/wp\/v2\/posts"}],"about":[{"href":"http:\/\/blogdoarmindomaia.com.br\/index.php?rest_route=\/wp\/v2\/types\/post"}],"author":[{"embeddable":true,"href":"http:\/\/blogdoarmindomaia.com.br\/index.php?rest_route=\/wp\/v2\/users\/2"}],"replies":[{"embeddable":true,"href":"http:\/\/blogdoarmindomaia.com.br\/index.php?rest_route=%2Fwp%2Fv2%2Fcomments&post=5126"}],"version-history":[{"count":1,"href":"http:\/\/blogdoarmindomaia.com.br\/index.php?rest_route=\/wp\/v2\/posts\/5126\/revisions"}],"predecessor-version":[{"id":5128,"href":"http:\/\/blogdoarmindomaia.com.br\/index.php?rest_route=\/wp\/v2\/posts\/5126\/revisions\/5128"}],"wp:featuredmedia":[{"embeddable":true,"href":"http:\/\/blogdoarmindomaia.com.br\/index.php?rest_route=\/wp\/v2\/media\/5127"}],"wp:attachment":[{"href":"http:\/\/blogdoarmindomaia.com.br\/index.php?rest_route=%2Fwp%2Fv2%2Fmedia&parent=5126"}],"wp:term":[{"taxonomy":"category","embeddable":true,"href":"http:\/\/blogdoarmindomaia.com.br\/index.php?rest_route=%2Fwp%2Fv2%2Fcategories&post=5126"},{"taxonomy":"post_tag","embeddable":true,"href":"http:\/\/blogdoarmindomaia.com.br\/index.php?rest_route=%2Fwp%2Fv2%2Ftags&post=5126"}],"curies":[{"name":"wp","href":"https:\/\/api.w.org\/{rel}","templated":true}]}}