{"id":5131,"date":"2023-05-15T11:09:12","date_gmt":"2023-05-15T14:09:12","guid":{"rendered":"http:\/\/blogdoarmindomaia.com.br\/?p=5131"},"modified":"2023-05-15T11:09:14","modified_gmt":"2023-05-15T14:09:14","slug":"fundacao-da-crianca-e-do-adolescente-participa-de-oficinas-de-preparacao-a-adocao","status":"publish","type":"post","link":"http:\/\/blogdoarmindomaia.com.br\/?p=5131","title":{"rendered":"Funda\u00e7\u00e3o da Crian\u00e7a e do Adolescente participa de oficinas de prepara\u00e7\u00e3o \u00e0 ado\u00e7\u00e3o"},"content":{"rendered":"\n<figure class=\"wp-block-image size-full is-style-default\"><img loading=\"lazy\" decoding=\"async\" width=\"635\" height=\"325\" src=\"http:\/\/blogdoarmindomaia.com.br\/wp-content\/uploads\/2023\/05\/Fundacao-da-Crianca-e-do-Adolescente-participa-de-oficinas-pag-03.jpeg\" alt=\"\" class=\"wp-image-5132\" srcset=\"http:\/\/blogdoarmindomaia.com.br\/wp-content\/uploads\/2023\/05\/Fundacao-da-Crianca-e-do-Adolescente-participa-de-oficinas-pag-03.jpeg 635w, http:\/\/blogdoarmindomaia.com.br\/wp-content\/uploads\/2023\/05\/Fundacao-da-Crianca-e-do-Adolescente-participa-de-oficinas-pag-03-300x154.jpeg 300w\" sizes=\"auto, (max-width: 635px) 100vw, 635px\" \/><\/figure>\n\n\n\n<p>A Funda\u00e7\u00e3o da Crian\u00e7a e do Adolescente de Arax\u00e1 (FCAA) participou no in\u00edcio deste m\u00eas de maio das oficinas de prepara\u00e7\u00e3o \u00e0 ado\u00e7\u00e3o realizadas pelo Poder Judici\u00e1rio, em parceria com o Grupo de Apoio \u00e0 Ado\u00e7\u00e3o Aquecendo Vidas, com o objetivo de preparar os postulantes para uma ado\u00e7\u00e3o legal, segura e permanente.<br><br>O Grupo Aquecendo Vidas \u00e9 composto por volunt\u00e1rios que atuam na promo\u00e7\u00e3o do direito \u00e0 conviv\u00eancia familiar e comunit\u00e1ria de crian\u00e7as e adolescentes acolhidos. A contribui\u00e7\u00e3o das t\u00e9cnicas do acolhimento \u00e9 fundamental para que a ado\u00e7\u00e3o seja bem-sucedida.<br><br>A presidente da FCAA, Taciana Almeida, afirma que a oficina trabalha a realidade da ado\u00e7\u00e3o, com seus benef\u00edcios e desafios. \u201cA oficina traz um pouco do perfil dos acolhidos, dos in\u00fameros desafios de uma ado\u00e7\u00e3o, do direito da crian\u00e7a e do adolescente estar em fam\u00edlia e de todo afeto e convic\u00e7\u00e3o necess\u00e1rios para que a ado\u00e7\u00e3o aconte\u00e7a\u201d, explica.<br><\/p>\n","protected":false},"excerpt":{"rendered":"<p>A Funda\u00e7\u00e3o da Crian\u00e7a e do Adolescente de Arax\u00e1 (FCAA) participou no in\u00edcio deste m\u00eas de maio das oficinas de<\/p>\n","protected":false},"author":2,"featured_media":5132,"comment_status":"open","ping_status":"open","sticky":false,"template":"","format":"standard","meta":{"footnotes":""},"categories":[9,11],"tags":[],"class_list":["post-5131","post","type-post","status-publish","format-standard","has-post-thumbnail","hentry","category-araxa","category-destaques"],"_links":{"self":[{"href":"http:\/\/blogdoarmindomaia.com.br\/index.php?rest_route=\/wp\/v2\/posts\/5131","targetHints":{"allow":["GET"]}}],"collection":[{"href":"http:\/\/blogdoarmindomaia.com.br\/index.php?rest_route=\/wp\/v2\/posts"}],"about":[{"href":"http:\/\/blogdoarmindomaia.com.br\/index.php?rest_route=\/wp\/v2\/types\/post"}],"author":[{"embeddable":true,"href":"http:\/\/blogdoarmindomaia.com.br\/index.php?rest_route=\/wp\/v2\/users\/2"}],"replies":[{"embeddable":true,"href":"http:\/\/blogdoarmindomaia.com.br\/index.php?rest_route=%2Fwp%2Fv2%2Fcomments&post=5131"}],"version-history":[{"count":1,"href":"http:\/\/blogdoarmindomaia.com.br\/index.php?rest_route=\/wp\/v2\/posts\/5131\/revisions"}],"predecessor-version":[{"id":5133,"href":"http:\/\/blogdoarmindomaia.com.br\/index.php?rest_route=\/wp\/v2\/posts\/5131\/revisions\/5133"}],"wp:featuredmedia":[{"embeddable":true,"href":"http:\/\/blogdoarmindomaia.com.br\/index.php?rest_route=\/wp\/v2\/media\/5132"}],"wp:attachment":[{"href":"http:\/\/blogdoarmindomaia.com.br\/index.php?rest_route=%2Fwp%2Fv2%2Fmedia&parent=5131"}],"wp:term":[{"taxonomy":"category","embeddable":true,"href":"http:\/\/blogdoarmindomaia.com.br\/index.php?rest_route=%2Fwp%2Fv2%2Fcategories&post=5131"},{"taxonomy":"post_tag","embeddable":true,"href":"http:\/\/blogdoarmindomaia.com.br\/index.php?rest_route=%2Fwp%2Fv2%2Ftags&post=5131"}],"curies":[{"name":"wp","href":"https:\/\/api.w.org\/{rel}","templated":true}]}}