{"id":5134,"date":"2023-05-15T11:14:32","date_gmt":"2023-05-15T14:14:32","guid":{"rendered":"http:\/\/blogdoarmindomaia.com.br\/?p=5134"},"modified":"2023-05-15T11:14:34","modified_gmt":"2023-05-15T14:14:34","slug":"sucesso-de-publico-marca-a-volta-do-cine-familia-na-praca-em-araxa","status":"publish","type":"post","link":"http:\/\/blogdoarmindomaia.com.br\/?p=5134","title":{"rendered":"Sucesso de p\u00fablico marca a volta do Cine Fam\u00edlia na Pra\u00e7a em Arax\u00e1"},"content":{"rendered":"\n\n\n<p>O p\u00e1tio da Funda\u00e7\u00e3o Cultural Calmon Barreto, em Arax\u00e1, foi palco de mais uma edi\u00e7\u00e3o do &#8220;Cine Fam\u00edlia na Pra\u00e7a&#8221;, que proporcionou uma experi\u00eancia cinematogr\u00e1fica \u00fanica a c\u00e9u aberto, totalmente gratuita. Cerca de 1.100 espectadores assistiram no \u00faltimo dia 11 de maio, a dois sucessos nacionais: &#8220;Turma da M\u00f4nica: La\u00e7os&#8221; e \u201cD.P.A.3 \u2013 Uma Aventura no Fim do Mundo\u201d.<\/p>\n\n\n\n<p>Al\u00e9m dos filmes, as fam\u00edlias se impressionaram com o tamanho da tela, a qualidade de imagem e som, com as passarelas em tapete vermelho e ilumina\u00e7\u00e3o c\u00eanica que transformaram o ambiente em um cinema a c\u00e9u aberto.<\/p>\n\n\n\n<p>O evento foi realizado pela Moinho Cultural com apoio da Prefeitura de Arax\u00e1, Funda\u00e7\u00e3o Cultural Calmon Barreto e patroc\u00ednio da Algar Telecom, por meio da Lei Estadual de Incentivo \u00e0 Cultura de Minas Gerais.<\/p>\n\n\n\n<p>&#8220;Estamos muito felizes com a recep\u00e7\u00e3o das pessoas. Nosso agradecimento \u00e0 Algar Telecom que, por meio da Lei Estadual de Incentivo \u00e0 Cultura, patrocina o evento desde a sua primeira edi\u00e7\u00e3o &#8211; e tamb\u00e9m aos nossos apoiadores pela confian\u00e7a. A dedica\u00e7\u00e3o e carinho de toda a equipe, desde a pr\u00e9-produ\u00e7\u00e3o, quando s\u00e3o escolhidas as cidades, at\u00e9 a programa\u00e7\u00e3o e montagem da estrutura, preparada para a exibi\u00e7\u00e3o de um filme, \u00e9 que nos permite entregar ao p\u00fablico toda esta qualidade&#8221;, afirma Marcelo Mamede, coordenador do projeto e diretor da Moinho Cultural, realizadora do evento.<\/p>\n\n\n\n<p>&#8220;O sucesso do Cine Fam\u00edlia na Pra\u00e7a se d\u00e1 por um conjunto de estrat\u00e9gias. Trabalhamos com muita anteced\u00eancia para que tudo seja uma experi\u00eancia \u00edmpar e inesquec\u00edvel. E o resultado nos d\u00e1 muita satisfa\u00e7\u00e3o e sentimento de dever cumprido. Nosso objetivo de proporcionar uma experi\u00eancia cinematogr\u00e1fica \u00fanica a c\u00e9u aberto, totalmente gratuita, com filmes de classifica\u00e7\u00e3o indicativa livre, adequados para toda fam\u00edlia curtirem juntos, supera nossas expectativas ao ver a pra\u00e7a cheia de pessoas com olhares fixos na tela para n\u00e3o perder sequer um detalhe&#8221;, comenta Marco T\u00falio Morais, diretor de programa\u00e7\u00e3o e executivo da Aproxima Patroc\u00ednios e Incentivos, correalizadora do evento.&nbsp;<\/p>\n\n\n\n<p>\u201cEventos como este fomentam a cultura na nossa cidade e trazem toda a comunidade para o estacionamento da Funda\u00e7\u00e3o, crian\u00e7as, pais e av\u00f3s. Isso tudo pra gente \u00e9 muito gratificante e apoiar todos esses projetos, sendo de lei de incentivo municipal, estadual ou federal \u00e9 muito importante para a nossa cidade\u201d, destaca Cynthia Ver\u00e7osa, presidente da Funda\u00e7\u00e3o Cultural Calmon Barreto.<\/p>\n\n\n\n<p>Para Rosiana Silva, que trabalha como volunt\u00e1ria em uma ONG, o Cine Fam\u00edlia na Pra\u00e7a superou todas as expectativas. \u201cSou volunt\u00e1ria do projeto social do Chic\u00e3o e participamos com outros volunt\u00e1rios e com as crian\u00e7as assistidas pelo projeto, desse evento maravilhoso, que para n\u00f3s foi de grande import\u00e2ncia. O Cine Fam\u00edlia na Pra\u00e7a gera inclus\u00e3o, cidadania e, com certeza, n\u00f3s e as crian\u00e7as nos sentimos muito felizes por estarmos aqui\u201d, disse.<\/p>\n","protected":false},"excerpt":{"rendered":"<p>O p\u00e1tio da Funda\u00e7\u00e3o Cultural Calmon Barreto, em Arax\u00e1, foi palco de mais uma edi\u00e7\u00e3o do &#8220;Cine Fam\u00edlia na Pra\u00e7a&#8221;,<\/p>\n","protected":false},"author":2,"featured_media":5135,"comment_status":"open","ping_status":"open","sticky":false,"template":"","format":"standard","meta":{"footnotes":""},"categories":[9,5],"tags":[],"class_list":["post-5134","post","type-post","status-publish","format-standard","has-post-thumbnail","hentry","category-araxa","category-arte-e-cultura"],"_links":{"self":[{"href":"http:\/\/blogdoarmindomaia.com.br\/index.php?rest_route=\/wp\/v2\/posts\/5134","targetHints":{"allow":["GET"]}}],"collection":[{"href":"http:\/\/blogdoarmindomaia.com.br\/index.php?rest_route=\/wp\/v2\/posts"}],"about":[{"href":"http:\/\/blogdoarmindomaia.com.br\/index.php?rest_route=\/wp\/v2\/types\/post"}],"author":[{"embeddable":true,"href":"http:\/\/blogdoarmindomaia.com.br\/index.php?rest_route=\/wp\/v2\/users\/2"}],"replies":[{"embeddable":true,"href":"http:\/\/blogdoarmindomaia.com.br\/index.php?rest_route=%2Fwp%2Fv2%2Fcomments&post=5134"}],"version-history":[{"count":1,"href":"http:\/\/blogdoarmindomaia.com.br\/index.php?rest_route=\/wp\/v2\/posts\/5134\/revisions"}],"predecessor-version":[{"id":5136,"href":"http:\/\/blogdoarmindomaia.com.br\/index.php?rest_route=\/wp\/v2\/posts\/5134\/revisions\/5136"}],"wp:featuredmedia":[{"embeddable":true,"href":"http:\/\/blogdoarmindomaia.com.br\/index.php?rest_route=\/wp\/v2\/media\/5135"}],"wp:attachment":[{"href":"http:\/\/blogdoarmindomaia.com.br\/index.php?rest_route=%2Fwp%2Fv2%2Fmedia&parent=5134"}],"wp:term":[{"taxonomy":"category","embeddable":true,"href":"http:\/\/blogdoarmindomaia.com.br\/index.php?rest_route=%2Fwp%2Fv2%2Fcategories&post=5134"},{"taxonomy":"post_tag","embeddable":true,"href":"http:\/\/blogdoarmindomaia.com.br\/index.php?rest_route=%2Fwp%2Fv2%2Ftags&post=5134"}],"curies":[{"name":"wp","href":"https:\/\/api.w.org\/{rel}","templated":true}]}}