{"id":5142,"date":"2023-05-16T11:34:24","date_gmt":"2023-05-16T14:34:24","guid":{"rendered":"http:\/\/blogdoarmindomaia.com.br\/?p=5142"},"modified":"2023-05-16T11:34:26","modified_gmt":"2023-05-16T14:34:26","slug":"saude-na-escola-contempla-60-escolas-publicas-de-araxa","status":"publish","type":"post","link":"http:\/\/blogdoarmindomaia.com.br\/?p=5142","title":{"rendered":"Sa\u00fade na Escola contempla 60 escolas p\u00fablicas de Arax\u00e1."},"content":{"rendered":"\n<figure class=\"wp-block-image size-full is-style-default\"><img loading=\"lazy\" decoding=\"async\" width=\"1024\" height=\"683\" src=\"http:\/\/blogdoarmindomaia.com.br\/wp-content\/uploads\/2023\/05\/whatsapp-image-2023-05-11-at-17-51-49.jpeg\" alt=\"\" class=\"wp-image-5143\" srcset=\"http:\/\/blogdoarmindomaia.com.br\/wp-content\/uploads\/2023\/05\/whatsapp-image-2023-05-11-at-17-51-49.jpeg 1024w, http:\/\/blogdoarmindomaia.com.br\/wp-content\/uploads\/2023\/05\/whatsapp-image-2023-05-11-at-17-51-49-300x200.jpeg 300w, http:\/\/blogdoarmindomaia.com.br\/wp-content\/uploads\/2023\/05\/whatsapp-image-2023-05-11-at-17-51-49-768x512.jpeg 768w\" sizes=\"auto, (max-width: 1024px) 100vw, 1024px\" \/><\/figure>\n\n\n\n<p>Promover sa\u00fade e prevenir doen\u00e7as. Estes s\u00e3o os principais objetivos do Programa Sa\u00fade na Escola (PSE), uma parceria da Prefeitura de Arax\u00e1 com os Minist\u00e9rios da Sa\u00fade e da Educa\u00e7\u00e3o, que busca estrat\u00e9gias para a integra\u00e7\u00e3o e a articula\u00e7\u00e3o entre as pol\u00edticas e a\u00e7\u00f5es, com a participa\u00e7\u00e3o da comunidade escolar, das equipes de Aten\u00e7\u00e3o B\u00e1sica e da Rede P\u00fablica de Educa\u00e7\u00e3o.<br><br>O programa contempla 60 escolas municipais e estaduais de Arax\u00e1. O ciclo 2023 \/ 2024 aborda em salas de aula 14 t\u00f3picos distintos em torno do tema \u201cPromo\u00e7\u00e3o \u00e0 Alimenta\u00e7\u00e3o Saud\u00e1vel e Preven\u00e7\u00e3o da Obesidade Infantil e Sa\u00fade Bucal\u201d. A novidade para este ciclo \u00e9 a inclus\u00e3o do tema Sa\u00fade Mental entre as discuss\u00f5es. Todas as tem\u00e1ticas s\u00e3o trabalhadas de acordo com a realidade de cada escola, sendo elas:<br><br>&#8211; Alimenta\u00e7\u00e3o saud\u00e1vel e preven\u00e7\u00e3o da obesidade;<br>&#8211; Promo\u00e7\u00e3o da atividade f\u00edsica;<br>&#8211; Promo\u00e7\u00e3o da cultura de paz e direitos humanos;<br>&#8211; Preven\u00e7\u00e3o das viol\u00eancias e dos acidentes;<br>&#8211; Preven\u00e7\u00e3o de doen\u00e7as negligenciadas;<br>&#8211; Preven\u00e7\u00e3o ao uso de \u00e1lcool, tabaco, e outras drogas;<br>&#8211; Preven\u00e7\u00e3o \u00e0 Covid-19;<br>&#8211; Sa\u00fade ambiental;<br>&#8211; Sa\u00fade bucal;<br>&#8211; Sa\u00fade auditiva;<br>&#8211; Sa\u00fade ocular;<br>&#8211; Sa\u00fade mental;<br>&#8211; Sa\u00fade sexual e reprodutiva e preven\u00e7\u00e3o do HIV\/IST;<br>&#8211; Verifica\u00e7\u00e3o da situa\u00e7\u00e3o vacinal.<br><br>De acordo com a secret\u00e1ria municipal de Sa\u00fade, Cristiane Pereira Gon\u00e7alves, essa a\u00e7\u00e3o traz in\u00fameras vantagens para alunos e familiares. \u201cO Programa Sa\u00fade na Escola facilita o acesso dos alunos aos profissionais da \u00e1rea. Encontrar nas crian\u00e7as o acolhimento para essas linhas de cuidado \u00e9 a certeza de integrar a educa\u00e7\u00e3o e a sa\u00fade para elas e suas fam\u00edlias. E o resultado desta integra\u00e7\u00e3o reflete em crian\u00e7as mais saud\u00e1veis e prontas para melhor aprender e crescer\u201d, afirma.<br><br>A secret\u00e1ria municipal de Educa\u00e7\u00e3o, Zulma Moreira, acrescenta que o Sa\u00fade na Escola transforma o aluno como um multiplicador de aprendizagem. \u201cO programa visa o contato e a articula\u00e7\u00e3o permanente entre a Educa\u00e7\u00e3o e a Sa\u00fade. Podemos dizer que \u00e9 uma a\u00e7\u00e3o b\u00e1sica de preven\u00e7\u00e3o \u00e0 sa\u00fade da crian\u00e7a, e que atinge tamb\u00e9m a participa\u00e7\u00e3o da fam\u00edlia, uma vez que as crian\u00e7as compartilham todos os saberes, tudo o que ela aprende na escola no sentido da cria\u00e7\u00e3o de bons h\u00e1bitos\u201d, ressalta.<\/p>\n","protected":false},"excerpt":{"rendered":"<p>Promover sa\u00fade e prevenir doen\u00e7as. Estes s\u00e3o os principais objetivos do Programa Sa\u00fade na Escola (PSE), uma parceria da Prefeitura<\/p>\n","protected":false},"author":2,"featured_media":5143,"comment_status":"open","ping_status":"open","sticky":false,"template":"","format":"standard","meta":{"footnotes":""},"categories":[11],"tags":[],"class_list":["post-5142","post","type-post","status-publish","format-standard","has-post-thumbnail","hentry","category-destaques"],"_links":{"self":[{"href":"http:\/\/blogdoarmindomaia.com.br\/index.php?rest_route=\/wp\/v2\/posts\/5142","targetHints":{"allow":["GET"]}}],"collection":[{"href":"http:\/\/blogdoarmindomaia.com.br\/index.php?rest_route=\/wp\/v2\/posts"}],"about":[{"href":"http:\/\/blogdoarmindomaia.com.br\/index.php?rest_route=\/wp\/v2\/types\/post"}],"author":[{"embeddable":true,"href":"http:\/\/blogdoarmindomaia.com.br\/index.php?rest_route=\/wp\/v2\/users\/2"}],"replies":[{"embeddable":true,"href":"http:\/\/blogdoarmindomaia.com.br\/index.php?rest_route=%2Fwp%2Fv2%2Fcomments&post=5142"}],"version-history":[{"count":1,"href":"http:\/\/blogdoarmindomaia.com.br\/index.php?rest_route=\/wp\/v2\/posts\/5142\/revisions"}],"predecessor-version":[{"id":5144,"href":"http:\/\/blogdoarmindomaia.com.br\/index.php?rest_route=\/wp\/v2\/posts\/5142\/revisions\/5144"}],"wp:featuredmedia":[{"embeddable":true,"href":"http:\/\/blogdoarmindomaia.com.br\/index.php?rest_route=\/wp\/v2\/media\/5143"}],"wp:attachment":[{"href":"http:\/\/blogdoarmindomaia.com.br\/index.php?rest_route=%2Fwp%2Fv2%2Fmedia&parent=5142"}],"wp:term":[{"taxonomy":"category","embeddable":true,"href":"http:\/\/blogdoarmindomaia.com.br\/index.php?rest_route=%2Fwp%2Fv2%2Fcategories&post=5142"},{"taxonomy":"post_tag","embeddable":true,"href":"http:\/\/blogdoarmindomaia.com.br\/index.php?rest_route=%2Fwp%2Fv2%2Ftags&post=5142"}],"curies":[{"name":"wp","href":"https:\/\/api.w.org\/{rel}","templated":true}]}}