{"id":5146,"date":"2023-05-16T11:36:57","date_gmt":"2023-05-16T14:36:57","guid":{"rendered":"http:\/\/blogdoarmindomaia.com.br\/?p=5146"},"modified":"2023-05-16T11:36:59","modified_gmt":"2023-05-16T14:36:59","slug":"bem-brasil-exibe-nova-linha-de-especialidades-na-apas-show-2023","status":"publish","type":"post","link":"http:\/\/blogdoarmindomaia.com.br\/?p=5146","title":{"rendered":"Bem Brasil exibe nova linha de especialidades na APAS Show 2023"},"content":{"rendered":"\n<figure class=\"wp-block-image size-full is-style-default\"><img loading=\"lazy\" decoding=\"async\" width=\"1024\" height=\"576\" src=\"http:\/\/blogdoarmindomaia.com.br\/wp-content\/uploads\/2023\/05\/Bem-Brasil-exibe-nova-linha-de-especialidades-na-APAS-Show-2023-pag-07.jpg\" alt=\"\" class=\"wp-image-5147\" srcset=\"http:\/\/blogdoarmindomaia.com.br\/wp-content\/uploads\/2023\/05\/Bem-Brasil-exibe-nova-linha-de-especialidades-na-APAS-Show-2023-pag-07.jpg 1024w, http:\/\/blogdoarmindomaia.com.br\/wp-content\/uploads\/2023\/05\/Bem-Brasil-exibe-nova-linha-de-especialidades-na-APAS-Show-2023-pag-07-300x169.jpg 300w, http:\/\/blogdoarmindomaia.com.br\/wp-content\/uploads\/2023\/05\/Bem-Brasil-exibe-nova-linha-de-especialidades-na-APAS-Show-2023-pag-07-768x432.jpg 768w\" sizes=\"auto, (max-width: 1024px) 100vw, 1024px\" \/><\/figure>\n\n\n\n<p>A Bem Brasil, marca l\u00edder do mercado de batatas pr\u00e9-fritas congeladas, com 47% do share nacional (acumulado em 2022 &#8212; dados Comex Stat), apresentar\u00e1 sua nova linha de especialidades na APAS Show 2023, maior feira de alimentos e bebidas das Am\u00e9ricas e maior evento supermercadista do mundo.<\/p>\n\n\n\n<p>Entre os dias 15 e 18 de maio, a Bem Brasil estar\u00e1 presente no evento com um estande pr\u00f3prio para oferecer experi\u00eancias especiais a clientes do varejo, foodservice e consumidores com degusta\u00e7\u00e3o de produtos &#8211; caso da nova linha de especialidades &#8211;&nbsp;<em>hash browns, mini hash browns<\/em>&nbsp;e dadinhos de batata com queijo.<\/p>\n\n\n\n<p>Para Jo\u00e3o Ricardo Coleoni, diretor comercial da Bem Brasil, &#8220;a APAS \u00e9 um momento \u00edmpar do ano para a empresa abrir suas portas e recepcionar clientes, al\u00e9m de alinhar expectativas para as safras de 2023\/24, que iniciam no m\u00eas de julho. Com a presen\u00e7a de toda a nossa equipe comercial, o evento traz uma oportunidade \u00fanica de estarmos mais pr\u00f3ximos dos nossos clientes, potenciais clientes e parceiros, sejam eles do Brasil ou do mercado internacional &#8211; seja para pa\u00edses para onde j\u00e1 exportamos, como Uruguai, Paraguai, Bol\u00edvia e Estados Unidos ou outros que est\u00e3o no nosso radar&#8221;.<\/p>\n\n\n\n<p>Em sua \u00faltima edi\u00e7\u00e3o, a APAS Show contou com mais de 60 mil visitantes, 819 expositores e 3 mil congressistas. Ao todo, foram movimentados R\uff04 30 milh\u00f5es em neg\u00f3cios. Logo, para a Bem Brasil, \u00e9 um momento estrat\u00e9gico de promover relacionamentos e intensificar neg\u00f3cios para a empresa.<\/p>\n\n\n\n<p>\u201cA APAS \u00e9 uma das feiras mais importantes do setor e, para a Bem Brasil, \u00e9 uma grande oportunidade de neg\u00f3cios, principalmente neste momento estrat\u00e9gico com os \u00faltimos lan\u00e7amentos que levamos ao mercado. Ao longo do evento, esperamos criar novas conex\u00f5es oferecendo produtos de alta qualidade e alto padr\u00e3o de experi\u00eancia do cliente, comprovados por diversas pesquisas de mercado\u201d, destaca D\u00eanio Oliveira, presidente da Bem Brasil.<\/p>\n\n\n\n<p>A linha de especialidades, destaque da Bem Brasil na feira, \u00e9 100% fabricada na unidade da empresa em Perdizes (MG) e apresenta diferentes sabores, formatos e texturas &#8211; inclusive alguns in\u00e9ditos no pa\u00eds. Os&nbsp;<em>hash browns,&nbsp;<\/em>por exemplo, s\u00e3o alimentos muito populares internacionalmente e a Bem Brasil est\u00e1 trazendo a novidade para o mercado nacional. J\u00e1 o dadinho, feito de batata e queijo, \u00e9 uma inova\u00e7\u00e3o da marca desenvolvida a partir de pesquisas e estudos de mercado com consumidores. \u201cA Bem Brasil j\u00e1 \u00e9 consumida amplamente em todo o pa\u00eds, tanto pelo foodservice quanto pelo varejo. Nossos produtos foram pensados para se encaixar em todos os momentos de consumo, por isso, constru\u00edmos um portf\u00f3lio s\u00f3lido, desenvolvido por uma equipe sempre atenta \u00e0s novas demandas do mercado\u201d, afirma o executivo.<\/p>\n","protected":false},"excerpt":{"rendered":"<p>A Bem Brasil, marca l\u00edder do mercado de batatas pr\u00e9-fritas congeladas, com 47% do share nacional (acumulado em 2022 &#8212;<\/p>\n","protected":false},"author":2,"featured_media":5147,"comment_status":"open","ping_status":"open","sticky":false,"template":"","format":"standard","meta":{"footnotes":""},"categories":[9,11],"tags":[],"class_list":["post-5146","post","type-post","status-publish","format-standard","has-post-thumbnail","hentry","category-araxa","category-destaques"],"_links":{"self":[{"href":"http:\/\/blogdoarmindomaia.com.br\/index.php?rest_route=\/wp\/v2\/posts\/5146","targetHints":{"allow":["GET"]}}],"collection":[{"href":"http:\/\/blogdoarmindomaia.com.br\/index.php?rest_route=\/wp\/v2\/posts"}],"about":[{"href":"http:\/\/blogdoarmindomaia.com.br\/index.php?rest_route=\/wp\/v2\/types\/post"}],"author":[{"embeddable":true,"href":"http:\/\/blogdoarmindomaia.com.br\/index.php?rest_route=\/wp\/v2\/users\/2"}],"replies":[{"embeddable":true,"href":"http:\/\/blogdoarmindomaia.com.br\/index.php?rest_route=%2Fwp%2Fv2%2Fcomments&post=5146"}],"version-history":[{"count":1,"href":"http:\/\/blogdoarmindomaia.com.br\/index.php?rest_route=\/wp\/v2\/posts\/5146\/revisions"}],"predecessor-version":[{"id":5148,"href":"http:\/\/blogdoarmindomaia.com.br\/index.php?rest_route=\/wp\/v2\/posts\/5146\/revisions\/5148"}],"wp:featuredmedia":[{"embeddable":true,"href":"http:\/\/blogdoarmindomaia.com.br\/index.php?rest_route=\/wp\/v2\/media\/5147"}],"wp:attachment":[{"href":"http:\/\/blogdoarmindomaia.com.br\/index.php?rest_route=%2Fwp%2Fv2%2Fmedia&parent=5146"}],"wp:term":[{"taxonomy":"category","embeddable":true,"href":"http:\/\/blogdoarmindomaia.com.br\/index.php?rest_route=%2Fwp%2Fv2%2Fcategories&post=5146"},{"taxonomy":"post_tag","embeddable":true,"href":"http:\/\/blogdoarmindomaia.com.br\/index.php?rest_route=%2Fwp%2Fv2%2Ftags&post=5146"}],"curies":[{"name":"wp","href":"https:\/\/api.w.org\/{rel}","templated":true}]}}