{"id":5151,"date":"2023-05-16T11:39:41","date_gmt":"2023-05-16T14:39:41","guid":{"rendered":"http:\/\/blogdoarmindomaia.com.br\/?p=5151"},"modified":"2023-05-16T11:39:43","modified_gmt":"2023-05-16T14:39:43","slug":"comite-de-enfrentamento-a-arboviroses-discute-o-combate-a-dengue","status":"publish","type":"post","link":"http:\/\/blogdoarmindomaia.com.br\/?p=5151","title":{"rendered":"Comit\u00ea de Enfrentamento \u00e0 Arboviroses discute o combate a dengue"},"content":{"rendered":"\n<figure class=\"wp-block-image size-full is-style-default\"><img loading=\"lazy\" decoding=\"async\" width=\"1024\" height=\"683\" src=\"http:\/\/blogdoarmindomaia.com.br\/wp-content\/uploads\/2023\/05\/Comite-de-Enfrentamento-a-Arboviroses-discute-o-combate-a-dengue-pag-03.jpeg\" alt=\"\" class=\"wp-image-5152\" srcset=\"http:\/\/blogdoarmindomaia.com.br\/wp-content\/uploads\/2023\/05\/Comite-de-Enfrentamento-a-Arboviroses-discute-o-combate-a-dengue-pag-03.jpeg 1024w, http:\/\/blogdoarmindomaia.com.br\/wp-content\/uploads\/2023\/05\/Comite-de-Enfrentamento-a-Arboviroses-discute-o-combate-a-dengue-pag-03-300x200.jpeg 300w, http:\/\/blogdoarmindomaia.com.br\/wp-content\/uploads\/2023\/05\/Comite-de-Enfrentamento-a-Arboviroses-discute-o-combate-a-dengue-pag-03-768x512.jpeg 768w\" sizes=\"auto, (max-width: 1024px) 100vw, 1024px\" \/><\/figure>\n\n\n\n<p>O Comit\u00ea Municipal de Enfrentamento a Arboviroses se reuniu no final da semana passada para discutir a\u00e7\u00f5es de combate ao mosquito Aedes Aegypti, que \u00e9 o transmissor da dengue, zika e febre chikungunya. A reuni\u00e3o teve como objetivo atualizar a situa\u00e7\u00e3o das doen\u00e7as na cidade e planejar estrat\u00e9gias para combater o mosquito.<br><br>At\u00e9 o momento s\u00e3o 2.491 notifica\u00e7\u00f5es, 705 casos positivos e um \u00f3bito de dengue registrados em 2023.&nbsp; Em rela\u00e7\u00e3o \u00e0 febre chikungunya, foram registrados dois casos positivos da doen\u00e7a. N\u00e3o h\u00e1 nenhuma notifica\u00e7\u00e3o de casos suspeitos do zikav\u00edrus at\u00e9 o momento.<br><br>O bi\u00f3logo da Vigil\u00e2ncia Ambiental, Fabricio de \u00c1vila Ferreira, afirma que o apoio da popula\u00e7\u00e3o no combate ao mosquito \u00e9 fundamental. \u201cNosso levantamento de \u00edndice larv\u00e1rio apontou que a maioria dos focos dos mosquitos est\u00e1 no interior dos domic\u00edlios. Portanto, o papel da popula\u00e7\u00e3o \u00e9 primordial\u201d, ressalta.<br><br>\u201cV\u00e1rias parcerias foram firmadas principalmente no que se refere \u00e0 educa\u00e7\u00e3o em sa\u00fade, que \u00e9 o ponto chave na preven\u00e7\u00e3o de qualquer doen\u00e7a, onde a sensibiliza\u00e7\u00e3o pode ocasionar mudan\u00e7a de comportamento das pessoas\u201d, completa o bi\u00f3logo.<br><br>As equipes da Vigil\u00e2ncia Sanit\u00e1ria realizam diversas a\u00e7\u00f5es na cidade no combate ao mosquito. Mutir\u00f5es de limpeza, visitas em im\u00f3veis e palestras nas escolas municipais s\u00e3o algumas das atividades promovidas para conscientizar e alertar a popula\u00e7\u00e3o sobre a dengue e outras doen\u00e7as causadas pelo mosquito Aedes aegypti.<\/p>\n","protected":false},"excerpt":{"rendered":"<p>O Comit\u00ea Municipal de Enfrentamento a Arboviroses se reuniu no final da semana passada para discutir a\u00e7\u00f5es de combate ao<\/p>\n","protected":false},"author":2,"featured_media":5152,"comment_status":"open","ping_status":"open","sticky":false,"template":"","format":"standard","meta":{"footnotes":""},"categories":[9,11],"tags":[],"class_list":["post-5151","post","type-post","status-publish","format-standard","has-post-thumbnail","hentry","category-araxa","category-destaques"],"_links":{"self":[{"href":"http:\/\/blogdoarmindomaia.com.br\/index.php?rest_route=\/wp\/v2\/posts\/5151","targetHints":{"allow":["GET"]}}],"collection":[{"href":"http:\/\/blogdoarmindomaia.com.br\/index.php?rest_route=\/wp\/v2\/posts"}],"about":[{"href":"http:\/\/blogdoarmindomaia.com.br\/index.php?rest_route=\/wp\/v2\/types\/post"}],"author":[{"embeddable":true,"href":"http:\/\/blogdoarmindomaia.com.br\/index.php?rest_route=\/wp\/v2\/users\/2"}],"replies":[{"embeddable":true,"href":"http:\/\/blogdoarmindomaia.com.br\/index.php?rest_route=%2Fwp%2Fv2%2Fcomments&post=5151"}],"version-history":[{"count":1,"href":"http:\/\/blogdoarmindomaia.com.br\/index.php?rest_route=\/wp\/v2\/posts\/5151\/revisions"}],"predecessor-version":[{"id":5153,"href":"http:\/\/blogdoarmindomaia.com.br\/index.php?rest_route=\/wp\/v2\/posts\/5151\/revisions\/5153"}],"wp:featuredmedia":[{"embeddable":true,"href":"http:\/\/blogdoarmindomaia.com.br\/index.php?rest_route=\/wp\/v2\/media\/5152"}],"wp:attachment":[{"href":"http:\/\/blogdoarmindomaia.com.br\/index.php?rest_route=%2Fwp%2Fv2%2Fmedia&parent=5151"}],"wp:term":[{"taxonomy":"category","embeddable":true,"href":"http:\/\/blogdoarmindomaia.com.br\/index.php?rest_route=%2Fwp%2Fv2%2Fcategories&post=5151"},{"taxonomy":"post_tag","embeddable":true,"href":"http:\/\/blogdoarmindomaia.com.br\/index.php?rest_route=%2Fwp%2Fv2%2Ftags&post=5151"}],"curies":[{"name":"wp","href":"https:\/\/api.w.org\/{rel}","templated":true}]}}