{"id":5159,"date":"2023-05-19T15:46:47","date_gmt":"2023-05-19T18:46:47","guid":{"rendered":"http:\/\/blogdoarmindomaia.com.br\/?p=5159"},"modified":"2023-05-19T15:46:51","modified_gmt":"2023-05-19T18:46:51","slug":"vem-ai-o-agro-e-show-mais-um-evento-que-vai-movimentar-araxa-em-julho","status":"publish","type":"post","link":"http:\/\/blogdoarmindomaia.com.br\/?p=5159","title":{"rendered":"Vem a\u00ed o Agro \u00e9 Show, mais um evento que vai movimentar Arax\u00e1 em julho"},"content":{"rendered":"\n<figure class=\"wp-block-image size-full is-style-default\"><img loading=\"lazy\" decoding=\"async\" width=\"1000\" height=\"667\" src=\"http:\/\/blogdoarmindomaia.com.br\/wp-content\/uploads\/2023\/05\/design-sem-nome-57_1000x667.jpg\" alt=\"\" class=\"wp-image-5160\" srcset=\"http:\/\/blogdoarmindomaia.com.br\/wp-content\/uploads\/2023\/05\/design-sem-nome-57_1000x667.jpg 1000w, http:\/\/blogdoarmindomaia.com.br\/wp-content\/uploads\/2023\/05\/design-sem-nome-57_1000x667-300x200.jpg 300w, http:\/\/blogdoarmindomaia.com.br\/wp-content\/uploads\/2023\/05\/design-sem-nome-57_1000x667-768x512.jpg 768w\" sizes=\"auto, (max-width: 1000px) 100vw, 1000px\" \/><\/figure>\n\n\n\n<figure class=\"wp-block-image size-large is-style-default\"><img loading=\"lazy\" decoding=\"async\" width=\"1024\" height=\"576\" src=\"http:\/\/blogdoarmindomaia.com.br\/wp-content\/uploads\/2023\/05\/eb5f7d49-ee5f-4b17-8eb6-5845e60d5de7-1024x576.jpg\" alt=\"\" class=\"wp-image-5161\" srcset=\"http:\/\/blogdoarmindomaia.com.br\/wp-content\/uploads\/2023\/05\/eb5f7d49-ee5f-4b17-8eb6-5845e60d5de7-1024x576.jpg 1024w, http:\/\/blogdoarmindomaia.com.br\/wp-content\/uploads\/2023\/05\/eb5f7d49-ee5f-4b17-8eb6-5845e60d5de7-300x169.jpg 300w, http:\/\/blogdoarmindomaia.com.br\/wp-content\/uploads\/2023\/05\/eb5f7d49-ee5f-4b17-8eb6-5845e60d5de7-768x432.jpg 768w, http:\/\/blogdoarmindomaia.com.br\/wp-content\/uploads\/2023\/05\/eb5f7d49-ee5f-4b17-8eb6-5845e60d5de7-1536x864.jpg 1536w, http:\/\/blogdoarmindomaia.com.br\/wp-content\/uploads\/2023\/05\/eb5f7d49-ee5f-4b17-8eb6-5845e60d5de7.jpg 1600w\" sizes=\"auto, (max-width: 1024px) 100vw, 1024px\" \/><\/figure>\n\n\n\n<figure class=\"wp-block-image size-full is-style-default\"><img loading=\"lazy\" decoding=\"async\" width=\"650\" height=\"569\" src=\"http:\/\/blogdoarmindomaia.com.br\/wp-content\/uploads\/2023\/05\/Eryan-Barbosa-organizador.jpg\" alt=\"\" class=\"wp-image-5162\" srcset=\"http:\/\/blogdoarmindomaia.com.br\/wp-content\/uploads\/2023\/05\/Eryan-Barbosa-organizador.jpg 650w, http:\/\/blogdoarmindomaia.com.br\/wp-content\/uploads\/2023\/05\/Eryan-Barbosa-organizador-300x263.jpg 300w\" sizes=\"auto, (max-width: 650px) 100vw, 650px\" \/><\/figure>\n\n\n\n<p>A noite da \u00faltima ter\u00e7a feira em Arax\u00e1, foi lan\u00e7amento. Vem a\u00ed mais um grande evento art\u00edstico, cultural e de neg\u00f3cios que ir\u00e1 movimentar a cidade, gerar renda, aquecer a economia, fomentar emprego e servi\u00e7os, proporcionar grandes oportunidades de neg\u00f3cios e \u00e9 claro entreter e ofertar grandes show art\u00edsticos e musicais para toda a fam\u00edlia, com uma grade de artistas de renome nacional . O evento ter\u00e1 como palco o espa\u00e7o da Expominas de Arax\u00e1 entre os dias 13 e 16 de julho. O Jornal Intera\u00e7\u00e3o esteve presente no evento de lan\u00e7amento do Agro \u00e9 Show e anotou todos os detalhes e novidades de mais um evento top na cidade. Em entrevista exclusiva, um dos organizadores da festa, Eryan Barbosa, disse que, &#8221; esse ser\u00e1 um grande evento. N\u00f3s planejamos tudo com muito crit\u00e9rio para agradar a todos os p\u00fablicos. E o mais importante \u00e9 que entre nossos apoiadores, conseguimos a parceria m\u00e1ster do Sindicato Rural de Arax\u00e1, na pessoa do presidente Osmar e toda a diretoria que abra\u00e7aram com muito entusiasmo o evento&#8221;. Ainda de acordo com Barbosa, &#8220;al\u00e9m das in\u00fameras atra\u00e7\u00f5es art\u00edsticas e musicais de express\u00e3o nacional, nos teremos outras op\u00e7\u00f5es para o p\u00fablico que for prestigiar e conferir o Agro \u00e9 Show. Teremos espa\u00e7o para stands comerciais e empres\u00e1rias para promover e valorizar produtos, servi\u00e7os e empresas. Outra novidade ser\u00e3o as feiras de lou\u00e7a e malhas e tamb\u00e9m um espa\u00e7o variado de gastronomia, com o melhor da nossa comida e bebidas&#8221;. No campo das atra\u00e7\u00f5es art\u00edsticas e shows musicais a edi\u00e7\u00e3o 2023 do Agro \u00e9 Show, ter\u00e1 as seguintes atra\u00e7\u00f5es: Eduardo Costa, Obaoba, Maria Cec\u00edlia e Rodolfo, Molejo, Alan e Alex e Octus. Ainda segundo o organizador, &#8221; n\u00f3s vamos trazer muita inova\u00e7\u00e3o do agro em rela\u00e7\u00e3o a maquin\u00e1rio, insumos agr\u00edcolas, implementos e tudo aquilo que tiver de novidade e tecnologia no agro na atualidade&#8221;.<\/p>\n","protected":false},"excerpt":{"rendered":"<p>A noite da \u00faltima ter\u00e7a feira em Arax\u00e1, foi lan\u00e7amento. Vem a\u00ed mais um grande evento art\u00edstico, cultural e de<\/p>\n","protected":false},"author":2,"featured_media":5160,"comment_status":"open","ping_status":"open","sticky":false,"template":"","format":"standard","meta":{"footnotes":""},"categories":[9,5,11],"tags":[],"class_list":["post-5159","post","type-post","status-publish","format-standard","has-post-thumbnail","hentry","category-araxa","category-arte-e-cultura","category-destaques"],"_links":{"self":[{"href":"http:\/\/blogdoarmindomaia.com.br\/index.php?rest_route=\/wp\/v2\/posts\/5159","targetHints":{"allow":["GET"]}}],"collection":[{"href":"http:\/\/blogdoarmindomaia.com.br\/index.php?rest_route=\/wp\/v2\/posts"}],"about":[{"href":"http:\/\/blogdoarmindomaia.com.br\/index.php?rest_route=\/wp\/v2\/types\/post"}],"author":[{"embeddable":true,"href":"http:\/\/blogdoarmindomaia.com.br\/index.php?rest_route=\/wp\/v2\/users\/2"}],"replies":[{"embeddable":true,"href":"http:\/\/blogdoarmindomaia.com.br\/index.php?rest_route=%2Fwp%2Fv2%2Fcomments&post=5159"}],"version-history":[{"count":1,"href":"http:\/\/blogdoarmindomaia.com.br\/index.php?rest_route=\/wp\/v2\/posts\/5159\/revisions"}],"predecessor-version":[{"id":5163,"href":"http:\/\/blogdoarmindomaia.com.br\/index.php?rest_route=\/wp\/v2\/posts\/5159\/revisions\/5163"}],"wp:featuredmedia":[{"embeddable":true,"href":"http:\/\/blogdoarmindomaia.com.br\/index.php?rest_route=\/wp\/v2\/media\/5160"}],"wp:attachment":[{"href":"http:\/\/blogdoarmindomaia.com.br\/index.php?rest_route=%2Fwp%2Fv2%2Fmedia&parent=5159"}],"wp:term":[{"taxonomy":"category","embeddable":true,"href":"http:\/\/blogdoarmindomaia.com.br\/index.php?rest_route=%2Fwp%2Fv2%2Fcategories&post=5159"},{"taxonomy":"post_tag","embeddable":true,"href":"http:\/\/blogdoarmindomaia.com.br\/index.php?rest_route=%2Fwp%2Fv2%2Ftags&post=5159"}],"curies":[{"name":"wp","href":"https:\/\/api.w.org\/{rel}","templated":true}]}}