{"id":5164,"date":"2023-05-19T15:58:40","date_gmt":"2023-05-19T18:58:40","guid":{"rendered":"http:\/\/blogdoarmindomaia.com.br\/?p=5164"},"modified":"2023-05-19T15:58:42","modified_gmt":"2023-05-19T18:58:42","slug":"documentario-retratando-os-100-anos-do-grupo-zema-emociona-e-deixa-licoes","status":"publish","type":"post","link":"http:\/\/blogdoarmindomaia.com.br\/?p=5164","title":{"rendered":"Document\u00e1rio retratando Os 100 anos do Grupo Zema, emociona e deixa li\u00e7\u00f5es"},"content":{"rendered":"\n<figure class=\"wp-block-image size-large is-style-default\"><img loading=\"lazy\" decoding=\"async\" width=\"1024\" height=\"662\" src=\"http:\/\/blogdoarmindomaia.com.br\/wp-content\/uploads\/2023\/05\/convidados-assistindo-ao-documentario-1024x662.jpg\" alt=\"\" class=\"wp-image-5165\" srcset=\"http:\/\/blogdoarmindomaia.com.br\/wp-content\/uploads\/2023\/05\/convidados-assistindo-ao-documentario-1024x662.jpg 1024w, http:\/\/blogdoarmindomaia.com.br\/wp-content\/uploads\/2023\/05\/convidados-assistindo-ao-documentario-300x194.jpg 300w, http:\/\/blogdoarmindomaia.com.br\/wp-content\/uploads\/2023\/05\/convidados-assistindo-ao-documentario-768x496.jpg 768w, http:\/\/blogdoarmindomaia.com.br\/wp-content\/uploads\/2023\/05\/convidados-assistindo-ao-documentario.jpg 1080w\" sizes=\"auto, (max-width: 1024px) 100vw, 1024px\" \/><\/figure>\n\n\n\n<p>Em um mundo cada vez mais inundado por mensagens publicit\u00e1rias, encontrar uma ag\u00eancia de propaganda que se destaca pela sua qualidade, criatividade, sensibilidade e impacto pode ser um verdadeiro desafio. Durante a festa de comemora\u00e7\u00e3o dos 100 anos de atividades do Grupo Zema o document\u00e1rio apresentado durante a celebra\u00e7\u00e3o produzido&nbsp; pela Ag\u00eancia Campos Propaganda, surpreendeu, pela qualidade apresentada; transmitiu muita emo\u00e7\u00e3o e encantou a todos.<\/p>\n\n\n\n<p>O document\u00e1rio, 100 anos do Grupo Zema, veio coroar este sucesso e esta historia fant\u00e1stica de luta, supera\u00e7\u00e3o,vitorias e muito trabalho. A homenagem concedida \u00e0 ag\u00eancia produtora do document\u00e1rio reflete o reconhecimento de seu trabalho not\u00e1vel e muito justo aos olhos de quem pode assistir<\/p>\n\n\n\n<p>Produtor Bruno Campos fala sobre do desafio e prazer de realizar esta grande obra.<\/p>\n\n\n\n<figure class=\"wp-block-image size-large is-style-default\"><img loading=\"lazy\" decoding=\"async\" width=\"768\" height=\"1024\" src=\"http:\/\/blogdoarmindomaia.com.br\/wp-content\/uploads\/2023\/05\/Bruno-e-Celio-Campos-768x1024.jpg\" alt=\"\" class=\"wp-image-5166\" srcset=\"http:\/\/blogdoarmindomaia.com.br\/wp-content\/uploads\/2023\/05\/Bruno-e-Celio-Campos-768x1024.jpg 768w, http:\/\/blogdoarmindomaia.com.br\/wp-content\/uploads\/2023\/05\/Bruno-e-Celio-Campos-225x300.jpg 225w, http:\/\/blogdoarmindomaia.com.br\/wp-content\/uploads\/2023\/05\/Bruno-e-Celio-Campos-1152x1536.jpg 1152w, http:\/\/blogdoarmindomaia.com.br\/wp-content\/uploads\/2023\/05\/Bruno-e-Celio-Campos.jpg 1200w\" sizes=\"auto, (max-width: 768px) 100vw, 768px\" \/><\/figure>\n\n\n\n<p>A produ\u00e7\u00e3o do Document\u00e1rio Zema 100 Anos foi algo \u00fanico. Foi muito mais do que um simples trabalho, foi um grande desafio. A cada dia de grava\u00e7\u00e3o, descobr\u00edamos fatos incr\u00edveis e nos depar\u00e1vamos com a imensa quantidade de conte\u00fado capturado. Realizamos mais de 15 horas de entrevistas, nas quais ouvimos hist\u00f3rias inusitadas e detalhes de passagens importantes que ocorreram ao longo desses 100 anos. Al\u00e9m disso, t\u00ednhamos v\u00e1rios arquivos de \u00e1udio, v\u00eddeo e fotografias que faziam parte do acervo da fam\u00edlia, e encontramos muitos outros por meio de pesquisas.<\/p>\n\n\n\n<p>Dirigir a produ\u00e7\u00e3o deste material foi algo que me emocionou muito. Afinal, meus primeiros passos no mundo audiovisual foram acompanhando meus pais, C\u00e9lio Campos e Silvana Borges, na produ\u00e7\u00e3o dos comerciais do Grupo Zema no in\u00edcio da d\u00e9cada de 90. Eles foram uma das primeiras ag\u00eancias do grupo. Foi uma experi\u00eancia extraordin\u00e1ria poder voltar \u00e0s ra\u00edzes e honrar o legado da minha fam\u00edlia atrav\u00e9s deste document\u00e1rio.<\/p>\n\n\n\n<p>Resumir tudo isso em apenas 23 minutos foi um verdadeiro desafio. Al\u00e9m de contar uma hist\u00f3ria real atrav\u00e9s dos depoimentos coletados, tamb\u00e9m recriamos algumas cenas que foram marcos importantes na trajet\u00f3ria. \u00c9 claro que gostar\u00edamos de incluir mais detalhes, mas tivemos que ser objetivos e estabelecer uma linha de edi\u00e7\u00e3o que tornasse a hist\u00f3ria o mais compreens\u00edvel poss\u00edvel.<\/p>\n\n\n\n<p>Para reconstituir as cenas, foi necess\u00e1rio um longo trabalho de sele\u00e7\u00e3o de elenco, buscando atores que se assemelhassem o m\u00e1ximo poss\u00edvel \u00e0s pessoas que estavam sendo representadas. Al\u00e9m disso, todo o figurino utilizado foi trazido do Rio de Janeiro, com fidelidade \u00e0s \u00e9pocas retratadas em cada cena. Um fato interessante \u00e9 que as reconstitui\u00e7\u00f5es foram feitas usando objetos reais de cada \u00e9poca, combinados com t\u00e9cnicas de chroma-key, assim como nas grandes produ\u00e7\u00f5es cinematogr\u00e1ficas atuais.<\/p>\n\n\n\n<p>Ao longo dos meus 19 anos de carreira, tive a oportunidade de trabalhar em diversas produ\u00e7\u00f5es, como campanhas pol\u00edticas, filmes publicit\u00e1rios, clipes musicais e longas-metragens. No entanto, a produ\u00e7\u00e3o deste document\u00e1rio certamente se destaca como um dos projetos mais importantes da minha carreira.<\/p>\n\n\n\n<p>Bruno fala da trajet\u00f3ria do patriarca \u00a0C\u00e9lio Campos para adquirir a bagagem para criar a Campos Propaganda para juntos constru\u00edrem conquistarem espa\u00e7o em um mercado muito dif\u00edcil.<\/p>\n\n\n\n<p><\/p>\n\n\n\n<p>C\u00e9lio Campos \u00e9 uma figura ic\u00f4nica em Arax\u00e1-MG, reconhecido por suas contribui\u00e7\u00f5es significativas no campo da comunica\u00e7\u00e3o e publicidade na regi\u00e3o. Sua hist\u00f3ria na cidade come\u00e7ou em 1982, quando chegou como funcion\u00e1rio da antiga TV Tri\u00e2ngulo, afiliada da Rede Globo, que hoje \u00e9 conhecida como TV Integra\u00e7\u00e3o. Sua miss\u00e3o era implantar a sucursal da emissora na regi\u00e3o, desempenhando um papel fundamental no desenvolvimento da televis\u00e3o local.<\/p>\n\n\n\n<figure class=\"wp-block-image size-large is-style-default\"><img loading=\"lazy\" decoding=\"async\" width=\"1024\" height=\"732\" src=\"http:\/\/blogdoarmindomaia.com.br\/wp-content\/uploads\/2023\/05\/Ricardo-Zema-e-Celio-Campos-1024x732.jpg\" alt=\"\" class=\"wp-image-5167\" srcset=\"http:\/\/blogdoarmindomaia.com.br\/wp-content\/uploads\/2023\/05\/Ricardo-Zema-e-Celio-Campos-1024x732.jpg 1024w, http:\/\/blogdoarmindomaia.com.br\/wp-content\/uploads\/2023\/05\/Ricardo-Zema-e-Celio-Campos-300x214.jpg 300w, http:\/\/blogdoarmindomaia.com.br\/wp-content\/uploads\/2023\/05\/Ricardo-Zema-e-Celio-Campos-768x549.jpg 768w, http:\/\/blogdoarmindomaia.com.br\/wp-content\/uploads\/2023\/05\/Ricardo-Zema-e-Celio-Campos.jpg 1080w\" sizes=\"auto, (max-width: 1024px) 100vw, 1024px\" \/><\/figure>\n\n\n\n<p>Em 1991, C\u00e9lio Campos deu mais um passo importante em sua carreira ao implantar a TV Jaguara, uma emissora que se tornou refer\u00eancia na cidade. Com sua vis\u00e3o empreendedora, ele trouxe novas op\u00e7\u00f5es de entretenimento e informa\u00e7\u00e3o para a popula\u00e7\u00e3o de Arax\u00e1, fortalecendo o cen\u00e1rio televisivo local.<\/p>\n\n\n\n<p>Em 1995, C\u00e9lio fundou a Campos Propaganda, uma ag\u00eancia de publicidade que se tornou uma das mais respeitadas e influentes da regi\u00e3o. Nessa empreitada, contou com a parceria de sua ex-mulher Silvana Borges, juntos, eles atendiam diversas empresas de Arax\u00e1 e regi\u00e3o, incluindo o renomado Grupo Zema. A Campos Propaganda tornou-se sin\u00f4nimo de qualidade e criatividade, deixando sua marca nos an\u00fancios e campanhas publicit\u00e1rias locais.<\/p>\n\n\n\n<p>Com o passar dos anos, C\u00e9lio Campos tamb\u00e9m viu a oportunidade de compartilhar sua expertise com as gera\u00e7\u00f5es futuras. Ele introduziu seu filho, Bruno Campos, no mundo publicit\u00e1rio, ensinando-lhe os primeiros passos e segredos da ind\u00fastria. Bruno, seguindo os passos do pai, demonstrou grande habilidade e paix\u00e3o pelo mercado da produ\u00e7\u00e3o audiovisual. Com o apoio e orienta\u00e7\u00e3o de C\u00e9lio, ele tamb\u00e9m se estabeleceu nesse setor, expandindo ainda mais o legado da fam\u00edlia Campos no campo da comunica\u00e7\u00e3o.<\/p>\n\n\n\n<p>C\u00e9lio Campos \u00e9 um exemplo de profissional comprometido, vision\u00e1rio e empreendedor. Sua trajet\u00f3ria e contribui\u00e7\u00f5es na \u00e1rea da comunica\u00e7\u00e3o e publicidade em Arax\u00e1 e regi\u00e3o s\u00e3o dignas de reconhecimento e admira\u00e7\u00e3o. Seu trabalho na implanta\u00e7\u00e3o de emissoras de televis\u00e3o e na funda\u00e7\u00e3o da Campos Propaganda deixou um legado duradouro e positivo para a comunidade local, al\u00e9m de ter inspirado novas gera\u00e7\u00f5es de profissionais na \u00e1rea.<\/p>\n\n\n\n<figure class=\"wp-block-image size-full is-style-default\"><img loading=\"lazy\" decoding=\"async\" width=\"313\" height=\"416\" src=\"http:\/\/blogdoarmindomaia.com.br\/wp-content\/uploads\/2023\/05\/FOTO1.jpg\" alt=\"\" class=\"wp-image-5168\" srcset=\"http:\/\/blogdoarmindomaia.com.br\/wp-content\/uploads\/2023\/05\/FOTO1.jpg 313w, http:\/\/blogdoarmindomaia.com.br\/wp-content\/uploads\/2023\/05\/FOTO1-226x300.jpg 226w\" sizes=\"auto, (max-width: 313px) 100vw, 313px\" \/><\/figure>\n\n\n\n<figure class=\"wp-block-image size-full is-style-default\"><img loading=\"lazy\" decoding=\"async\" width=\"311\" height=\"415\" src=\"http:\/\/blogdoarmindomaia.com.br\/wp-content\/uploads\/2023\/05\/foto2.jpg\" alt=\"\" class=\"wp-image-5169\" srcset=\"http:\/\/blogdoarmindomaia.com.br\/wp-content\/uploads\/2023\/05\/foto2.jpg 311w, http:\/\/blogdoarmindomaia.com.br\/wp-content\/uploads\/2023\/05\/foto2-225x300.jpg 225w\" sizes=\"auto, (max-width: 311px) 100vw, 311px\" \/><\/figure>\n\n\n\n<figure class=\"wp-block-image size-full is-style-default\"><img loading=\"lazy\" decoding=\"async\" width=\"304\" height=\"404\" src=\"http:\/\/blogdoarmindomaia.com.br\/wp-content\/uploads\/2023\/05\/foto5.jpg\" alt=\"\" class=\"wp-image-5170\" srcset=\"http:\/\/blogdoarmindomaia.com.br\/wp-content\/uploads\/2023\/05\/foto5.jpg 304w, http:\/\/blogdoarmindomaia.com.br\/wp-content\/uploads\/2023\/05\/foto5-226x300.jpg 226w\" sizes=\"auto, (max-width: 304px) 100vw, 304px\" \/><\/figure>\n\n\n\n<figure class=\"wp-block-image size-full is-style-default\"><img loading=\"lazy\" decoding=\"async\" width=\"543\" height=\"407\" src=\"http:\/\/blogdoarmindomaia.com.br\/wp-content\/uploads\/2023\/05\/foto7.jpg\" alt=\"\" class=\"wp-image-5171\" srcset=\"http:\/\/blogdoarmindomaia.com.br\/wp-content\/uploads\/2023\/05\/foto7.jpg 543w, http:\/\/blogdoarmindomaia.com.br\/wp-content\/uploads\/2023\/05\/foto7-300x225.jpg 300w\" sizes=\"auto, (max-width: 543px) 100vw, 543px\" \/><\/figure>\n\n\n\n<p><\/p>\n","protected":false},"excerpt":{"rendered":"<p>Em um mundo cada vez mais inundado por mensagens publicit\u00e1rias, encontrar uma ag\u00eancia de propaganda que se destaca pela sua<\/p>\n","protected":false},"author":2,"featured_media":5165,"comment_status":"open","ping_status":"open","sticky":false,"template":"","format":"standard","meta":{"footnotes":""},"categories":[9,11],"tags":[],"class_list":["post-5164","post","type-post","status-publish","format-standard","has-post-thumbnail","hentry","category-araxa","category-destaques"],"_links":{"self":[{"href":"http:\/\/blogdoarmindomaia.com.br\/index.php?rest_route=\/wp\/v2\/posts\/5164","targetHints":{"allow":["GET"]}}],"collection":[{"href":"http:\/\/blogdoarmindomaia.com.br\/index.php?rest_route=\/wp\/v2\/posts"}],"about":[{"href":"http:\/\/blogdoarmindomaia.com.br\/index.php?rest_route=\/wp\/v2\/types\/post"}],"author":[{"embeddable":true,"href":"http:\/\/blogdoarmindomaia.com.br\/index.php?rest_route=\/wp\/v2\/users\/2"}],"replies":[{"embeddable":true,"href":"http:\/\/blogdoarmindomaia.com.br\/index.php?rest_route=%2Fwp%2Fv2%2Fcomments&post=5164"}],"version-history":[{"count":1,"href":"http:\/\/blogdoarmindomaia.com.br\/index.php?rest_route=\/wp\/v2\/posts\/5164\/revisions"}],"predecessor-version":[{"id":5172,"href":"http:\/\/blogdoarmindomaia.com.br\/index.php?rest_route=\/wp\/v2\/posts\/5164\/revisions\/5172"}],"wp:featuredmedia":[{"embeddable":true,"href":"http:\/\/blogdoarmindomaia.com.br\/index.php?rest_route=\/wp\/v2\/media\/5165"}],"wp:attachment":[{"href":"http:\/\/blogdoarmindomaia.com.br\/index.php?rest_route=%2Fwp%2Fv2%2Fmedia&parent=5164"}],"wp:term":[{"taxonomy":"category","embeddable":true,"href":"http:\/\/blogdoarmindomaia.com.br\/index.php?rest_route=%2Fwp%2Fv2%2Fcategories&post=5164"},{"taxonomy":"post_tag","embeddable":true,"href":"http:\/\/blogdoarmindomaia.com.br\/index.php?rest_route=%2Fwp%2Fv2%2Ftags&post=5164"}],"curies":[{"name":"wp","href":"https:\/\/api.w.org\/{rel}","templated":true}]}}